{"id":580,"date":"2015-07-03T19:37:01","date_gmt":"2015-07-03T18:37:01","guid":{"rendered":"http:\/\/blogs.elnortedecastilla.es\/robertocarbajal\/?p=580"},"modified":"2015-07-03T19:37:01","modified_gmt":"2015-07-03T18:37:01","slug":"el-dichoso-aparato","status":"publish","type":"post","link":"https:\/\/blogs.elnortedecastilla.es\/robertocarbajal\/2015\/07\/03\/el-dichoso-aparato\/","title":{"rendered":"El dichoso aparato"},"content":{"rendered":"<p>Houston, tenemos un problema. No es que estemos en la Luna, pero casi. \u00bfQu\u00e9 diablos est\u00e1 pasando con los mal llamados tel\u00e9fonos m\u00f3viles? La gente parece un ej\u00e9rcito de zombis. Desde que existe el Whatsapp, el personal se ha vuelto loco. Salen de casa mirando el tel\u00e9fono absortos, cruzan la calle sin levantar la vista de la pantalla sin importarles el tr\u00e1fico. Si no recibes un mensaje no existes, es como si nadie te considerase, eres un paria. Eso de pasarse el d\u00eda &#8216;guasapeando&#8217; se ha convertido en un asco. Paradojas de la vida, ha aumentado la comunicaci\u00f3n gracias al aparatajo, pero se ha reducido la normalidad de las tertulias vis a vis entre las pandillas. Hay quien confiesa abiertamente que no puede salir de casa sin el m\u00f3vil, que lo necesita a todas horas. Por eso no es de extra\u00f1ar que los excesos y el mal uso hayan conducido a muchos espa\u00f1olitos hacia la consulta m\u00e9dica. En Espa\u00f1a ya se han creado unidades de desintoxicaci\u00f3n, lo que demuestra la magnitud del problema. Y es s\u00f3lo el principio, porque pronto los afectados ser\u00e1n legi\u00f3n.<\/p>\n<p>Siempre pens\u00e9 que m\u00f3viles \u00e9ramos los seres humanos. El tel\u00e9fono celular no es m\u00f3vil, sino portable, un complemento similar a un pa\u00f1uelo. Al principio, eran enormes. Paulatinamente, fueron reduciendo su tama\u00f1o y, en fin, la tendencia ahora es fabricarlos cada vez m\u00e1s grandes. Si no tienes el \u00faltimo modelo de tel\u00e9fono inteligente est\u00e1s caducado y eres la diana de todas las bromas. Concretamente, el m\u00edo es del siglo XV antes de Cristo, pero mientras pueda llamar y enviar alg\u00fan mensaje lo dem\u00e1s me la trae al pairo. Llaman a los celulares &#8216;inteligentes&#8217;, y tienen raz\u00f3n: cuanto m\u00e1s inteligentes son los m\u00f3viles, menos lo es la gente. La inteligencia, como la energ\u00eda, no se genera, sino que se transforma, pasa de un ente a otro. Qu\u00e9 tiempos aquellos en los que el tel\u00e9fono negro de baquelita estaba en todas partes. Si alguien quiere dar el campanazo y estar a la \u00faltima, que se ate uno al cinto; seguro que es fuente de todas las miradas. La moda es de lo m\u00e1s tonto, la verdad.<br \/>\n\u00a0<br \/>\n<em>Publicado en El Norte de Castilla el 2 de julio de 2015<\/em><\/p>\n","protected":false},"excerpt":{"rendered":"<p>Houston, tenemos un problema. No es que estemos en la Luna, pero casi. \u00bfQu\u00e9 diablos est\u00e1 pasando con los mal llamados tel\u00e9fonos m\u00f3viles? La gente parece un ej\u00e9rcito de zombis. Desde que existe el Whatsapp, el personal se ha vuelto loco. Salen de casa mirando el tel\u00e9fono absortos, cruzan la calle sin levantar la vista [&hellip;]<\/p>\n","protected":false},"author":8,"featured_media":0,"comment_status":"open","ping_status":"open","sticky":false,"template":"","format":"standard","meta":[],"categories":[3],"tags":[],"_links":{"self":[{"href":"https:\/\/blogs.elnortedecastilla.es\/robertocarbajal\/wp-json\/wp\/v2\/posts\/580"}],"collection":[{"href":"https:\/\/blogs.elnortedecastilla.es\/robertocarbajal\/wp-json\/wp\/v2\/posts"}],"about":[{"href":"https:\/\/blogs.elnortedecastilla.es\/robertocarbajal\/wp-json\/wp\/v2\/types\/post"}],"author":[{"embeddable":true,"href":"https:\/\/blogs.elnortedecastilla.es\/robertocarbajal\/wp-json\/wp\/v2\/users\/8"}],"replies":[{"embeddable":true,"href":"https:\/\/blogs.elnortedecastilla.es\/robertocarbajal\/wp-json\/wp\/v2\/comments?post=580"}],"version-history":[{"count":0,"href":"https:\/\/blogs.elnortedecastilla.es\/robertocarbajal\/wp-json\/wp\/v2\/posts\/580\/revisions"}],"wp:attachment":[{"href":"https:\/\/blogs.elnortedecastilla.es\/robertocarbajal\/wp-json\/wp\/v2\/media?parent=580"}],"wp:term":[{"taxonomy":"category","embeddable":true,"href":"https:\/\/blogs.elnortedecastilla.es\/robertocarbajal\/wp-json\/wp\/v2\/categories?post=580"},{"taxonomy":"post_tag","embeddable":true,"href":"https:\/\/blogs.elnortedecastilla.es\/robertocarbajal\/wp-json\/wp\/v2\/tags?post=580"}],"curies":[{"name":"wp","href":"https:\/\/api.w.org\/{rel}","templated":true}]}}