{"id":924,"date":"2019-04-18T08:07:46","date_gmt":"2019-04-18T07:07:46","guid":{"rendered":"https:\/\/blogs.elnortedecastilla.es\/robertocarbajal\/?p=924"},"modified":"2019-04-16T17:45:54","modified_gmt":"2019-04-16T16:45:54","slug":"complejos-y-mala-baba","status":"publish","type":"post","link":"https:\/\/blogs.elnortedecastilla.es\/robertocarbajal\/2019\/04\/18\/complejos-y-mala-baba\/","title":{"rendered":"Complejos y mala baba"},"content":{"rendered":"<p>El dinero p\u00fablico est\u00e1 destinado a pagar los gastos de la Administraci\u00f3n, entre los que se incluyen los desplazamientos de las autoridades. El presidente del Gobierno es una de ellas, conviene no olvidarlo.<\/p>\n<p>Los cachorros del Partido Popular generaron una campa\u00f1a que ha durado tres d\u00edas para criticar el uso que Pedro S\u00e1nchez hace del avi\u00f3n presidencial. El modesto Falcon que el jefe del Ejecutivo utiliza para sus viajes. El PSOE se quej\u00f3 y el local de la calle Ferraz que hab\u00eda sido decorado con el letrero &#8216;Falcon Viajes&#8217; y con el lema \u201cPedro S\u00e1nchez viaja. Pagas t\u00fa\u201d ya ha sido repintado y retirada toda la parafernalia.<\/p>\n<p>Durante sus viajes oficiales, el expresidente Aznar viajaba en un avi\u00f3n de segunda mano, que dio un par de sustos a nuestro \u00e1ulico estadista. El entonces Pr\u00edncipe Felipe no pudo acudir a una cumbre iberoamericana porque el p\u00e1jaro que iba a trasladarlo a Sudam\u00e9rica se averiaba y no hab\u00eda manera de repararlo. Todos los aviones hab\u00edan sido adquiridos usados y reacondicionados y, claro, la imagen que daba Espa\u00f1a en el exterior era pat\u00e9tica.<\/p>\n<p>En los a\u00f1os ochenta el primer ministro sueco Olof Palme fue asesinado. Al mandatario escandinavo le gustaba acudir al cine sin escolta y viajar en transporte p\u00fablico. Una escolta relajada propici\u00f3 que a Mariano Rajoy le propinasen una hostia descomunal, a cargo de un tipo que se acerc\u00f3 a hacerse un &#8216;selfie&#8217;. Viene todo esto a cuento por la particular circunstancia de que el presidente del Gobierno ha de estar protegido ante cualquier amenaza. De igual forma, debe compatibilizar su agenda oficial con su vida privada y el avi\u00f3n presidencial es una herramienta \u00e1gil que contribuye a que sus obligaciones se desenvuelvan con eficacia. No veo clara la imagen del presidente en clase &#8216;business&#8217; o turista, acompa\u00f1ado de su equipo o, adem\u00e1s, regresar tras un concierto esperando la cola para subirse en un &#8216;jet&#8217; que le traiga de regreso a casa. Este es un pa\u00eds de acomplejados y es por ah\u00ed por donde se cuelan algunos para hacer da\u00f1o. En este caso, Okdiario, el digital que fue el mu\u00f1idor de esta pol\u00e9mica.<\/p>\n<p><em>Publicado en El Norte de Castilla el 17 de abril de 2019<\/em><\/p>\n","protected":false},"excerpt":{"rendered":"<p>El dinero p\u00fablico est\u00e1 destinado a pagar los gastos de la Administraci\u00f3n, entre los que se incluyen los desplazamientos de las autoridades. El presidente del Gobierno es una de ellas, conviene no olvidarlo. Los cachorros del Partido Popular generaron una campa\u00f1a que ha durado tres d\u00edas para criticar el uso que Pedro S\u00e1nchez hace del [&hellip;]<\/p>\n","protected":false},"author":8,"featured_media":0,"comment_status":"open","ping_status":"open","sticky":false,"template":"","format":"standard","meta":[],"categories":[3],"tags":[],"_links":{"self":[{"href":"https:\/\/blogs.elnortedecastilla.es\/robertocarbajal\/wp-json\/wp\/v2\/posts\/924"}],"collection":[{"href":"https:\/\/blogs.elnortedecastilla.es\/robertocarbajal\/wp-json\/wp\/v2\/posts"}],"about":[{"href":"https:\/\/blogs.elnortedecastilla.es\/robertocarbajal\/wp-json\/wp\/v2\/types\/post"}],"author":[{"embeddable":true,"href":"https:\/\/blogs.elnortedecastilla.es\/robertocarbajal\/wp-json\/wp\/v2\/users\/8"}],"replies":[{"embeddable":true,"href":"https:\/\/blogs.elnortedecastilla.es\/robertocarbajal\/wp-json\/wp\/v2\/comments?post=924"}],"version-history":[{"count":1,"href":"https:\/\/blogs.elnortedecastilla.es\/robertocarbajal\/wp-json\/wp\/v2\/posts\/924\/revisions"}],"predecessor-version":[{"id":925,"href":"https:\/\/blogs.elnortedecastilla.es\/robertocarbajal\/wp-json\/wp\/v2\/posts\/924\/revisions\/925"}],"wp:attachment":[{"href":"https:\/\/blogs.elnortedecastilla.es\/robertocarbajal\/wp-json\/wp\/v2\/media?parent=924"}],"wp:term":[{"taxonomy":"category","embeddable":true,"href":"https:\/\/blogs.elnortedecastilla.es\/robertocarbajal\/wp-json\/wp\/v2\/categories?post=924"},{"taxonomy":"post_tag","embeddable":true,"href":"https:\/\/blogs.elnortedecastilla.es\/robertocarbajal\/wp-json\/wp\/v2\/tags?post=924"}],"curies":[{"name":"wp","href":"https:\/\/api.w.org\/{rel}","templated":true}]}}