{"id":929,"date":"2019-05-02T08:07:59","date_gmt":"2019-05-02T07:07:59","guid":{"rendered":"https:\/\/blogs.elnortedecastilla.es\/robertocarbajal\/?p=929"},"modified":"2019-05-01T12:35:38","modified_gmt":"2019-05-01T11:35:38","slug":"desagravio","status":"publish","type":"post","link":"https:\/\/blogs.elnortedecastilla.es\/robertocarbajal\/2019\/05\/02\/desagravio\/","title":{"rendered":"Desagravio"},"content":{"rendered":"<p>Jos\u00e9 F\u00e9lix Tezanos no se presentaba a los comicios, pero ha sido el aut\u00e9ntico triunfador de la campa\u00f1a electoral. El presidente del CIS fue objeto de todas las cr\u00edticas como consecuencia de que los resultados de sus encuestas avanzaban una espectacular subida de los socialistas y el desplome del Partido Popular. Le acusaron de bogar en favor de Pedro S\u00e1nchez y de que &#8216;cocinaba&#8217; los datos de una forma escandalosa. Nadie crey\u00f3 en sus proyecciones. Lo pusieron en la picota, e incluso llegaron a pedir su cabeza, a pesar de las m\u00faltiples explicaciones dadas cuando comparec\u00eda ante los medios de comunicaci\u00f3n justificando la demoscopia.<\/p>\n<p>Durante la apasionante noche electoral, en las diversas tertulias se iba corroborando que Tezanos no hab\u00eda cocinado nada en su vida, que yo sepa. A lo sumo, tal vez sea un cocinillas en el \u00e1mbito familiar, pero el tiempo es un juez implacable que coloca a todo el mundo en su sitio. Los n\u00fameros que iba alumbrando el escrutinio eran clavaditos a los aventados por la encuesta oficial. Nadie le ha pedido disculpas, a pesar de haberlo arrastrado por el suelo al estilo de las pel\u00edculas del Oeste, da\u00f1ando su reputaci\u00f3n como experto en la materia. El caso es que quienes le atacaron se lamen ahora sus heridas, a la luz de los resultados catastr\u00f3ficos que han cosechado. Quienes sal\u00edan desfavorecidos re\u00edan ante las c\u00e1maras cuando eran preguntados por el particular y, salvo el Gobierno, casi nadie lo defendi\u00f3. El CIS siempre ha sido materia de pimpampum. A lo largo de la democracia este organismo p\u00fablico, que pregunta a los espa\u00f1oles sobre lo que opinan\u00a0de esto o aquello, ha tratado de librarse del manoseo de los pol\u00edticos. No obstante, goza de prestigio ante los ciudadanos. Adem\u00e1s, hemos de tener en cuenta que quienes trabajan en \u00e9l son funcionarios y deben realizar su tarea conforme a las reglas, sin incurrir en prevaricaci\u00f3n. Tienen la obligaci\u00f3n de denunciar cualquier tipo de presi\u00f3n pol\u00edtica, como cualquier trabajador p\u00fablico. Bendito CIS y bendita democracia, a pesar de todo. A\u00fan no he perdido la fe en ella.<\/p>\n<p><em>Publicado en El Norte de Castilla el 1 de mayo de 2019<\/em><\/p>\n","protected":false},"excerpt":{"rendered":"<p>Jos\u00e9 F\u00e9lix Tezanos no se presentaba a los comicios, pero ha sido el aut\u00e9ntico triunfador de la campa\u00f1a electoral. El presidente del CIS fue objeto de todas las cr\u00edticas como consecuencia de que los resultados de sus encuestas avanzaban una espectacular subida de los socialistas y el desplome del Partido Popular. Le acusaron de bogar [&hellip;]<\/p>\n","protected":false},"author":8,"featured_media":0,"comment_status":"open","ping_status":"open","sticky":false,"template":"","format":"standard","meta":[],"categories":[3],"tags":[],"_links":{"self":[{"href":"https:\/\/blogs.elnortedecastilla.es\/robertocarbajal\/wp-json\/wp\/v2\/posts\/929"}],"collection":[{"href":"https:\/\/blogs.elnortedecastilla.es\/robertocarbajal\/wp-json\/wp\/v2\/posts"}],"about":[{"href":"https:\/\/blogs.elnortedecastilla.es\/robertocarbajal\/wp-json\/wp\/v2\/types\/post"}],"author":[{"embeddable":true,"href":"https:\/\/blogs.elnortedecastilla.es\/robertocarbajal\/wp-json\/wp\/v2\/users\/8"}],"replies":[{"embeddable":true,"href":"https:\/\/blogs.elnortedecastilla.es\/robertocarbajal\/wp-json\/wp\/v2\/comments?post=929"}],"version-history":[{"count":2,"href":"https:\/\/blogs.elnortedecastilla.es\/robertocarbajal\/wp-json\/wp\/v2\/posts\/929\/revisions"}],"predecessor-version":[{"id":931,"href":"https:\/\/blogs.elnortedecastilla.es\/robertocarbajal\/wp-json\/wp\/v2\/posts\/929\/revisions\/931"}],"wp:attachment":[{"href":"https:\/\/blogs.elnortedecastilla.es\/robertocarbajal\/wp-json\/wp\/v2\/media?parent=929"}],"wp:term":[{"taxonomy":"category","embeddable":true,"href":"https:\/\/blogs.elnortedecastilla.es\/robertocarbajal\/wp-json\/wp\/v2\/categories?post=929"},{"taxonomy":"post_tag","embeddable":true,"href":"https:\/\/blogs.elnortedecastilla.es\/robertocarbajal\/wp-json\/wp\/v2\/tags?post=929"}],"curies":[{"name":"wp","href":"https:\/\/api.w.org\/{rel}","templated":true}]}}