{"id":933,"date":"2019-05-09T08:07:00","date_gmt":"2019-05-09T07:07:00","guid":{"rendered":"https:\/\/blogs.elnortedecastilla.es\/robertocarbajal\/?p=933"},"modified":"2019-05-06T18:20:39","modified_gmt":"2019-05-06T17:20:39","slug":"planchados","status":"publish","type":"post","link":"https:\/\/blogs.elnortedecastilla.es\/robertocarbajal\/2019\/05\/09\/planchados\/","title":{"rendered":"Planchados"},"content":{"rendered":"<p>Salvo cocinar, a este servidor de ustedes no le gustan las tareas dom\u00e9sticas. Son aburridas, incluso desagradables, y da la sensaci\u00f3n de que desempe\u00f1arlas no conduce a ninguna parte, porque de una semana para otra vuelve a repetirse la misma acci\u00f3n. Alguien obr\u00f3 con muy mala idea cuando cre\u00f3 las mangas de las camisas. Lo hizo pensando en un inter\u00e9s personal, meramente est\u00e9tico y ego\u00edsta, porque seguro que nunca cay\u00f3 en la cuenta de que, por razones de uso social, hab\u00eda que pasar por el hierro tanto frunce diab\u00f3lico. Pero convendr\u00e1n conmigo en que, si bien planchar una camisa tiene su miga, un acto est\u00fapido es someter a las s\u00e1banas a esta tarea. El olor a esta lencer\u00eda limpia reconforta a la gente, desconozco el porqu\u00e9. Aunque lo que verdaderamente resulta inexplicable es la raz\u00f3n de quitarles las arrugas, porque cuando te metes en la cama vuelven a estar de esa guisa a la ma\u00f1ana siguiente. Lo oneroso es alisar la s\u00e1bana bajera autoajustable.<\/p>\n<p>Si le molesta la tarea descrita, no se altere; tal vez deba enfrentarse a una situaci\u00f3n a\u00fan m\u00e1s ins\u00f3lita. Usted adquiri\u00f3 una vivienda en propiedad. Un buen d\u00eda se toma unas vacaciones y cuando regresa, oh, sorpresa: le han sustituido las cerraduras y alguien ha okupado su domicilio. Pareciera que est\u00e1 enfrent\u00e1ndose a una broma de c\u00e1mara oculta, pero no: los okupas han llegado para quedarse. La Constituci\u00f3n contempla el derecho a una vivienda digna. De igual forma, ampara la propiedad privada y la inviolabilidad del domicilio. Dadas las circunstancias, \u00bfqu\u00e9 hace con las maletas? Acudir\u00e1 a la polic\u00eda, tocar\u00e1 la puerta y nadie responder\u00e1, o s\u00ed. El caso es que usted no puede entrar en &#8216;su&#8217; casa. Le dicen que denuncie ante el juzgado, pero otros se lo desaconsejar\u00e1n, pues el proceso puede demorarse en torno a dos a\u00f1os. Entonces llamar\u00e1 a una empresa privada. Le enviar\u00e1 a cuatro armarios que tratar\u00e1n de convencer a los okupas de que se vayan. Pero no hay forma. Usted creer\u00e1 en el sistema y en sus garant\u00edas, pero el Estado no puede ayudarle. No lo niegue, \u00bfa que se ha quedado planchado?<\/p>\n<p><em>Publicado en El Norte de Castilla el 8 de mayo de 2019<\/em><\/p>\n","protected":false},"excerpt":{"rendered":"<p>Salvo cocinar, a este servidor de ustedes no le gustan las tareas dom\u00e9sticas. Son aburridas, incluso desagradables, y da la sensaci\u00f3n de que desempe\u00f1arlas no conduce a ninguna parte, porque de una semana para otra vuelve a repetirse la misma acci\u00f3n. Alguien obr\u00f3 con muy mala idea cuando cre\u00f3 las mangas de las camisas. Lo [&hellip;]<\/p>\n","protected":false},"author":8,"featured_media":0,"comment_status":"open","ping_status":"open","sticky":false,"template":"","format":"standard","meta":[],"categories":[3],"tags":[],"_links":{"self":[{"href":"https:\/\/blogs.elnortedecastilla.es\/robertocarbajal\/wp-json\/wp\/v2\/posts\/933"}],"collection":[{"href":"https:\/\/blogs.elnortedecastilla.es\/robertocarbajal\/wp-json\/wp\/v2\/posts"}],"about":[{"href":"https:\/\/blogs.elnortedecastilla.es\/robertocarbajal\/wp-json\/wp\/v2\/types\/post"}],"author":[{"embeddable":true,"href":"https:\/\/blogs.elnortedecastilla.es\/robertocarbajal\/wp-json\/wp\/v2\/users\/8"}],"replies":[{"embeddable":true,"href":"https:\/\/blogs.elnortedecastilla.es\/robertocarbajal\/wp-json\/wp\/v2\/comments?post=933"}],"version-history":[{"count":1,"href":"https:\/\/blogs.elnortedecastilla.es\/robertocarbajal\/wp-json\/wp\/v2\/posts\/933\/revisions"}],"predecessor-version":[{"id":934,"href":"https:\/\/blogs.elnortedecastilla.es\/robertocarbajal\/wp-json\/wp\/v2\/posts\/933\/revisions\/934"}],"wp:attachment":[{"href":"https:\/\/blogs.elnortedecastilla.es\/robertocarbajal\/wp-json\/wp\/v2\/media?parent=933"}],"wp:term":[{"taxonomy":"category","embeddable":true,"href":"https:\/\/blogs.elnortedecastilla.es\/robertocarbajal\/wp-json\/wp\/v2\/categories?post=933"},{"taxonomy":"post_tag","embeddable":true,"href":"https:\/\/blogs.elnortedecastilla.es\/robertocarbajal\/wp-json\/wp\/v2\/tags?post=933"}],"curies":[{"name":"wp","href":"https:\/\/api.w.org\/{rel}","templated":true}]}}