{"id":938,"date":"2019-05-23T08:07:59","date_gmt":"2019-05-23T07:07:59","guid":{"rendered":"https:\/\/blogs.elnortedecastilla.es\/robertocarbajal\/?p=938"},"modified":"2019-05-20T18:21:49","modified_gmt":"2019-05-20T17:21:49","slug":"se-buscan-autores","status":"publish","type":"post","link":"https:\/\/blogs.elnortedecastilla.es\/robertocarbajal\/2019\/05\/23\/se-buscan-autores\/","title":{"rendered":"Se buscan autores"},"content":{"rendered":"<p>Espa\u00f1a tiene problemas m\u00e1s importantes que qui\u00e9n la representa en Eurovisi\u00f3n, naturalmente, pero mientras sigamos participando en este festival de la canci\u00f3n debemos hacerlo con dignidad. La maltra\u00edda &#8216;Marca Espa\u00f1a&#8217; engloba todas las actividades que nos otorgan una buena imagen como pa\u00eds, por eso este concurso forma parte de ella y hemos de tom\u00e1rnoslo como un asunto de cierta relevancia. No es que debamos aplicarle el marchamo de una cuesti\u00f3n de Estado, aunque es innegable que por nuestros actos nos conocer\u00e1n. Recordemos que el certamen cuenta con una audiencia de m\u00e1s de doscientos millones de espectadores. Una vez m\u00e1s, la canci\u00f3n espa\u00f1ola, que en esta ocasi\u00f3n participaba en Tel Aviv, termin\u00f3 de nuevo en un puesto bochornoso. Merecidamente, como estaba previsto. Por eso es preciso revertir la tendencia. Dicen que el pueblo es soberano; no obstante, no se puede dejar en sus manos todas las decisiones. Una de ellas es la que nos ocupa. La audiencia eligi\u00f3 &#8216;La venda&#8217;, una pieza musical pat\u00e9tica que no aporta nada al sufrido mundo art\u00edstico. Por consiguiente, dejemos que la gente se divierta con otros menesteres y pongamos a los profesionales a trabajar. Espa\u00f1a atesora suficiente talento como para alumbrar un tema que pueda participar en esta exhibici\u00f3n de horterada sin caer en ella. Hace un par de a\u00f1os Portugal triunf\u00f3 con una balada extraordinaria, sin una puesta en escena est\u00fapida. En la edici\u00f3n de este a\u00f1o, Holanda se aup\u00f3 al primer puesto con otra balada, aunque no contaba con la calidad de la que le otorg\u00f3 el triunfo a nuestros vecinos lusos, ni por asomo. RTVE deber\u00eda empezar a tom\u00e1rselo en serio y encargar a nuestros compositores que se empleen a fondo en conformar una canci\u00f3n digna, que aspire a ganar en serio, por muchas dificultades que entra\u00f1e la forma caprichosa de puntuar de los pa\u00edses. Tan solo hay que buscar una partitura de calidad que sea elegida por un jurado de expertos. Si Espa\u00f1a se quiere abonar al rid\u00edculo eurovisivo, es preferible no reptar nunca m\u00e1s en esta exhibici\u00f3n. Quit\u00e9monos la venda. Esta vez, de los o\u00eddos.<\/p>\n<p><em>Publicado en El Norte de Castilla el 22 de mayo de 2019<\/em><\/p>\n","protected":false},"excerpt":{"rendered":"<p>Espa\u00f1a tiene problemas m\u00e1s importantes que qui\u00e9n la representa en Eurovisi\u00f3n, naturalmente, pero mientras sigamos participando en este festival de la canci\u00f3n debemos hacerlo con dignidad. La maltra\u00edda &#8216;Marca Espa\u00f1a&#8217; engloba todas las actividades que nos otorgan una buena imagen como pa\u00eds, por eso este concurso forma parte de ella y hemos de tom\u00e1rnoslo como [&hellip;]<\/p>\n","protected":false},"author":8,"featured_media":0,"comment_status":"open","ping_status":"open","sticky":false,"template":"","format":"standard","meta":[],"categories":[3],"tags":[],"_links":{"self":[{"href":"https:\/\/blogs.elnortedecastilla.es\/robertocarbajal\/wp-json\/wp\/v2\/posts\/938"}],"collection":[{"href":"https:\/\/blogs.elnortedecastilla.es\/robertocarbajal\/wp-json\/wp\/v2\/posts"}],"about":[{"href":"https:\/\/blogs.elnortedecastilla.es\/robertocarbajal\/wp-json\/wp\/v2\/types\/post"}],"author":[{"embeddable":true,"href":"https:\/\/blogs.elnortedecastilla.es\/robertocarbajal\/wp-json\/wp\/v2\/users\/8"}],"replies":[{"embeddable":true,"href":"https:\/\/blogs.elnortedecastilla.es\/robertocarbajal\/wp-json\/wp\/v2\/comments?post=938"}],"version-history":[{"count":1,"href":"https:\/\/blogs.elnortedecastilla.es\/robertocarbajal\/wp-json\/wp\/v2\/posts\/938\/revisions"}],"predecessor-version":[{"id":939,"href":"https:\/\/blogs.elnortedecastilla.es\/robertocarbajal\/wp-json\/wp\/v2\/posts\/938\/revisions\/939"}],"wp:attachment":[{"href":"https:\/\/blogs.elnortedecastilla.es\/robertocarbajal\/wp-json\/wp\/v2\/media?parent=938"}],"wp:term":[{"taxonomy":"category","embeddable":true,"href":"https:\/\/blogs.elnortedecastilla.es\/robertocarbajal\/wp-json\/wp\/v2\/categories?post=938"},{"taxonomy":"post_tag","embeddable":true,"href":"https:\/\/blogs.elnortedecastilla.es\/robertocarbajal\/wp-json\/wp\/v2\/tags?post=938"}],"curies":[{"name":"wp","href":"https:\/\/api.w.org\/{rel}","templated":true}]}}