{"id":941,"date":"2019-05-30T08:07:49","date_gmt":"2019-05-30T07:07:49","guid":{"rendered":"https:\/\/blogs.elnortedecastilla.es\/robertocarbajal\/?p=941"},"modified":"2019-05-29T19:01:41","modified_gmt":"2019-05-29T18:01:41","slug":"percepcion-y-realidad","status":"publish","type":"post","link":"https:\/\/blogs.elnortedecastilla.es\/robertocarbajal\/2019\/05\/30\/percepcion-y-realidad\/","title":{"rendered":"Percepci\u00f3n y realidad"},"content":{"rendered":"<p>Elecci\u00f3n tras elecci\u00f3n, constituye un misterio conocer qu\u00e9 provoca que un individuo se decante por una determinada opci\u00f3n pol\u00edtica. Yo voto a los m\u00edos, afirman algunos, como si se tratase de una declaraci\u00f3n tribal, en la que convierte a los oponentes en enemigos pasajeros de una tribu imaginaria. Por muy estrafalaria que resulte una oferta pol\u00edtica, siempre habr\u00e1 alguien que caiga en la tela de ara\u00f1a, para convertirse en ese tonto \u00fatil que proyecta a un partido hacia la hegemon\u00eda. De lo que no cabe la menor duda es de que el ciudadano medio adolece de falta de informaci\u00f3n a cerca de la pol\u00edtica y su funcionamiento. Tan solo unos pocos interesados escudri\u00f1an sus intereses en los programas electorales y menos a\u00fan quienes emprenden un seguimiento para dar fe de si se cumplen las promesas reflejadas en las propuestas. Si se cuestiona al electorado sobre qu\u00e9 significa ser liberal, conservador o socialdem\u00f3crata es m\u00e1s que probable que el encuestado simplifique la respuesta y responda que es de tal o cual partido, por pura ignorancia. Mucha gente no acude a las urnas. Aseveran que todos los pol\u00edticos son iguales y que un voto m\u00e1s o menos no influir\u00e1 en lo que le interesa. Esto significa que quienes as\u00ed piensan se traduce en cientos de miles de papeletas que podr\u00edan conllevar un vuelco electoral. Pero este tipo de ciudadano es irreductible y a ver qui\u00e9n es capaz de revocar su inmovilismo.<\/p>\n<p>Nadie es apol\u00edtico. Solo hay que presentarle un cuestionario sobre una serie de asuntos y autom\u00e1ticamente el resultado lo adscribir\u00eda a una determinada ideolog\u00eda. Todos nosotros pertenecemos a algo, ll\u00e1mese seguidores de un determinado tipo de m\u00fasica, de un c\u00e9leb\u00e9rrimo tenista o de la asociaci\u00f3n de amigos del tren. Esto es intrascendente, no divide, no genera conflictos en la convivencia; la pol\u00edtica, s\u00ed. El caso m\u00e1s palmario puede observarse en la Catalu\u00f1a actual, en la que en el seno de una familia conviven independentistas y constitucionalistas, convirtiendo las reuniones familiares en un sin dios. Puede dar la impresi\u00f3n de que todo es un juego. Pero no.<\/p>\n<p><em>Publicado en El Norte de Castilla el 29 de mayo de 2019<\/em><\/p>\n","protected":false},"excerpt":{"rendered":"<p>Elecci\u00f3n tras elecci\u00f3n, constituye un misterio conocer qu\u00e9 provoca que un individuo se decante por una determinada opci\u00f3n pol\u00edtica. Yo voto a los m\u00edos, afirman algunos, como si se tratase de una declaraci\u00f3n tribal, en la que convierte a los oponentes en enemigos pasajeros de una tribu imaginaria. Por muy estrafalaria que resulte una oferta [&hellip;]<\/p>\n","protected":false},"author":8,"featured_media":0,"comment_status":"open","ping_status":"open","sticky":false,"template":"","format":"standard","meta":[],"categories":[3],"tags":[],"_links":{"self":[{"href":"https:\/\/blogs.elnortedecastilla.es\/robertocarbajal\/wp-json\/wp\/v2\/posts\/941"}],"collection":[{"href":"https:\/\/blogs.elnortedecastilla.es\/robertocarbajal\/wp-json\/wp\/v2\/posts"}],"about":[{"href":"https:\/\/blogs.elnortedecastilla.es\/robertocarbajal\/wp-json\/wp\/v2\/types\/post"}],"author":[{"embeddable":true,"href":"https:\/\/blogs.elnortedecastilla.es\/robertocarbajal\/wp-json\/wp\/v2\/users\/8"}],"replies":[{"embeddable":true,"href":"https:\/\/blogs.elnortedecastilla.es\/robertocarbajal\/wp-json\/wp\/v2\/comments?post=941"}],"version-history":[{"count":1,"href":"https:\/\/blogs.elnortedecastilla.es\/robertocarbajal\/wp-json\/wp\/v2\/posts\/941\/revisions"}],"predecessor-version":[{"id":942,"href":"https:\/\/blogs.elnortedecastilla.es\/robertocarbajal\/wp-json\/wp\/v2\/posts\/941\/revisions\/942"}],"wp:attachment":[{"href":"https:\/\/blogs.elnortedecastilla.es\/robertocarbajal\/wp-json\/wp\/v2\/media?parent=941"}],"wp:term":[{"taxonomy":"category","embeddable":true,"href":"https:\/\/blogs.elnortedecastilla.es\/robertocarbajal\/wp-json\/wp\/v2\/categories?post=941"},{"taxonomy":"post_tag","embeddable":true,"href":"https:\/\/blogs.elnortedecastilla.es\/robertocarbajal\/wp-json\/wp\/v2\/tags?post=941"}],"curies":[{"name":"wp","href":"https:\/\/api.w.org\/{rel}","templated":true}]}}