{"id":943,"date":"2019-06-06T08:07:27","date_gmt":"2019-06-06T07:07:27","guid":{"rendered":"https:\/\/blogs.elnortedecastilla.es\/robertocarbajal\/?p=943"},"modified":"2019-06-04T17:27:58","modified_gmt":"2019-06-04T16:27:58","slug":"el-chiquito-macho-alfa","status":"publish","type":"post","link":"https:\/\/blogs.elnortedecastilla.es\/robertocarbajal\/2019\/06\/06\/el-chiquito-macho-alfa\/","title":{"rendered":"El &#8216;Chiquito&#8217; macho alfa"},"content":{"rendered":"<p>Le guste o no reconocerlo, Pablo Iglesias y su partido ya forman parte del sistema, de eso que ellos denominaron al principio de su existencia como &#8216;casta&#8217;. Tras el desplome en las elecciones, el l\u00edder de Podemos no quiere perder la poca visibilidad que a\u00fan conserva y no se le ha ocurrido mejor forma que exigirle a Pedro S\u00e1nchez formar parte de un gobierno de coalici\u00f3n. Es decir, anclarse al sistema que tanto criticaron. El presidente del Gobierno no est\u00e1 por la labor. A lo sumo, estar\u00eda dispuesto a asumir propuestas &#8216;podemistas&#8217;. Se me ocurre un nombre: Jos\u00e9 Julio Rodr\u00edguez, exJEMAD. Podr\u00eda ser un magn\u00edfico ministro de Defensa, sustituyendo a la soberbia y caprichosa Margarita Robles, que acept\u00f3 el cargo siempre que S\u00e1nchez trasladase de nuevo el Centro Nacional de Inteligencia (antes integrado en Presidencia) a su ministerio. Hasta que no lo consigui\u00f3, no acept\u00f3 el cargo. A todo el mundo le gusta este juguete. Normal.<\/p>\n<p>Podemos naci\u00f3 como una f\u00f3rmula que aquilatase el descontento popular de las masas con el sistema. Ahora ya forman parte de ese entramado y no solo por las formas. La pareja cesarista que forman Irene Montero y Pablo Iglesias (con sus gemelos) dejaron la vivienda en un populoso y humilde barrio madrile\u00f1o para adquirir e instalarse en una dacha elitista en el campo, al estilo de la &#8216;nomenklatura&#8217; sovi\u00e9tica, que es la teta de la que mam\u00f3 Iglesias durante toda su vida. Su electorado le ha dado la espalda no estrictamente por cuestiones formales, sino porque este macho alfa (como se autodenomin\u00f3) ha hecho a\u00f1icos a su partido, provocando desbandadas y troce\u00e1ndolo. Atr\u00e1s quedan los d\u00edas en que los C\u00edrculos contaban algo. Hoy, las deserciones y las cr\u00edticas acogotan al ic\u00f3nico l\u00edder de la coleta. Desde dentro, son muchos los que piden la refundaci\u00f3n de Podemos, para tratar de recuperar su esencia. Incluso exigen no integrarse en un gobierno de coalici\u00f3n con el PSOE, para salvaguardar sus esencias anticapitalistas. En cualquier caso, se puede colegir que don Pablo es un pecador de la pradera. \u00bfPodemos? No puedo, no puedo.<br \/>\n\u00a0<br \/>\n<em>Publicado en El Norte de Castilla el 5 de junio de 2019<\/em><\/p>\n","protected":false},"excerpt":{"rendered":"<p>Le guste o no reconocerlo, Pablo Iglesias y su partido ya forman parte del sistema, de eso que ellos denominaron al principio de su existencia como &#8216;casta&#8217;. Tras el desplome en las elecciones, el l\u00edder de Podemos no quiere perder la poca visibilidad que a\u00fan conserva y no se le ha ocurrido mejor forma que [&hellip;]<\/p>\n","protected":false},"author":8,"featured_media":0,"comment_status":"open","ping_status":"open","sticky":false,"template":"","format":"standard","meta":[],"categories":[3],"tags":[],"_links":{"self":[{"href":"https:\/\/blogs.elnortedecastilla.es\/robertocarbajal\/wp-json\/wp\/v2\/posts\/943"}],"collection":[{"href":"https:\/\/blogs.elnortedecastilla.es\/robertocarbajal\/wp-json\/wp\/v2\/posts"}],"about":[{"href":"https:\/\/blogs.elnortedecastilla.es\/robertocarbajal\/wp-json\/wp\/v2\/types\/post"}],"author":[{"embeddable":true,"href":"https:\/\/blogs.elnortedecastilla.es\/robertocarbajal\/wp-json\/wp\/v2\/users\/8"}],"replies":[{"embeddable":true,"href":"https:\/\/blogs.elnortedecastilla.es\/robertocarbajal\/wp-json\/wp\/v2\/comments?post=943"}],"version-history":[{"count":1,"href":"https:\/\/blogs.elnortedecastilla.es\/robertocarbajal\/wp-json\/wp\/v2\/posts\/943\/revisions"}],"predecessor-version":[{"id":944,"href":"https:\/\/blogs.elnortedecastilla.es\/robertocarbajal\/wp-json\/wp\/v2\/posts\/943\/revisions\/944"}],"wp:attachment":[{"href":"https:\/\/blogs.elnortedecastilla.es\/robertocarbajal\/wp-json\/wp\/v2\/media?parent=943"}],"wp:term":[{"taxonomy":"category","embeddable":true,"href":"https:\/\/blogs.elnortedecastilla.es\/robertocarbajal\/wp-json\/wp\/v2\/categories?post=943"},{"taxonomy":"post_tag","embeddable":true,"href":"https:\/\/blogs.elnortedecastilla.es\/robertocarbajal\/wp-json\/wp\/v2\/tags?post=943"}],"curies":[{"name":"wp","href":"https:\/\/api.w.org\/{rel}","templated":true}]}}