{"id":948,"date":"2019-06-20T08:07:55","date_gmt":"2019-06-20T07:07:55","guid":{"rendered":"https:\/\/blogs.elnortedecastilla.es\/robertocarbajal\/?p=948"},"modified":"2019-06-17T19:13:53","modified_gmt":"2019-06-17T18:13:53","slug":"la-dama-gris-oscuro","status":"publish","type":"post","link":"https:\/\/blogs.elnortedecastilla.es\/robertocarbajal\/2019\/06\/20\/la-dama-gris-oscuro\/","title":{"rendered":"La Dama Gris (oscuro)"},"content":{"rendered":"<p>El diario &#8216;The New York Times&#8217; es una de las publicaciones m\u00e1s prestigiosas del mundo. No la mejor, porque a los medios de comunicaci\u00f3n hay que analizarlos en el contexto en el que se desenvuelven. Durante la II Guerra Mundial el rotativo fue criticado por no publicar que los nazis estaban exterminando a los jud\u00edos. Tal vez por incredulidad, por la magnitud de lo que estaba ocurriendo, les resultara chocante. El Times est\u00e1 controlado por la familia Zulzberger, una saga de editores jud\u00edos. Quiz\u00e1 fuera esa la raz\u00f3n que no les dej\u00f3 ver lo que estaba sucediendo. M\u00e1s tarde, cuando el Holocausto era un clamor, se avino a informar sobre la tragedia. Un manch\u00f3n en su reputaci\u00f3n.<\/p>\n<p>Hace unos d\u00edas la edici\u00f3n internacional public\u00f3 una vi\u00f1eta en la que se mostraba a un Donald Trump invidente guiado por un perro gu\u00eda con un collar del que colgaba una estrella de David y con la efigie de Binyam\u00edn Netanyahu. Pronto algunos vieron en la caricatura un rebrote del antisemitismo. Para cualquier persona con la cabeza sin amueblar, el mensaje era ese; pero para cualquier lector avezado no se mostraba otra cosa que la realidad: el primer ministro israel\u00ed hace lo que quiere con la connivencia del presidente estadounidense. Estos son hechos puros, pero la direcci\u00f3n ha decidido suprimir todas las vi\u00f1etas para evitar controversias. Absurdo pero real. La libertad de expresi\u00f3n se resiente y se cercena en toda su extensi\u00f3n parte del prestigio obtenido.<\/p>\n<p>Hace tiempo me suscrib\u00ed durante un a\u00f1o a la edici\u00f3n americana. Llegaba a mi buz\u00f3n cada dos o tres d\u00edas. ETA segu\u00eda matando y una tarde le\u00ed un breve que narraba uno de los atentados. Denominaba a la banda terrorista &#8216;organizaci\u00f3n separatista&#8217;. Escrib\u00ed una carta al director narrando los horrores y la t\u00e9cnica de la banda. Les record\u00e9 que hasta el Departamento de Estado la calificaba como terrorista. No la publicaron. Supongo que tendr\u00edan cosas m\u00e1s importantes entre manos. Esta fue mi experiencia con la Dama Gris. Hoy el diario imprime un mill\u00f3n de ejemplares y tiene casi tres millones de suscriptores en Internet. Enhorabuena.<\/p>\n<p><em>Publicado en El Norte de Castilla el 19 de junio de 2019<\/em><\/p>\n","protected":false},"excerpt":{"rendered":"<p>El diario &#8216;The New York Times&#8217; es una de las publicaciones m\u00e1s prestigiosas del mundo. No la mejor, porque a los medios de comunicaci\u00f3n hay que analizarlos en el contexto en el que se desenvuelven. Durante la II Guerra Mundial el rotativo fue criticado por no publicar que los nazis estaban exterminando a los jud\u00edos. [&hellip;]<\/p>\n","protected":false},"author":8,"featured_media":0,"comment_status":"open","ping_status":"open","sticky":false,"template":"","format":"standard","meta":[],"categories":[3],"tags":[],"_links":{"self":[{"href":"https:\/\/blogs.elnortedecastilla.es\/robertocarbajal\/wp-json\/wp\/v2\/posts\/948"}],"collection":[{"href":"https:\/\/blogs.elnortedecastilla.es\/robertocarbajal\/wp-json\/wp\/v2\/posts"}],"about":[{"href":"https:\/\/blogs.elnortedecastilla.es\/robertocarbajal\/wp-json\/wp\/v2\/types\/post"}],"author":[{"embeddable":true,"href":"https:\/\/blogs.elnortedecastilla.es\/robertocarbajal\/wp-json\/wp\/v2\/users\/8"}],"replies":[{"embeddable":true,"href":"https:\/\/blogs.elnortedecastilla.es\/robertocarbajal\/wp-json\/wp\/v2\/comments?post=948"}],"version-history":[{"count":2,"href":"https:\/\/blogs.elnortedecastilla.es\/robertocarbajal\/wp-json\/wp\/v2\/posts\/948\/revisions"}],"predecessor-version":[{"id":950,"href":"https:\/\/blogs.elnortedecastilla.es\/robertocarbajal\/wp-json\/wp\/v2\/posts\/948\/revisions\/950"}],"wp:attachment":[{"href":"https:\/\/blogs.elnortedecastilla.es\/robertocarbajal\/wp-json\/wp\/v2\/media?parent=948"}],"wp:term":[{"taxonomy":"category","embeddable":true,"href":"https:\/\/blogs.elnortedecastilla.es\/robertocarbajal\/wp-json\/wp\/v2\/categories?post=948"},{"taxonomy":"post_tag","embeddable":true,"href":"https:\/\/blogs.elnortedecastilla.es\/robertocarbajal\/wp-json\/wp\/v2\/tags?post=948"}],"curies":[{"name":"wp","href":"https:\/\/api.w.org\/{rel}","templated":true}]}}