{"id":193,"date":"2013-07-06T23:13:36","date_gmt":"2013-07-06T23:13:36","guid":{"rendered":"http:\/\/blogs.elnortedecastilla.es\/rutaquetzal2012\/?p=193"},"modified":"2013-07-06T23:13:36","modified_gmt":"2013-07-06T23:13:36","slug":"en-la-ruta-quetzal-un-ano-mas","status":"publish","type":"post","link":"https:\/\/blogs.elnortedecastilla.es\/rutabbva\/2013\/07\/06\/en-la-ruta-quetzal-un-ano-mas\/","title":{"rendered":"En la Ruta Quetzal un a\u00f1o m\u00e1s"},"content":{"rendered":"<p><span style=\"font-size: medium;\">Para m\u00ed es una gran oportunidad volver a acompa\u00f1ar a la Ruta Quetzal. Tengo las mismas ganas e ilusi\u00f3n, que cuando fui seleccionada como expedicionaria en el a\u00f1o 2009 para viajar por Chile y Espa\u00f1a.<\/span><\/p>\n<div id=\"attachment_195\" style=\"width: 296px\" class=\"wp-caption alignright\"><a href=\"\/rutabbva\/wp-content\/uploads\/sites\/18\/2013\/07\/531273_4305654766349_456359384_n.jpg\"><img aria-describedby=\"caption-attachment-195\" loading=\"lazy\" class=\" wp-image-195  \" title=\"531273_4305654766349_456359384_n\" src=\"\/rutabbva\/wp-content\/uploads\/sites\/18\/2013\/07\/531273_4305654766349_456359384_n.jpg\" alt=\"\" width=\"286\" height=\"241\" \/><\/a><p id=\"caption-attachment-195\" class=\"wp-caption-text\">En la recepci\u00f3n de SS.MM. los Reyes 2012<\/p><\/div>\n<p><span style=\"font-size: medium;\">La Ruta ha sido un antes y un despu\u00e9s en mi vida. Adem\u00e1s, ser miembro el a\u00f1o pasad<\/span><span style=\"font-size: medium;\">o del equipo de prensa me permiti\u00f3 verla desde otra perspectiva. Compartir esta experiencia con periodistas de distintos medios y otros pa\u00edses \u00a0me ha hecho aprender y disfrutar del periodismo de una forma muy diferente.<\/span><\/p>\n<p>&nbsp;<\/p>\n<p>&nbsp;<\/p>\n<p><span style=\"font-size: medium;\">La segunda parte de la ruta suele ser m\u00e1s f\u00e1cil y con m\u00e1s comodidades, pero aun as\u00ed a veces surgen dificultades, como por ejemplo que no tengas internet, que se moje una c\u00e1mara de fotos o simplemente que te quedes sin bater\u00eda en el port\u00e1til y que no puedas enviar la cr\u00f3nica a tiempo. Todos estos \u201cproblemas\u201d son mucho m\u00e1s llevaderos gracias a ellos, a todo ese equipo de prensa y organizaci\u00f3n que siempre est\u00e1 ah\u00ed para echarte una mano.<\/span><\/p>\n<p>&nbsp;<\/p>\n<div id=\"attachment_196\" style=\"width: 310px\" class=\"wp-caption aligncenter\"><a href=\"\/rutabbva\/wp-content\/uploads\/sites\/18\/2013\/07\/378300_4298474066836_707694418_n.jpg\"><img aria-describedby=\"caption-attachment-196\" loading=\"lazy\" class=\"size-medium wp-image-196\" title=\"378300_4298474066836_707694418_n\" src=\"\/rutabbva\/wp-content\/uploads\/sites\/18\/2013\/07\/378300_4298474066836_707694418_n.jpg\" alt=\"\" width=\"300\" height=\"300\" srcset=\"https:\/\/static-blogs.elnortedecastilla.es\/wp-content\/uploads\/sites\/18\/2013\/07\/378300_4298474066836_707694418_n.jpg 720w, https:\/\/static-blogs.elnortedecastilla.es\/wp-content\/uploads\/sites\/18\/2013\/07\/378300_4298474066836_707694418_n-150x150.jpg 150w, https:\/\/static-blogs.elnortedecastilla.es\/wp-content\/uploads\/sites\/18\/2013\/07\/378300_4298474066836_707694418_n-300x300.jpg 300w\" sizes=\"(max-width: 300px) 100vw, 300px\" \/><\/a><p id=\"caption-attachment-196\" class=\"wp-caption-text\">Trabajando en Pedregalejo (M\u00e1laga)<\/p><\/div>\n<p>&nbsp;<\/p>\n<p><span style=\"font-size: medium;\">Esta ruta tambi\u00e9n es bastante especial para m\u00ed porque vuelvo a B\u00e9lgica. Este a\u00f1o he estado de Erasmus en Lieja, en la regi\u00f3n valona y aunque no vayamos justo all\u00ed, para mi B\u00e9lgica es como mi segunda casa. Con las visitas que he tenido durante estos meses ya he ido a Brujas, Gante, Bruselas y Amberes,\u00a0 pero s\u00e9 que en esta ocasi\u00f3n con la ruta ser\u00e1 diferente.<\/span><\/p>\n<p><span style=\"font-size: medium;\">Por tercera vez, me siento una gran privilegiada. <strong>Muchas gracias de nuevo a este medio y a la Ruta Quetzal BBVA por permitirme vivir un a\u00f1o m\u00e1s esta aventura.<\/strong><\/span><\/p>\n<div id=\"attachment_194\" style=\"width: 310px\" class=\"wp-caption aligncenter\"><a href=\"\/rutabbva\/wp-content\/uploads\/sites\/18\/2013\/07\/miguel-m\u00e1s-prensaweb.gif\"><img aria-describedby=\"caption-attachment-194\" loading=\"lazy\" class=\"size-medium wp-image-194\" title=\"miguel m\u00e1s prensaweb\" src=\"\/rutabbva\/wp-content\/uploads\/sites\/18\/2013\/07\/miguel-m\u00e1s-prensaweb.gif\" alt=\"\" width=\"300\" height=\"225\" \/><\/a><p id=\"caption-attachment-194\" class=\"wp-caption-text\">Entrevista con Miguel de la Quadra-Salcedo<\/p><\/div>\n","protected":false},"excerpt":{"rendered":"<p>Para m\u00ed es una gran oportunidad volver a acompa\u00f1ar a la Ruta Quetzal. Tengo las mismas ganas e ilusi\u00f3n, que cuando fui seleccionada como expedicionaria en el a\u00f1o 2009 para viajar por Chile y Espa\u00f1a. La Ruta ha sido un antes y un despu\u00e9s en mi vida. Adem\u00e1s, ser miembro el a\u00f1o pasado del equipo [&hellip;]<\/p>\n","protected":false},"author":30,"featured_media":0,"comment_status":"closed","ping_status":"closed","sticky":false,"template":"","format":"standard","meta":[],"categories":[3],"tags":[],"_links":{"self":[{"href":"https:\/\/blogs.elnortedecastilla.es\/rutabbva\/wp-json\/wp\/v2\/posts\/193"}],"collection":[{"href":"https:\/\/blogs.elnortedecastilla.es\/rutabbva\/wp-json\/wp\/v2\/posts"}],"about":[{"href":"https:\/\/blogs.elnortedecastilla.es\/rutabbva\/wp-json\/wp\/v2\/types\/post"}],"author":[{"embeddable":true,"href":"https:\/\/blogs.elnortedecastilla.es\/rutabbva\/wp-json\/wp\/v2\/users\/30"}],"replies":[{"embeddable":true,"href":"https:\/\/blogs.elnortedecastilla.es\/rutabbva\/wp-json\/wp\/v2\/comments?post=193"}],"version-history":[{"count":0,"href":"https:\/\/blogs.elnortedecastilla.es\/rutabbva\/wp-json\/wp\/v2\/posts\/193\/revisions"}],"wp:attachment":[{"href":"https:\/\/blogs.elnortedecastilla.es\/rutabbva\/wp-json\/wp\/v2\/media?parent=193"}],"wp:term":[{"taxonomy":"category","embeddable":true,"href":"https:\/\/blogs.elnortedecastilla.es\/rutabbva\/wp-json\/wp\/v2\/categories?post=193"},{"taxonomy":"post_tag","embeddable":true,"href":"https:\/\/blogs.elnortedecastilla.es\/rutabbva\/wp-json\/wp\/v2\/tags?post=193"}],"curies":[{"name":"wp","href":"https:\/\/api.w.org\/{rel}","templated":true}]}}