{"id":269,"date":"2013-07-19T01:37:17","date_gmt":"2013-07-19T01:37:17","guid":{"rendered":"http:\/\/blogs.elnortedecastilla.es\/rutaquetzal2012\/?p=269"},"modified":"2013-07-19T01:37:17","modified_gmt":"2013-07-19T01:37:17","slug":"hoy-nos-acompana-8","status":"publish","type":"post","link":"https:\/\/blogs.elnortedecastilla.es\/rutabbva\/2013\/07\/19\/hoy-nos-acompana-8\/","title":{"rendered":"HOY NOS ACOMPA\u00d1A&#8230;"},"content":{"rendered":"<p><span style=\"font-size: medium;\"><strong>M\u00f3nica de Le\u00f3n y del grupo 1. <\/strong><\/span><\/p>\n<p><span style=\"font-size: medium;\"><strong>\u00a0<\/strong><\/span><\/p>\n<p><strong style=\"font-size: medium;\">1.\u00a0<\/strong><strong style=\"font-size: medium;\">\u00bfC\u00f3mo conociste la Ruta Quetzal?<\/strong><\/p>\n<p><span style=\"font-size: medium;\">Mi hermana vino hace dos a\u00f1os y estuvo en Per\u00fa. Ella me dijo que lo intentara que era una experiencia \u00fanica y que<\/span><\/p>\n<div id=\"attachment_270\" style=\"width: 310px\" class=\"wp-caption alignright\"><a href=\"\/rutabbva\/wp-content\/uploads\/sites\/18\/2013\/07\/monica-web.gif\"><img aria-describedby=\"caption-attachment-270\" loading=\"lazy\" class=\"size-medium wp-image-270\" title=\"monica web\" src=\"\/rutabbva\/wp-content\/uploads\/sites\/18\/2013\/07\/monica-web.gif\" alt=\"\" width=\"300\" height=\"225\" \/><\/a><p id=\"caption-attachment-270\" class=\"wp-caption-text\">M\u00f3nica en el Ayuntamiento de Brujas<\/p><\/div>\n<p><span style=\"font-size: medium;\">para ella hab\u00eda sido lo mejor. Me cont\u00f3 todas las actividades que hab\u00eda hecho, algunos ratos un poco duros pero que mereci\u00f3 la pena y ella me incit\u00f3 a presentarme.<\/span><\/p>\n<p><strong style=\"font-size: medium;\">2.\u00a0<\/strong><strong style=\"font-size: medium;\">\u00bfEn qu\u00e9 consist\u00eda el trabajo que presentaste?<\/strong><\/p>\n<p><span style=\"font-size: medium;\">Hice un trabajo literario sobre Vasco N\u00fa\u00f1ez de Balboa. Realic\u00e9 un c\u00f3mic, no muy elaborado porque tampoco es que se me d\u00e9 muy bien el dibujo sino m\u00e1s bien hice algo m\u00e1s informal, con dibujos de cuentos infantiles y en eso consist\u00eda. Adem\u00e1s tampoco lo hice con color, utilic\u00e9 un boli negro de tinta l\u00edquida. Me llev\u00f3 bastante tiempo, porque los dibujos primero los hice a l\u00e1piz y luego los pase a boli. Al final me qued\u00f3 un trabajo bonito y original.<\/span><\/p>\n<p><span style=\"font-size: medium;\"><strong>\u00a0<\/strong><\/span><strong style=\"font-size: medium;\">3.\u00a0<\/strong><strong style=\"font-size: medium;\">Este a\u00f1o como novedad hab\u00e9is tenido que realizar un proyecto de emprendimiento social \u00bfqu\u00e9 problem\u00e1tica elegiste?<\/strong><\/p>\n<p><span style=\"font-size: medium;\">Particip\u00e9 en el bocadillo solidario de mi colegio que se lleva haciendo varios a\u00f1os y en est\u00e1 ocasi\u00f3n con motivo de este proyecto, quise colaborar y eleg\u00ed una empresa que hac\u00eda bocadillos. Los fondos iban destinados a una asociaci\u00f3n de ni\u00f1os discapacitados.<\/span><\/p>\n<p><strong style=\"font-size: medium;\">4.\u00a0<\/strong><strong style=\"font-size: medium;\">\u00bfCon qu\u00e9 te quedar\u00edas de lo que llevas de ruta?<\/strong><\/p>\n<p><span style=\"font-size: medium;\">Para m\u00ed la ruta ha sido m\u00e1s dura de lo que pensaba sobre todo los primeros d\u00edas pero me quedo con las personas. Cada persona te aporta algo nuevo y distinto y a m\u00ed eso me encanta. Cada d\u00eda conozco a alguien diferente y eso es lo mejor de la ruta.<\/span><\/p>\n<p><strong style=\"font-size: medium;\">5.\u00a0<\/strong><strong style=\"font-size: medium;\">\u00bfEs muy diferente a lo que hab\u00edas imaginado?<\/strong><\/p>\n<p><span style=\"font-size: medium;\">Mi hermana me hab\u00eda contado algo pero yo no me lo imaginaba as\u00ed. Me dijo que iba a ser duro pero yo no me lo imaginaba tan tan duro. En la parte europea ya es m\u00e1s relajado, pero para m\u00ed los primeros d\u00edas fueron dur\u00edsimos, en la selva lo pas\u00e9 bastante mal. Tambi\u00e9n por ejemplo esta parte me est\u00e1 aportando much\u00edsimo y tampoco cre\u00eda que la ruta me fuera a aportar tanto.<\/span><\/p>\n<p><strong style=\"font-size: medium;\">6.\u00a0<\/strong><strong style=\"font-size: medium;\">Si te digo ropa limpia y seca, ducha caliente y agua potable \u00bfQu\u00e9 me dir\u00edas?<\/strong><\/p>\n<p><span style=\"font-size: medium;\">Yo te dir\u00eda que eso solo en mi casa porque aqu\u00ed tengo una camiseta que la he lavado y que est\u00e1 todav\u00eda marr\u00f3n porque el barro de Sina\u00ed no se ha quitado. El otro d\u00eda por ejemplo nos pudimos duchar con agua caliente por primera vez en la ruta, que fue como una novedad. Pero todas las comodidades las tendr\u00e9 cuando llegue a casa, aqu\u00ed es acostumbrarme a lo que hay y la ruta no es para tener ropa limpia ni agua caliente sino a disfrutar de lo que tienes \u00a0y no quejarte por nada.<\/span><\/p>\n<p><strong style=\"font-size: medium;\">7.\u00a0<\/strong><strong style=\"font-size: medium;\">\u00bfQu\u00e9 sentiste cuando conseguiste llegar a Pechito Parado (selva del Dari\u00e9n)?<\/strong><\/p>\n<p><span style=\"font-size: medium;\">Me gust\u00f3 mucho porque adem\u00e1s yo hice el trabajo de Vasco N\u00fa\u00f1ez de Balboa \u00a0y fue como revivir un poco la historia que \u00e9l hab\u00eda hecho. Tambi\u00e9n fue bastante duro porque era una subida de muchos metros, cuando llegu\u00e9 arriba todo el esfuerzo mereci\u00f3 la pena. Me esperaba mejores vistas porque ese d\u00eda hab\u00eda un poco de niebla pero fue gratificante llegar y ver todo lo que \u00e9l hab\u00eda visto.<\/span><\/p>\n<p><strong style=\"font-size: medium;\">8.\u00a0<\/strong><strong style=\"font-size: medium;\">\u00bfC\u00f3mo ha sido la convivencia con la tribu Wounaan?<\/strong><\/p>\n<p><span style=\"font-size: medium;\">Cuando llegu\u00e9 al principio me qued\u00e9 un poco impactada porque nunca hab\u00eda viajado a Am\u00e9rica y no me lo imaginaba as\u00ed para nada. No me imaginaba que pudiera haber sitios en los que estuvieran tan mal, pero lo que m\u00e1s me impacto fue que a pesar de las condiciones que ten\u00edan ellos eran felices, jugaban\u2026No ten\u00edan agua caliente, ni ba\u00f1os, ni camas\u2026<\/span><\/p>\n<p><strong style=\"font-size: medium;\">9.\u00a0<\/strong><strong style=\"font-size: medium;\">Es la primera vez que la Ruta viene a B\u00e9lgica \u00bfqu\u00e9 te ha parecido esta novedad?<\/strong><\/p>\n<p><span style=\"font-size: medium;\">A m\u00ed me parece interesant\u00edsimo. Yo ya hab\u00eda estado en B\u00e9lgica y me fastidi\u00f3 un poco porque ya lo conoc\u00eda pero todas las ciudades son preciosas y adem\u00e1s seguir los pasos de Carlos V me parece buena idea porque as\u00ed la Ruta se extiende y se conoce en otros pa\u00edses.<\/span><\/p>\n<div id=\"attachment_271\" style=\"width: 310px\" class=\"wp-caption aligncenter\"><a href=\"\/rutabbva\/wp-content\/uploads\/sites\/18\/2013\/07\/monica-web2.gif\"><img aria-describedby=\"caption-attachment-271\" loading=\"lazy\" class=\"size-medium wp-image-271\" title=\"monica web2\" src=\"\/rutabbva\/wp-content\/uploads\/sites\/18\/2013\/07\/monica-web2.gif\" alt=\"\" width=\"300\" height=\"225\" \/><\/a><p id=\"caption-attachment-271\" class=\"wp-caption-text\">M\u00f3nica y otras ruteras en el Cincuentenario (Bruselas)<\/p><\/div>\n<p><strong style=\"font-size: medium;\">10.\u00a0<\/strong><strong style=\"font-size: medium;\">En 3 palabras, \u00bfqu\u00e9 es para ti la Ruta Quetzal BBVA?<\/strong><\/p>\n<p><span style=\"font-size: medium;\">Cuando acabe creo que va a ser la mejor experiencia de mi vida, es dura, aprendes y adem\u00e1s es gratificante.\u00a0 <strong> <\/strong><\/span><\/p>\n<p><span style=\"font-size: medium;\"><strong>\u00a0<\/strong><\/span><\/p>\n<p><span style=\"font-size: medium;\"><strong>Para familiares y amigos:<\/strong><\/span><\/p>\n<p><a href=\"http:\/\/www.youtube.com\/watch?v=wTKg0_sPHMA&#038;feature=youtu.be\" rel=\"external nofollow\">Mensaje de M\u00f3nica<\/a><\/p>\n","protected":false},"excerpt":{"rendered":"<p>M\u00f3nica de Le\u00f3n y del grupo 1. \u00a0 1.\u00a0\u00bfC\u00f3mo conociste la Ruta Quetzal? Mi hermana vino hace dos a\u00f1os y estuvo en Per\u00fa. Ella me dijo que lo intentara que era una experiencia \u00fanica y que para ella hab\u00eda sido lo mejor. Me cont\u00f3 todas las actividades que hab\u00eda hecho, algunos ratos un poco duros [&hellip;]<\/p>\n","protected":false},"author":30,"featured_media":0,"comment_status":"open","ping_status":"open","sticky":false,"template":"","format":"standard","meta":[],"categories":[3],"tags":[],"_links":{"self":[{"href":"https:\/\/blogs.elnortedecastilla.es\/rutabbva\/wp-json\/wp\/v2\/posts\/269"}],"collection":[{"href":"https:\/\/blogs.elnortedecastilla.es\/rutabbva\/wp-json\/wp\/v2\/posts"}],"about":[{"href":"https:\/\/blogs.elnortedecastilla.es\/rutabbva\/wp-json\/wp\/v2\/types\/post"}],"author":[{"embeddable":true,"href":"https:\/\/blogs.elnortedecastilla.es\/rutabbva\/wp-json\/wp\/v2\/users\/30"}],"replies":[{"embeddable":true,"href":"https:\/\/blogs.elnortedecastilla.es\/rutabbva\/wp-json\/wp\/v2\/comments?post=269"}],"version-history":[{"count":0,"href":"https:\/\/blogs.elnortedecastilla.es\/rutabbva\/wp-json\/wp\/v2\/posts\/269\/revisions"}],"wp:attachment":[{"href":"https:\/\/blogs.elnortedecastilla.es\/rutabbva\/wp-json\/wp\/v2\/media?parent=269"}],"wp:term":[{"taxonomy":"category","embeddable":true,"href":"https:\/\/blogs.elnortedecastilla.es\/rutabbva\/wp-json\/wp\/v2\/categories?post=269"},{"taxonomy":"post_tag","embeddable":true,"href":"https:\/\/blogs.elnortedecastilla.es\/rutabbva\/wp-json\/wp\/v2\/tags?post=269"}],"curies":[{"name":"wp","href":"https:\/\/api.w.org\/{rel}","templated":true}]}}