{"id":308,"date":"2013-07-23T18:08:24","date_gmt":"2013-07-23T18:08:24","guid":{"rendered":"http:\/\/blogs.elnortedecastilla.es\/rutaquetzal2012\/?p=308"},"modified":"2013-07-23T18:08:24","modified_gmt":"2013-07-23T18:08:24","slug":"la-ruta-no-termina-aqui","status":"publish","type":"post","link":"https:\/\/blogs.elnortedecastilla.es\/rutabbva\/2013\/07\/23\/la-ruta-no-termina-aqui\/","title":{"rendered":"LA RUTA NO TERMINA AQU\u00cd"},"content":{"rendered":"<p>&nbsp;<\/p>\n<div id=\"attachment_309\" style=\"width: 310px\" class=\"wp-caption alignright\"><a href=\"\/rutabbva\/wp-content\/uploads\/sites\/18\/2013\/07\/alex-despedida.gif\"><img aria-describedby=\"caption-attachment-309\" loading=\"lazy\" class=\"size-medium wp-image-309\" title=\"alex despedida\" src=\"\/rutabbva\/wp-content\/uploads\/sites\/18\/2013\/07\/alex-despedida.gif\" alt=\"\" width=\"300\" height=\"225\" \/><\/a><p id=\"caption-attachment-309\" class=\"wp-caption-text\">Alex de Salamanca despidi\u00e9ndose de una sus amigas<\/p><\/div>\n<p><span style=\"font-size: medium;\">\u201cTe voy a echar mucho de menos. Te llamar\u00e9, te lo prometo. Tienes una casa en (pongan ustedes casi cualquier parte del mundo). Nos veremos pronto, ya ver\u00e1s\u201d. Estas han sido algunas de las tantas despedidas que hoy se han escuchado entre sollozos en la Universidad Francisco de Vitoria de Madrid. Padres, hermanos, amigos y nosotros periodistas hemos podido ser testigos de tiernos besos, fuertes abrazos y sinceras l\u00e1grimas que derramaban todos y cada uno de los ruteros. Aunque tambi\u00e9n quedaban fuerzas para las \u00faltimas canciones de despedida. Canciones que seguro que se volver\u00e1n a escuchar m\u00e1s pronto de los que ellos creen.<\/span><\/p>\n<p><span style=\"font-size: medium;\">Como ex rutera s\u00e9, que muchas de las cosas que hoy se han dicho a veces son dif\u00edciles de cumplir pero no todas son imposibles. Por ejemplo, reunirse otra vez el grupo entero es realmente complicado pero siempre vas a poder hacer peque\u00f1as quedadas aunque sean de tres o cuatro personas para no perder el esp\u00edritu rutero. Los amigos que haces en la ruta son de los de verdad, de los de para siempre, de esos que aunque pase un a\u00f1o sin hablar con ellos tendr\u00e1s la misma conversaci\u00f3n como si le hubieses visto el d\u00eda anterior.<\/span><\/p>\n<p><a href=\"\/rutabbva\/wp-content\/uploads\/sites\/18\/2013\/07\/marina-despedida.gif\"><img loading=\"lazy\" class=\"aligncenter size-medium wp-image-310\" title=\"marina despedida\" src=\"\/rutabbva\/wp-content\/uploads\/sites\/18\/2013\/07\/marina-despedida.gif\" alt=\"Marina de Valladolid abrazando a uno de sus compa\u00f1eros\" width=\"300\" height=\"225\" \/><\/a><\/p>\n<p><span style=\"font-size: medium;\">Los ruteros que durante el d\u00eda de hoy y ma\u00f1ana estar\u00e1n volviendo a casa sentir\u00e1n que les falta algo. Ese \u201calgo\u201d son esos 226 expedicionarios, monitores, m\u00e9dicos, ayudantes de material, organizadores, periodistas\u2026 con los que han compartido 36 d\u00edas inolvidables en esta experiencia \u00fanica que es la Ruta Quetzal BBVA. Durante los pr\u00f3ximos d\u00edas queridos ruteros dormir\u00e9is, descansar\u00e9is, ver\u00e9is a familiares y amigos, os sentir\u00e9is raros sin botas, con ropa limpia y diferente pero sobre todo no os cansar\u00e9is de contar lo que hab\u00e9is vivido, los buenos y los malos momentos. Os aseguro que a veces parecer\u00e9is pesados hablando de la ruta o simplemente alguien no entender\u00e1 c\u00f3mo te emocionaste al ba\u00f1arte en el r\u00edo Membrillo. Eso es la magia de esta aventura y hasta que no la vives no la logras entender. Estoy segura de que esta experiencia te cambia, seguramente a algunos m\u00e1s a otros menos, en unas cosas o en otras, pero este viaje que t\u00fa te has ganado marcar\u00e1 un antes y un despu\u00e9s en tu vida.<\/span><\/p>\n<div id=\"attachment_311\" style=\"width: 310px\" class=\"wp-caption aligncenter\"><a href=\"\/rutabbva\/wp-content\/uploads\/sites\/18\/2013\/07\/marta-diploma.gif\"><img aria-describedby=\"caption-attachment-311\" loading=\"lazy\" class=\"size-medium wp-image-311\" title=\"marta diploma\" src=\"\/rutabbva\/wp-content\/uploads\/sites\/18\/2013\/07\/marta-diploma.gif\" alt=\"\" width=\"300\" height=\"199\" \/><\/a><p id=\"caption-attachment-311\" class=\"wp-caption-text\">La burgalesa Marta con su diploma (Foto \u00c1. Colina)<\/p><\/div>\n<p><span style=\"font-size: medium;\">Antes de terminar me gustar\u00eda mencionar a mis ruteras del grupo 5 del a\u00f1o 2009 (Espa\u00f1a-Chile). Ellas seguramente sean algunas de las \u201cculpables\u201d de que yo tenga tanto cari\u00f1o a la ruta y que as\u00ed pueda escribir sobre ella de la forma en la que escribo. Como dec\u00eda ayer Antoni Ballabriga de BBVA en el acto de clausura \u201ctenemos que ser conscientes del impacto que generamos en la vida de otras personas\u201d. Ellas y la Ruta Quetzal BBVA son una parte de mi vida, como lo ser\u00e1 para los m\u00e1s de 8.000 j\u00f3venes que han disfrutado del Programa.<\/span><\/p>\n<p><span style=\"font-size: medium;\">Acabar\u00e9 esta entrada, como no pod\u00eda ser de otra manera, con las palabras de Miguel y de Luna, dos grandes pilares de esta aventura. Miguel record\u00f3 ayer que la Ruta Quetzal BBVA lleva 28 a\u00f1os siendo una Universidad itinerante que te ense\u00f1a que \u201ces imposible ser espa\u00f1ol si no se conoce qui\u00e9nes somos desde Am\u00e9rica. Somos de ac\u00e1 y de all\u00e1. Sin Am\u00e9rica no somos nadie.\u201d<\/span><\/p>\n<p><span style=\"font-size: medium;\">Por otro lado, Luna, ese hombre que no sabemos de d\u00f3nde saca la fuerza, ni cu\u00e1ndo come, ni cu\u00e1ndo duerme, les dese\u00f3 \u201cque el vuelo del quetzal sea el que dirija vuestras vidas, que os haga eliminar los prejuicios y considerar las dimensiones humanas en cualquier aventura\u201d. Termin\u00f3 diciendo que \u201cla Ruta siempre permanecer\u00e1 en nuestros corazones y que cada uno de los d\u00edas sean el d\u00eda que estabais esperando\u201d.\u00a0<\/span><\/p>\n<p>&nbsp;<\/p>\n<div id=\"attachment_312\" style=\"width: 310px\" class=\"wp-caption aligncenter\"><a href=\"\/rutabbva\/wp-content\/uploads\/sites\/18\/2013\/07\/luna-diploma.gif\"><img aria-describedby=\"caption-attachment-312\" loading=\"lazy\" class=\"size-medium wp-image-312 \" title=\"luna diploma\" src=\"\/rutabbva\/wp-content\/uploads\/sites\/18\/2013\/07\/luna-diploma.gif\" alt=\"\" width=\"300\" height=\"199\" \/><\/a><p id=\"caption-attachment-312\" class=\"wp-caption-text\">Luna con su diploma (Foto \u00c1. Colina)<\/p><\/div>\n","protected":false},"excerpt":{"rendered":"<p>&nbsp; \u201cTe voy a echar mucho de menos. Te llamar\u00e9, te lo prometo. Tienes una casa en (pongan ustedes casi cualquier parte del mundo). Nos veremos pronto, ya ver\u00e1s\u201d. Estas han sido algunas de las tantas despedidas que hoy se han escuchado entre sollozos en la Universidad Francisco de Vitoria de Madrid. Padres, hermanos, amigos [&hellip;]<\/p>\n","protected":false},"author":30,"featured_media":0,"comment_status":"open","ping_status":"open","sticky":false,"template":"","format":"standard","meta":[],"categories":[3],"tags":[],"_links":{"self":[{"href":"https:\/\/blogs.elnortedecastilla.es\/rutabbva\/wp-json\/wp\/v2\/posts\/308"}],"collection":[{"href":"https:\/\/blogs.elnortedecastilla.es\/rutabbva\/wp-json\/wp\/v2\/posts"}],"about":[{"href":"https:\/\/blogs.elnortedecastilla.es\/rutabbva\/wp-json\/wp\/v2\/types\/post"}],"author":[{"embeddable":true,"href":"https:\/\/blogs.elnortedecastilla.es\/rutabbva\/wp-json\/wp\/v2\/users\/30"}],"replies":[{"embeddable":true,"href":"https:\/\/blogs.elnortedecastilla.es\/rutabbva\/wp-json\/wp\/v2\/comments?post=308"}],"version-history":[{"count":0,"href":"https:\/\/blogs.elnortedecastilla.es\/rutabbva\/wp-json\/wp\/v2\/posts\/308\/revisions"}],"wp:attachment":[{"href":"https:\/\/blogs.elnortedecastilla.es\/rutabbva\/wp-json\/wp\/v2\/media?parent=308"}],"wp:term":[{"taxonomy":"category","embeddable":true,"href":"https:\/\/blogs.elnortedecastilla.es\/rutabbva\/wp-json\/wp\/v2\/categories?post=308"},{"taxonomy":"post_tag","embeddable":true,"href":"https:\/\/blogs.elnortedecastilla.es\/rutabbva\/wp-json\/wp\/v2\/tags?post=308"}],"curies":[{"name":"wp","href":"https:\/\/api.w.org\/{rel}","templated":true}]}}