{"id":326,"date":"2014-07-15T18:41:15","date_gmt":"2014-07-15T18:41:15","guid":{"rendered":"http:\/\/blogs.elnortedecastilla.es\/rutaquetzal2012\/?p=326"},"modified":"2014-07-15T18:41:15","modified_gmt":"2014-07-15T18:41:15","slug":"hoy-nos-acompana-13","status":"publish","type":"post","link":"https:\/\/blogs.elnortedecastilla.es\/rutabbva\/2014\/07\/15\/hoy-nos-acompana-13\/","title":{"rendered":"HOY NOS ACOMPA\u00d1A&#8230;"},"content":{"rendered":"<p><strong><span style=\"font-size: medium;\">Antonio Cebas, de Aranda de Duero y \u00a0monitor del grupo 11 \u00a0<a href=\"\/rutabbva\/wp-content\/uploads\/sites\/18\/2014\/07\/antonio.gif\"><img loading=\"lazy\" class=\"alignright size-medium wp-image-327\" title=\"Antonio Monitor del grupo 11\" src=\"\/rutabbva\/wp-content\/uploads\/sites\/18\/2014\/07\/antonio.gif\" alt=\"\" width=\"300\" height=\"225\" \/><\/a><\/span><\/strong><\/p>\n<p><strong>\u00a01.\u00a0<span style=\"font-size: medium;\">\u00bfC\u00f3mo conociste la Ruta BBVA?<\/span><\/strong><\/p>\n<p><span style=\"font-size: medium;\">La conoc\u00ed cuando hace 9 a\u00f1os me intent\u00e9 presentar como expedicionario pero no me cogieron, entonces decid\u00ed que ten\u00eda que venir fuera como fuese. Me estuve preparando para venir como monitor que era la segunda opci\u00f3n de venir a esta ruta. Me prepar\u00e9, me present\u00e9, tuve suerte y aqu\u00ed estoy.<\/span><\/p>\n<p><strong><span style=\"font-size: medium;\">2. \u00bfQu\u00e9 tal fueron las pruebas f\u00edsicas?<\/span><\/strong><\/p>\n<p><span style=\"font-size: medium;\">Pues la verdad que este a\u00f1o han sido especialmente duras seg\u00fan lo que nos ha contado la organizaci\u00f3n, pero como ven\u00eda preparado y concienciado de que quer\u00eda darlo todo y ponerme al l\u00edmite las super\u00e9 con facilidad m\u00e1s o menos.<\/span><\/p>\n<p><span style=\"font-size: medium;\">Tambi\u00e9n debo decir que no son unas pruebas de andar por casa sino que son bastante duras.<\/span><\/p>\n<p><strong><span style=\"font-size: medium;\">3. \u00bfQu\u00e9 has estudiado?<\/span><\/strong><\/p>\n<p><span style=\"font-size: medium;\">Soy licenciado en Ciencias de la Actividad F\u00edsica y el Deporte y ahora estoy haciendo Primaria por Educaci\u00f3n F\u00edsica.<\/span><\/p>\n<p><strong><span style=\"font-size: medium;\">4. \u00bfCon qu\u00e9 te quedar\u00edas de lo que llevas de ruta?<\/span><\/strong><\/p>\n<p><span style=\"font-size: medium;\">Me quedar\u00eda, yo creo que como la mayor\u00eda del resto de expedicionarios que han podido ascender al Quehuisa, con el d\u00eda entero, incluyendo todas las adversidades que sufrimos desde el principio hasta el \u00faltimo momento que volvimos al campamento.<\/span><\/p>\n<p><strong><span style=\"font-size: medium;\">5.\u00a0\u00bfEs muy diferente lo que hab\u00edas imaginado?<\/span><\/strong><\/p>\n<p><strong><\/strong><span style=\"font-size: medium;\"><span>La verdad que s\u00ed y no. Y<\/span><\/span><span style=\"font-size: medium;\">o me lo hab\u00eda imaginado como un campamento que mezclaba muchos tipos de culturas, s\u00ed que es como un campamento pero no es un campamento normal. Esta mezcla de culturas lo hace totalmente distinto a cualquier otro que puedas ir aqu\u00ed en Espa\u00f1a. Adem\u00e1s al viajar a un pa\u00eds diferente le da un toque especial.<\/span><\/p>\n<p><strong><span style=\"font-size: medium;\">6.\u00a0\u00a0Si te digo ropa limpia, ducha caliente y agua potable \u00bfqu\u00e9 me dir\u00edas?<\/span><\/strong><\/p>\n<p><strong><\/strong><span style=\"font-size: medium;\">Pues lo de ropa limpia te dir\u00eda uff no s\u00e9 qu\u00e9 es eso, me quedan dos camisetas para quince d\u00edas. Con el agua caliente, los monitores alguna vez tenemos un peque\u00f1o privilegio. Agua potable tenemos la suerte de que nos proveen con la necesaria sin embargo tambi\u00e9n tenemos que estar tirando de pastillas. Te das cuenta de que los privilegios que aqu\u00ed tienes son cosas que durante la vida normal no te das cuenta de lo que son.<\/span><\/p>\n<p><strong style=\"font-size: medium;\">7. \u00bfQu\u00e9 sentiste cuando conseguiste llegar a las fuentes del r\u00edo Amazonas?<\/strong><\/p>\n<p><strong style=\"font-size: medium;\"><\/strong><span style=\"font-size: medium;\">Me impact\u00f3 m\u00e1s el mirador de la cruz del c\u00f3ndor porque me pareci\u00f3 que era s\u00faper peque\u00f1o en un mundo tan grande. Me pareci\u00f3 impresionante, tienes unas monta\u00f1as, unos desfiladeros\u2026te sientes muy peque\u00f1o en un mundo muy grande. Y dices yo qu\u00e9 pinto aqu\u00ed que no soy nada con respecto a todo lo que me rodea.<\/span><\/p>\n<p><strong><span style=\"font-size: medium;\">8.\u00a0\u00a0\u00bfTuviste problemas de mal de altura?<\/span><\/strong><\/p>\n<p><strong><\/strong><span style=\"font-size: medium;\">La verdad que no tuve problemas en la subida pero en la bajada me doli\u00f3 la cabeza aunque \u00a0yo creo que fue m\u00e1s por el esfuerzo f\u00edsico, por la exigencia que por otra cosa.<\/span><\/p>\n<p><strong>9.\u00a0En 3 palabras, \u00bfqu\u00e9 es para ti la Ruta BBVA?<\/strong><\/p>\n<p><strong><\/strong><span style=\"font-size: medium;\">Es la vida que realmente no te das cuenta que es vida.<\/span><\/p>\n<p>&nbsp;<\/p>\n<p><span style=\"font-size: medium;\"><a href=\"https:\/\/www.youtube.com\/watch?v=l6yfb3u7qrE&#038;feature=youtu.be\" rel=\"external nofollow\">Mensaje de Antonio para familiares y amigos<\/a><\/span><\/p>\n<p>&nbsp;<\/p>\n","protected":false},"excerpt":{"rendered":"<p>Antonio Cebas, de Aranda de Duero y \u00a0monitor del grupo 11 \u00a0 \u00a01.\u00a0\u00bfC\u00f3mo conociste la Ruta BBVA? La conoc\u00ed cuando hace 9 a\u00f1os me intent\u00e9 presentar como expedicionario pero no me cogieron, entonces decid\u00ed que ten\u00eda que venir fuera como fuese. Me estuve preparando para venir como monitor que era la segunda opci\u00f3n de venir [&hellip;]<\/p>\n","protected":false},"author":30,"featured_media":0,"comment_status":"open","ping_status":"open","sticky":false,"template":"","format":"standard","meta":[],"categories":[4],"tags":[],"_links":{"self":[{"href":"https:\/\/blogs.elnortedecastilla.es\/rutabbva\/wp-json\/wp\/v2\/posts\/326"}],"collection":[{"href":"https:\/\/blogs.elnortedecastilla.es\/rutabbva\/wp-json\/wp\/v2\/posts"}],"about":[{"href":"https:\/\/blogs.elnortedecastilla.es\/rutabbva\/wp-json\/wp\/v2\/types\/post"}],"author":[{"embeddable":true,"href":"https:\/\/blogs.elnortedecastilla.es\/rutabbva\/wp-json\/wp\/v2\/users\/30"}],"replies":[{"embeddable":true,"href":"https:\/\/blogs.elnortedecastilla.es\/rutabbva\/wp-json\/wp\/v2\/comments?post=326"}],"version-history":[{"count":0,"href":"https:\/\/blogs.elnortedecastilla.es\/rutabbva\/wp-json\/wp\/v2\/posts\/326\/revisions"}],"wp:attachment":[{"href":"https:\/\/blogs.elnortedecastilla.es\/rutabbva\/wp-json\/wp\/v2\/media?parent=326"}],"wp:term":[{"taxonomy":"category","embeddable":true,"href":"https:\/\/blogs.elnortedecastilla.es\/rutabbva\/wp-json\/wp\/v2\/categories?post=326"},{"taxonomy":"post_tag","embeddable":true,"href":"https:\/\/blogs.elnortedecastilla.es\/rutabbva\/wp-json\/wp\/v2\/tags?post=326"}],"curies":[{"name":"wp","href":"https:\/\/api.w.org\/{rel}","templated":true}]}}