{"id":449,"date":"2015-08-07T02:27:32","date_gmt":"2015-08-07T02:27:32","guid":{"rendered":"http:\/\/blogs.elnortedecastilla.es\/rutabbva\/?p=449"},"modified":"2015-08-07T02:27:32","modified_gmt":"2015-08-07T02:27:32","slug":"hoy-nos-acompana-berta-gato","status":"publish","type":"post","link":"https:\/\/blogs.elnortedecastilla.es\/rutabbva\/2015\/08\/07\/hoy-nos-acompana-berta-gato\/","title":{"rendered":"Hoy nos acompa\u00f1a&#8230; Berta Gato"},"content":{"rendered":"<div id=\"attachment_451\" style=\"width: 310px\" class=\"wp-caption alignright\"><a href=\"\/rutabbva\/wp-content\/uploads\/sites\/18\/2015\/08\/berta-1.jpg\"><img aria-describedby=\"caption-attachment-451\" loading=\"lazy\" class=\"size-medium wp-image-451\" title=\"berta 1\" src=\"\/rutabbva\/wp-content\/uploads\/sites\/18\/2015\/08\/berta-1.jpg\" alt=\"\" width=\"300\" height=\"225\" srcset=\"https:\/\/static-blogs.elnortedecastilla.es\/wp-content\/uploads\/sites\/18\/2015\/08\/berta-1.jpg 640w, https:\/\/static-blogs.elnortedecastilla.es\/wp-content\/uploads\/sites\/18\/2015\/08\/berta-1-300x225.jpg 300w\" sizes=\"(max-width: 300px) 100vw, 300px\" \/><\/a><p id=\"caption-attachment-451\" class=\"wp-caption-text\">Berta de camino al cabo Finsiterre<\/p><\/div>\n<p><span style=\"font-size: medium;\"><strong>Berta Gato es de Valladolid, estudia Medicina y pertenece al grupo 7.<\/strong><\/span><\/p>\n<p><span style=\"font-size: medium;\"><strong>1.\u00bfC\u00f3mo conociste la Ruta BBVA y qu\u00e9 es lo que te motiv\u00f3 a presentarte?<\/strong><\/span><\/p>\n<p><span style=\"font-size: medium;\">La ruta la conoc\u00ed hace tres a\u00f1os pero en aquel entonces no pensaba que yo pudiese ser parte de ella. Este a\u00f1o una amiga me avis\u00f3 del cambio de edad y me anim\u00e9 a presentarme porque me parec\u00eda una gran experiencia.<\/span><\/p>\n<p><span style=\"font-size: medium;\">Despu\u00e9s de enviar el trabajo no paraba de \u201ctorturarme\u201d viendo v\u00eddeos de la ruta sin saber si me iban a coger o no.<\/span><\/p>\n<p><span style=\"font-size: medium;\"><strong>2. \u00bfEn qu\u00e9 consist\u00eda el trabajo literario o musical que presentaste?<\/strong><\/span><\/p>\n<p><span style=\"font-size: medium;\">Hice un trabajo literario sobre la visi\u00f3n m\u00e1gica de la vida tradicional en Colombia. Quer\u00eda hacer algo original e hice una especie de entrevista de un peri\u00f3dico espa\u00f1ol a una ni\u00f1a colombiana que iba a celebrar la fiesta de quincea\u00f1era. A partir de ah\u00ed la ni\u00f1a contaba todas las tradiciones de Colombia con ejemplos de realismo m\u00e1gico.<\/span><\/p>\n<p><span style=\"font-size: medium;\"><strong>3.\u00a0Adem\u00e1s del trabajo, has tenido que realizar un proyecto de emprendimiento social \u00bfqu\u00e9 problem\u00e1tica elegiste?<\/strong><\/span><\/p>\n<p><span style=\"font-size: medium;\">Eleg\u00ed el tema de educaci\u00f3n. Me bas\u00e9 en una asignatura que hace mi colegio que se llama Formaci\u00f3n Humana en la que hac\u00edamos cosas muy interesantes sobre temas sociales. Es como una actividad extraescolar para los ni\u00f1os que est\u00e1n desmotivados y no quieren estudiar consigan que salga de ellos hacer las cosas bien.<\/span><\/p>\n<p><span style=\"font-size: medium;\"><strong>4.\u00a0\u00bfCon qu\u00e9 te quedar\u00edas de lo que llevas de ruta?<\/strong><\/span><\/p>\n<p><span style=\"font-size: medium;\">Me encanto la cena en O Cebreriro, todos sentados en un muro contemplando la belleza de las monta\u00f1as. Tambi\u00e9n me encant\u00f3 Toledo. Pero sobre todo, lo ratos que paso con mi grupo.<\/span><\/p>\n<p><span style=\"font-size: medium;\"><strong>5.\u00a0\u00bfEs muy diferente de lo que hab\u00edas imaginado?<\/strong><\/span><\/p>\n<p><span style=\"font-size: medium;\">Por ahora es parecido a lo que me hab\u00eda imaginado. Es del estilo a otros campamentos que he hecho de peque\u00f1a pero con m\u00e1s aventura. Me lo esperaba un poco m\u00e1s duro de caminatas y comer menos, pero todav\u00eda nos falta Colombia.<\/span><\/p>\n<p><span style=\"font-size: medium;\"><strong>6.\u00a0 \u00bfQu\u00e9 es lo que m\u00e1s te llama la atenci\u00f3n de Colombia?<\/strong><\/span><\/p>\n<p><span style=\"font-size: medium;\">Sobre todo el Parque Nacional de Tayrona, Bogot\u00e1 y el Caribe. Tengo ganas de ir al r\u00edo San Gil donde vamos a hacer activdades de agua. M\u00e1s que visitar ciudades me apetece m\u00e1s aventura<\/span><\/p>\n<p><span style=\"font-size: medium;\"><strong>7.\u00a0Este a\u00f1o se celebra el XXX aniversario de la Ruta BBVA \u00bfqu\u00e9 crees que ha aportado a este programa a los m\u00e1s de 9.000 j\u00f3venes que han tenido la oportunidad de vivirlo?<\/strong><\/span><\/p>\n<p><span style=\"font-size: medium;\">Creo que a todos los que hemos pasado por la ruta nos une mucho esta experiencia que no todo el mundo ha tenido la suerte de vivir. No creo que cuando vuelvas de la ruta seas exactamente igual sino que ves con otros ojos las cosas.<\/span><\/p>\n<p><span style=\"font-size: medium;\"><strong>8.\u00a0En pocas palabras, \u00bfqu\u00e9 es para ti la Ruta BBVA?<\/strong><\/span><\/p>\n<p><span style=\"font-size: medium;\">Aventura, magia y gente.<\/span><\/p>\n<p><span style=\"font-size: medium;\"><a href=\"https:\/\/youtu.be\/urbX83AeUMQ\" rel=\"external nofollow\">\u00a0Mensaje de Berta para familiares y amigos<\/a>.\u00a0<\/span><\/p>\n<div id=\"attachment_450\" style=\"width: 310px\" class=\"wp-caption aligncenter\"><a href=\"\/rutabbva\/wp-content\/uploads\/sites\/18\/2015\/08\/berta-2.jpg\"><img aria-describedby=\"caption-attachment-450\" loading=\"lazy\" class=\"size-medium wp-image-450\" title=\"berta 2\" src=\"\/rutabbva\/wp-content\/uploads\/sites\/18\/2015\/08\/berta-2.jpg\" alt=\"\" width=\"300\" height=\"225\" srcset=\"https:\/\/static-blogs.elnortedecastilla.es\/wp-content\/uploads\/sites\/18\/2015\/08\/berta-2.jpg 640w, https:\/\/static-blogs.elnortedecastilla.es\/wp-content\/uploads\/sites\/18\/2015\/08\/berta-2-300x225.jpg 300w\" sizes=\"(max-width: 300px) 100vw, 300px\" \/><\/a><p id=\"caption-attachment-450\" class=\"wp-caption-text\">Berta con otros ruteros en Finisterre<\/p><\/div>\n","protected":false},"excerpt":{"rendered":"<p>Berta Gato es de Valladolid, estudia Medicina y pertenece al grupo 7. 1.\u00bfC\u00f3mo conociste la Ruta BBVA y qu\u00e9 es lo que te motiv\u00f3 a presentarte? La ruta la conoc\u00ed hace tres a\u00f1os pero en aquel entonces no pensaba que yo pudiese ser parte de ella. Este a\u00f1o una amiga me avis\u00f3 del cambio de [&hellip;]<\/p>\n","protected":false},"author":30,"featured_media":0,"comment_status":"open","ping_status":"closed","sticky":false,"template":"","format":"standard","meta":[],"categories":[8,5],"tags":[],"_links":{"self":[{"href":"https:\/\/blogs.elnortedecastilla.es\/rutabbva\/wp-json\/wp\/v2\/posts\/449"}],"collection":[{"href":"https:\/\/blogs.elnortedecastilla.es\/rutabbva\/wp-json\/wp\/v2\/posts"}],"about":[{"href":"https:\/\/blogs.elnortedecastilla.es\/rutabbva\/wp-json\/wp\/v2\/types\/post"}],"author":[{"embeddable":true,"href":"https:\/\/blogs.elnortedecastilla.es\/rutabbva\/wp-json\/wp\/v2\/users\/30"}],"replies":[{"embeddable":true,"href":"https:\/\/blogs.elnortedecastilla.es\/rutabbva\/wp-json\/wp\/v2\/comments?post=449"}],"version-history":[{"count":0,"href":"https:\/\/blogs.elnortedecastilla.es\/rutabbva\/wp-json\/wp\/v2\/posts\/449\/revisions"}],"wp:attachment":[{"href":"https:\/\/blogs.elnortedecastilla.es\/rutabbva\/wp-json\/wp\/v2\/media?parent=449"}],"wp:term":[{"taxonomy":"category","embeddable":true,"href":"https:\/\/blogs.elnortedecastilla.es\/rutabbva\/wp-json\/wp\/v2\/categories?post=449"},{"taxonomy":"post_tag","embeddable":true,"href":"https:\/\/blogs.elnortedecastilla.es\/rutabbva\/wp-json\/wp\/v2\/tags?post=449"}],"curies":[{"name":"wp","href":"https:\/\/api.w.org\/{rel}","templated":true}]}}