{"id":45,"date":"2012-07-14T15:00:10","date_gmt":"2012-07-14T15:00:10","guid":{"rendered":"http:\/\/blogs.elnortedecastilla.es\/rutaquetzal2012\/?p=45"},"modified":"2012-07-14T15:00:10","modified_gmt":"2012-07-14T15:00:10","slug":"45","status":"publish","type":"post","link":"https:\/\/blogs.elnortedecastilla.es\/rutabbva\/2012\/07\/14\/45\/","title":{"rendered":"LA RUTA EN ROTA"},"content":{"rendered":"<p><a href=\"\/rutabbva\/wp-content\/uploads\/sites\/18\/2012\/07\/P7140022web.gif\"><img loading=\"lazy\" class=\"alignnone size-medium wp-image-48 alignright\" title=\"P7140022web\" src=\"\/rutabbva\/wp-content\/uploads\/sites\/18\/2012\/07\/P7140022web.gif\" alt=\"\" width=\"300\" height=\"169\" \/><\/a><\/p>\n<p><span style=\"font-size: medium;\"><span style=\"font-family: Calibri;\">Todav\u00eda nos queda la mitad del d\u00eda, pero tengo que escribir esta cr\u00f3nica porque en menos de dos horas zarpamos rumbo a M\u00e1laga y seguramente no tengamos cobertura. <\/span><\/span><\/p>\n<p><span style=\"font-family: Calibri; font-size: medium;\">Antes de nada, felicitar a Julia y a Jes\u00fas porque hoy cumplen a\u00f1os. En la Ruta Quetzal BBVA no se hace una gran celebraci\u00f3n, pero os aseguro que se entera todo el mundo, porque pueden llegar a cantarles (incluso muchos af\u00f3nicos) el <em>Cumplea\u00f1os Feliz<\/em> hasta 10 veces. El rutero que tiene la suerte de pasar este d\u00eda con sus compa\u00f1eros de Ruta, no lo olvidar\u00e1 jam\u00e1s. <\/span><\/p>\n<p><span style=\"font-family: Calibri; font-size: medium;\">A las 9.00 de la ma\u00f1ana, tras los rigurosos <em>Cumplea\u00f1os felices<\/em> entonados por Salva (titiritero de la expedici\u00f3n), hemos desembarcado para dirigirnos al sal\u00f3n de actos de la Base naval de Rota. Una vez all\u00ed, el capit\u00e1n de nav\u00edo Santiago Gonz\u00e1lez ha ofrecido unas palabras acompa\u00f1ado de un v\u00eddeo explicativo sobre la Flotilla de aeronaves.<\/span><\/p>\n<p><span style=\"font-family: Calibri; font-size: medium;\">El cansancio hace mella en los ruteros, desde las \u00faltimas filas del sal\u00f3n se ve\u00eda como iban apoyando cabezas en los respaldos y muchos de ellos no han podido impedir que se les cerrasen los ojos. Esto es normal en casi todas las conferencias. Durante la Ruta se duerme poco y hay actividades todo el d\u00eda. En el momento en que tu cuerpo se para, se queda <em>off<\/em> y no puedes evitarlo. <\/span><\/p>\n<p><span style=\"font-size: medium;\"><span style=\"font-family: Calibri;\">Despu\u00e9s de la parte te\u00f3rica, nos hemos desplazado hasta el hangar para visitar una exposici\u00f3n de aeronaves de la Armada. <\/span><\/span><\/p>\n<p><span style=\"font-size: medium;\"><span style=\"font-family: Calibri;\">Alrededor de las 12.30 hemos vuelto al buque y el profesor Terencio P\u00e9rez Hortelano ha impartido una conferencia sobre los tesoros hundidos en el Mediterr\u00e1neo. Nada m\u00e1s terminar el turno de preguntas, todos a comer. <\/span><\/span><\/p>\n<p><span style=\"font-size: medium;\"><span style=\"font-family: Calibri;\">Esta tarde los expedicionarios tendr\u00e1n alguna conferencia, una visita por el buque y diferentes talleres. La noche se pasar\u00e1 a bordo y ma\u00f1ana visitar\u00e1n M\u00e1laga. <\/span><\/span><\/p>\n<p><span style=\"font-size: medium;\"><span style=\"font-family: Calibri;\"><a href=\"\/rutabbva\/wp-content\/uploads\/sites\/18\/2012\/07\/P7140036web.gif\"><img loading=\"lazy\" class=\"aligncenter\" title=\"P7140036web\" src=\"\/rutabbva\/wp-content\/uploads\/sites\/18\/2012\/07\/P7140036web.gif\" alt=\"\" width=\"300\" height=\"169\" \/><\/a><\/span><\/span><\/p>\n","protected":false},"excerpt":{"rendered":"<p>Todav\u00eda nos queda la mitad del d\u00eda, pero tengo que escribir esta cr\u00f3nica porque en menos de dos horas zarpamos rumbo a M\u00e1laga y seguramente no tengamos cobertura. Antes de nada, felicitar a Julia y a Jes\u00fas porque hoy cumplen a\u00f1os. En la Ruta Quetzal BBVA no se hace una gran celebraci\u00f3n, pero os aseguro [&hellip;]<\/p>\n","protected":false},"author":30,"featured_media":0,"comment_status":"open","ping_status":"closed","sticky":false,"template":"","format":"standard","meta":[],"categories":[2],"tags":[],"_links":{"self":[{"href":"https:\/\/blogs.elnortedecastilla.es\/rutabbva\/wp-json\/wp\/v2\/posts\/45"}],"collection":[{"href":"https:\/\/blogs.elnortedecastilla.es\/rutabbva\/wp-json\/wp\/v2\/posts"}],"about":[{"href":"https:\/\/blogs.elnortedecastilla.es\/rutabbva\/wp-json\/wp\/v2\/types\/post"}],"author":[{"embeddable":true,"href":"https:\/\/blogs.elnortedecastilla.es\/rutabbva\/wp-json\/wp\/v2\/users\/30"}],"replies":[{"embeddable":true,"href":"https:\/\/blogs.elnortedecastilla.es\/rutabbva\/wp-json\/wp\/v2\/comments?post=45"}],"version-history":[{"count":0,"href":"https:\/\/blogs.elnortedecastilla.es\/rutabbva\/wp-json\/wp\/v2\/posts\/45\/revisions"}],"wp:attachment":[{"href":"https:\/\/blogs.elnortedecastilla.es\/rutabbva\/wp-json\/wp\/v2\/media?parent=45"}],"wp:term":[{"taxonomy":"category","embeddable":true,"href":"https:\/\/blogs.elnortedecastilla.es\/rutabbva\/wp-json\/wp\/v2\/categories?post=45"},{"taxonomy":"post_tag","embeddable":true,"href":"https:\/\/blogs.elnortedecastilla.es\/rutabbva\/wp-json\/wp\/v2\/tags?post=45"}],"curies":[{"name":"wp","href":"https:\/\/api.w.org\/{rel}","templated":true}]}}