{"id":488,"date":"2016-07-14T20:02:05","date_gmt":"2016-07-14T20:02:05","guid":{"rendered":"http:\/\/blogs.elnortedecastilla.es\/rutabbva\/?p=488"},"modified":"2016-07-14T20:02:05","modified_gmt":"2016-07-14T20:02:05","slug":"el-norte-acompanara-a-la-ruta-bbva-en-su-periplo-por-espana","status":"publish","type":"post","link":"https:\/\/blogs.elnortedecastilla.es\/rutabbva\/2016\/07\/14\/el-norte-acompanara-a-la-ruta-bbva-en-su-periplo-por-espana\/","title":{"rendered":"El Norte acompa\u00f1ar\u00e1 a la Ruta BBVA en su periplo por Espa\u00f1a"},"content":{"rendered":"<h2><span style=\"font-size: medium;\">Los 8 expedicionarios de Castilla y Le\u00f3n ya han recorrido M\u00e9xico y en los pr\u00f3ximos d\u00edas visitar\u00e1n el sur de Espa\u00f1a<\/span><\/h2>\n<p><span style=\"font-size: medium;\">El pasado 29 de junio comenzaba la XXXI edici\u00f3n de la Ruta BBVA con una gran ausencia, la de su creador Miguel de la Quadra-Salcedo, y con el reciente anuncio del fin del patrocinio por parte de la entidad bancaria. Con la incertidumbre acerca del futuro de este programa de estudios y aventura, por el que ya han pasado m\u00e1s de 10.000 j\u00f3venes, los expedicionarios cruzaron el Atl\u00e1ntico hasta M\u00e9xico para dar comienzo a una de las experiencias m\u00e1s enriquecedoras de su vida.<\/span><\/p>\n<p><span style=\"font-size: medium;\">\u00a0En esta ocasi\u00f3n, el programa cuenta con 8 embajadores de nuestra comunidad; Mar\u00eda, Pablo, Elena, Cristina y Laura, de Valladolid; Celia G. y Celia H. de Le\u00f3n; y Luc\u00eda, de Segovia. Y un a\u00f1o m\u00e1s El Norte de Castilla seguir\u00e1 sus pasos en su recorrido por Espa\u00f1a que finalizar\u00e1 a \u00faltimos de julio.\u00a0<\/span><\/p>\n<p><span style=\"font-size: medium;\">Bajo el t\u00edtulo &#8216;Aventura en las Selvas Mayas de Yucat\u00e1n&#8217;, los 180 expedicionarios de 17 pa\u00edses iberoamericanos han viajado hasta M\u00e9xico para conocer el presente y pasado de la sociedad yucateca, y estudiar la civilizaci\u00f3n maya en especial. La expedici\u00f3n comenz\u00f3 en la Reserva de la Biosfera de R\u00edo Lagartos y ha visitado los sitios arqueol\u00f3gicos de Ek&#8217;Balam, Uxmal, Edz\u00e1, Calakmul, Bec\u00e1n y Tulum. Adem\u00e1s, los j\u00f3venes han tenido la oportunidad de profundizar en la transformaci\u00f3n de la sociedad yucateca actual en las ciudades de M\u00e9rida y Campeche.<\/span><\/p>\n<p><span style=\"font-size: medium;\">Durante la ruta por Espa\u00f1a, la expedici\u00f3n recorrer\u00e1 Extremadura y Andaluc\u00eda para conmemorar el quinto centenario de la muerte de Fernando el Cat\u00f3lico en Madrigalejo y profundizar en la figura del Inca Garcilaso de la Vega en C\u00f3rdoba.<\/span><\/p>\n<p><span style=\"font-size: medium;\">La Ruta BBVA 2016 tambi\u00e9n visitar\u00e1 Sevilla y Montilla, y ascender\u00e1 al Mulhac\u00e9n, el pico m\u00e1s alto de la pen\u00ednsula ib\u00e9rica con una altitud de 3.478 metros sobre el nivel del mar.<\/span><\/p>\n<div id=\"attachment_490\" style=\"width: 310px\" class=\"wp-caption alignleft\"><a href=\"\/rutabbva\/wp-content\/uploads\/sites\/18\/2016\/07\/0347_11_julio_Becan-CASTILLA-LEON.jpg\"><img aria-describedby=\"caption-attachment-490\" loading=\"lazy\" class=\"size-medium wp-image-490\" title=\"Los expedicionarios de Castilla y Le\u00f3n en Bec\u00e1n, M\u00e9xico (Foto \u00c1ngel Colina)\" src=\"\/rutabbva\/wp-content\/uploads\/sites\/18\/2016\/07\/0347_11_julio_Becan-CASTILLA-LEON.jpg\" alt=\"\" width=\"300\" height=\"199\" srcset=\"https:\/\/static-blogs.elnortedecastilla.es\/wp-content\/uploads\/sites\/18\/2016\/07\/0347_11_julio_Becan-CASTILLA-LEON.jpg 640w, https:\/\/static-blogs.elnortedecastilla.es\/wp-content\/uploads\/sites\/18\/2016\/07\/0347_11_julio_Becan-CASTILLA-LEON-300x200.jpg 300w\" sizes=\"(max-width: 300px) 100vw, 300px\" \/><\/a><p id=\"caption-attachment-490\" class=\"wp-caption-text\">Los expedicionarios de Castilla y Le\u00f3n en Bec\u00e1n, M\u00e9xico (Foto \u00c1ngel Colina)<\/p><\/div>\n","protected":false},"excerpt":{"rendered":"<p>Los 8 expedicionarios de Castilla y Le\u00f3n ya han recorrido M\u00e9xico y en los pr\u00f3ximos d\u00edas visitar\u00e1n el sur de Espa\u00f1a El pasado 29 de junio comenzaba la XXXI edici\u00f3n de la Ruta BBVA con una gran ausencia, la de su creador Miguel de la Quadra-Salcedo, y con el reciente anuncio del fin del patrocinio [&hellip;]<\/p>\n","protected":false},"author":30,"featured_media":0,"comment_status":"open","ping_status":"closed","sticky":false,"template":"","format":"standard","meta":[],"categories":[7],"tags":[16,29,32,36],"_links":{"self":[{"href":"https:\/\/blogs.elnortedecastilla.es\/rutabbva\/wp-json\/wp\/v2\/posts\/488"}],"collection":[{"href":"https:\/\/blogs.elnortedecastilla.es\/rutabbva\/wp-json\/wp\/v2\/posts"}],"about":[{"href":"https:\/\/blogs.elnortedecastilla.es\/rutabbva\/wp-json\/wp\/v2\/types\/post"}],"author":[{"embeddable":true,"href":"https:\/\/blogs.elnortedecastilla.es\/rutabbva\/wp-json\/wp\/v2\/users\/30"}],"replies":[{"embeddable":true,"href":"https:\/\/blogs.elnortedecastilla.es\/rutabbva\/wp-json\/wp\/v2\/comments?post=488"}],"version-history":[{"count":0,"href":"https:\/\/blogs.elnortedecastilla.es\/rutabbva\/wp-json\/wp\/v2\/posts\/488\/revisions"}],"wp:attachment":[{"href":"https:\/\/blogs.elnortedecastilla.es\/rutabbva\/wp-json\/wp\/v2\/media?parent=488"}],"wp:term":[{"taxonomy":"category","embeddable":true,"href":"https:\/\/blogs.elnortedecastilla.es\/rutabbva\/wp-json\/wp\/v2\/categories?post=488"},{"taxonomy":"post_tag","embeddable":true,"href":"https:\/\/blogs.elnortedecastilla.es\/rutabbva\/wp-json\/wp\/v2\/tags?post=488"}],"curies":[{"name":"wp","href":"https:\/\/api.w.org\/{rel}","templated":true}]}}