{"id":500,"date":"2016-07-17T18:46:20","date_gmt":"2016-07-17T18:46:20","guid":{"rendered":"http:\/\/blogs.elnortedecastilla.es\/rutabbva\/?p=500"},"modified":"2016-07-17T18:46:20","modified_gmt":"2016-07-17T18:46:20","slug":"rutero-del-dia-elena-encinas","status":"publish","type":"post","link":"https:\/\/blogs.elnortedecastilla.es\/rutabbva\/2016\/07\/17\/rutero-del-dia-elena-encinas\/","title":{"rendered":"Rutera del d\u00eda: Elena Encinas"},"content":{"rendered":"<p><span style=\"font-size: medium;\"><strong><a href=\"\/rutabbva\/wp-content\/uploads\/sites\/18\/2016\/07\/elena1.jpg\"><img loading=\"lazy\" class=\"alignright size-medium wp-image-503\" title=\"elena\" src=\"\/rutabbva\/wp-content\/uploads\/sites\/18\/2016\/07\/elena1.jpg\" alt=\"Elena Encinas de Valladolid\" width=\"300\" height=\"225\" srcset=\"https:\/\/static-blogs.elnortedecastilla.es\/wp-content\/uploads\/sites\/18\/2016\/07\/elena1.jpg 640w, https:\/\/static-blogs.elnortedecastilla.es\/wp-content\/uploads\/sites\/18\/2016\/07\/elena1-300x225.jpg 300w\" sizes=\"(max-width: 300px) 100vw, 300px\" \/><\/a>Elena Encinas es de Valladolid, estudia Ingenier\u00eda Agr\u00edcola y pertenece al grupo 6.<\/strong><\/span><\/p>\n<p><span style=\"font-size: medium;\"><strong>1. \u00bfC\u00f3mo conociste la Ruta BBVA y qu\u00e9 es lo que te motiv\u00f3 a presentarte?<\/strong><\/span><\/p>\n<p><span style=\"font-size: medium;\">La conozco desde peque\u00f1a y hab\u00eda querido siempre presentarme, pero el primer a\u00f1o que pod\u00eda hacerlo se me pas\u00f3 la fecha de inscripci\u00f3n. Lo intent\u00e9 en el a\u00f1o 2013 y no hubo suerte, pero como cambiaron la edad de los participantes he tenido la oportunidad de volver a presentarme y aqu\u00ed estoy!<\/span><\/p>\n<p><span style=\"font-size: medium;\"><strong>2.\u00a0<\/strong><strong>\u00bfEn qu\u00e9 consist\u00eda el trabajo literario o musical que presentaste?<\/strong><\/span><\/p>\n<p><span style=\"font-size: medium;\">Hice un trabajo de investigaci\u00f3n sobre turismo y sociedades tradicionales.\u00a0<\/span><\/p>\n<p><span style=\"font-size: medium;\"><strong>3.\u00a0<\/strong><strong>Adem\u00e1s del trabajo, has tenido que realizar un proyecto de emprendimiento social \u00bfqu\u00e9 problem\u00e1tica elegiste?<\/strong><\/span><\/p>\n<p><span style=\"font-size: medium;\">Eleg\u00ed el tema de salud y me inspir\u00e9 en una amiga m\u00eda que trabaja con ni\u00f1os con s\u00edndrome de Down los fines de semana. El objetivo de mi proyecto era que nos relacion\u00e1semos con gente de nuestra edad con diferentes discapacidades.\u00a0<\/span><\/p>\n<p><span style=\"font-size: medium;\"><strong>4.\u00a0<\/strong><strong>\u00bfCon qu\u00e9 te quedar\u00edas de lo que llevas de ruta?<\/strong><\/span><\/p>\n<p><span style=\"font-size: medium;\">En primer lugar con la gente, porque parece que nos conocemos de toda la vida. La ruta me est\u00e1 encantando porque todos los d\u00edas hacemos cosas diferentes. Aqu\u00ed te olvidas del mundo exterior y solo te centras en la ruta. De todas las actividades que hemos hecho me quedo con las lanchas por Celest\u00fan cuando fuimos a ver flamencos.\u00a0<\/span><\/p>\n<p><span style=\"font-size: medium;\"><span><strong>5. Es el primer a\u00f1o de ruta sin Miguel, sin embargo, me imagino que seguir\u00e1 muy presente&#8230;<\/strong><\/span><\/span><\/p>\n<p><span style=\"font-size: medium;\">Nos hablan mucho de \u00e9l y nos preguntan qu\u00e9 conocemos de su vida. Est\u00e1 tan presente en la ruta que de hecho en la canci\u00f3n de la &#8220;moza&#8221; le nombramos.\u00a0<\/span><\/p>\n<p><span style=\"font-size: medium;\"><strong>6. Hace pocos d\u00edas anunciaron que el BBVA deja de patrocinar la ruta. \u00bfPor qu\u00e9 no deber\u00eda desaparecer un programa como este?<\/strong><\/span><\/p>\n<p><span style=\"font-size: medium;\">Porque es algo m\u00e1gico, es muy dif\u00edcil conseguir juntar a gente de tantas nacionalidades y creo que aprendemos much\u00edsimo hablando con j\u00f3venes de otras culturas. La ruta no es solo el viaje, que eso lo podr\u00edamos hacer por \u00a0nuestra cuenta, es el resto de cosas que solo se consiguen aqu\u00ed.<\/span><\/p>\n<p><span style=\"font-size: medium;\"><a href=\"https:\/\/www.youtube.com\/watch?v=SGFjemCrT90\" rel=\"external nofollow\">Mensaje de Elena para familiares y amigos.\u00a0<\/a><\/span><\/p>\n<p>&nbsp;<\/p>\n<p>&nbsp;<\/p>\n<div id=\"attachment_504\" style=\"width: 310px\" class=\"wp-caption aligncenter\"><a href=\"\/rutabbva\/wp-content\/uploads\/sites\/18\/2016\/07\/ELENA2.jpg\"><img aria-describedby=\"caption-attachment-504\" loading=\"lazy\" class=\"size-medium wp-image-504\" title=\"ELENA2\" src=\"\/rutabbva\/wp-content\/uploads\/sites\/18\/2016\/07\/ELENA2.jpg\" alt=\"\" width=\"300\" height=\"225\" srcset=\"https:\/\/static-blogs.elnortedecastilla.es\/wp-content\/uploads\/sites\/18\/2016\/07\/ELENA2.jpg 640w, https:\/\/static-blogs.elnortedecastilla.es\/wp-content\/uploads\/sites\/18\/2016\/07\/ELENA2-300x225.jpg 300w\" sizes=\"(max-width: 300px) 100vw, 300px\" \/><\/a><p id=\"caption-attachment-504\" class=\"wp-caption-text\">Elena en el Museo Municipal de Madrigalejo<\/p><\/div>\n<p>&nbsp;<\/p>\n","protected":false},"excerpt":{"rendered":"<p>Elena Encinas es de Valladolid, estudia Ingenier\u00eda Agr\u00edcola y pertenece al grupo 6. 1. \u00bfC\u00f3mo conociste la Ruta BBVA y qu\u00e9 es lo que te motiv\u00f3 a presentarte? La conozco desde peque\u00f1a y hab\u00eda querido siempre presentarme, pero el primer a\u00f1o que pod\u00eda hacerlo se me pas\u00f3 la fecha de inscripci\u00f3n. Lo intent\u00e9 en el [&hellip;]<\/p>\n","protected":false},"author":30,"featured_media":0,"comment_status":"open","ping_status":"closed","sticky":false,"template":"","format":"standard","meta":[],"categories":[7],"tags":[],"_links":{"self":[{"href":"https:\/\/blogs.elnortedecastilla.es\/rutabbva\/wp-json\/wp\/v2\/posts\/500"}],"collection":[{"href":"https:\/\/blogs.elnortedecastilla.es\/rutabbva\/wp-json\/wp\/v2\/posts"}],"about":[{"href":"https:\/\/blogs.elnortedecastilla.es\/rutabbva\/wp-json\/wp\/v2\/types\/post"}],"author":[{"embeddable":true,"href":"https:\/\/blogs.elnortedecastilla.es\/rutabbva\/wp-json\/wp\/v2\/users\/30"}],"replies":[{"embeddable":true,"href":"https:\/\/blogs.elnortedecastilla.es\/rutabbva\/wp-json\/wp\/v2\/comments?post=500"}],"version-history":[{"count":0,"href":"https:\/\/blogs.elnortedecastilla.es\/rutabbva\/wp-json\/wp\/v2\/posts\/500\/revisions"}],"wp:attachment":[{"href":"https:\/\/blogs.elnortedecastilla.es\/rutabbva\/wp-json\/wp\/v2\/media?parent=500"}],"wp:term":[{"taxonomy":"category","embeddable":true,"href":"https:\/\/blogs.elnortedecastilla.es\/rutabbva\/wp-json\/wp\/v2\/categories?post=500"},{"taxonomy":"post_tag","embeddable":true,"href":"https:\/\/blogs.elnortedecastilla.es\/rutabbva\/wp-json\/wp\/v2\/tags?post=500"}],"curies":[{"name":"wp","href":"https:\/\/api.w.org\/{rel}","templated":true}]}}