{"id":509,"date":"2016-07-19T17:11:06","date_gmt":"2016-07-19T17:11:06","guid":{"rendered":"http:\/\/blogs.elnortedecastilla.es\/rutabbva\/?p=509"},"modified":"2016-07-19T17:11:06","modified_gmt":"2016-07-19T17:11:06","slug":"tras-las-huellas-del-inca-garcilaso","status":"publish","type":"post","link":"https:\/\/blogs.elnortedecastilla.es\/rutabbva\/2016\/07\/19\/tras-las-huellas-del-inca-garcilaso\/","title":{"rendered":"Siguiendo los pasos del Inca Garcilaso"},"content":{"rendered":"<p><span style=\"font-size: medium;\">Ayer visitamos C\u00f3rdoba, la Ciudad de la Tres Culturas, con el objetivo de acercarnos a la figura del <strong>Inca Garcilaso de la Vega<\/strong>, escritor e historiador peruano de ascendencia espa\u00f1ola e inca, al que se le considera como el &#8220;primer mestizo biol\u00f3gico y espiritual de Am\u00e9rica&#8221;.<\/span><\/p>\n<p><span style=\"font-size: medium;\">La primera visita fue, como no pod\u00eda ser de otra manera, la <strong>Mezquita-Catedral de C\u00f3rdoba,<\/strong> que dejaba boquiabiertos a los expedicionarios. A <strong>Pablo de Paz<\/strong>, rutero de Valladolid, lo que me m\u00e1s le ha llamado la atenci\u00f3n de la Mezquita ha sido \u201cla mezcla entre el islam y el cristianismo, y su majestuosa c\u00fapula\u201d .<\/span><\/p>\n<div id=\"attachment_511\" style=\"width: 310px\" class=\"wp-caption aligncenter\"><a href=\"\/rutabbva\/wp-content\/uploads\/sites\/18\/2016\/07\/cordoba1.jpg\"><img aria-describedby=\"caption-attachment-511\" loading=\"lazy\" class=\"size-medium wp-image-511\" title=\"cordoba\" src=\"\/rutabbva\/wp-content\/uploads\/sites\/18\/2016\/07\/cordoba1.jpg\" alt=\"Los expedicionarios en la Mezquita de C\u00f3rdoba\" width=\"300\" height=\"225\" srcset=\"https:\/\/static-blogs.elnortedecastilla.es\/wp-content\/uploads\/sites\/18\/2016\/07\/cordoba1.jpg 640w, https:\/\/static-blogs.elnortedecastilla.es\/wp-content\/uploads\/sites\/18\/2016\/07\/cordoba1-300x225.jpg 300w\" sizes=\"(max-width: 300px) 100vw, 300px\" \/><\/a><p id=\"caption-attachment-511\" class=\"wp-caption-text\">Los expedicionarios en la Mezquita de C\u00f3rdoba<\/p><\/div>\n<p>&nbsp;<\/p>\n<p><span style=\"font-size: medium;\">Este a\u00f1o se conmemora el cuarto centenario del fallecimiento del Inca Garcilaso de la Vega que fue enterrado en la capilla de las \u00c1nimas de la Mezquita de C\u00f3rdoba. <strong>Juan Pablo Bellido<\/strong>, rutero de 1993 y actual periodista de la ruta, nos contaba que fue en 1978 cuando entr\u00f3 la \u00faltima persona a la capilla, guard\u00f3 parte de las cenizas del Inca en un cofre y junto con los Reyes de Espa\u00f1a, \u00a0Don Juan Carlos y Do\u00f1a Sof\u00eda, las llev\u00f3 a la Catedral de Cuzco, su tierra natal. \u00bfSab\u00e9is de qu\u00e9 persona estoy hablando, verdad? No pod\u00eda ser otra que Miguel de la Quadra-Salcedo.<\/span><\/p>\n<p><span style=\"font-size: medium;\">Juan Pablo Bellido tambi\u00e9n nos contaba que casualmente fue un trabajo sobre el Inca Garcilaso el que le dio el pasaporte para la que ser\u00eda la aventura de su vida, la Ruta Quetzal de 1993. \u201cEn aquel a\u00f1o el acceso a la informaci\u00f3n no era tan f\u00e1cil como ahora y tuve que hacer el trabajo a m\u00e1quina de escribir\u201d aseguraba Bellido. Pese a eso, el d\u00eda anterior a que acabase el plazo de entrega de trabajos, sin apenas documentarse ya que \u00e9l es de C\u00f3rdoba y conoc\u00eda la historia del Inca, se sent\u00f3 frente a su m\u00e1quina de escribir y redact\u00f3 una carta de 21 folios de parte de Francisco Sevillano \u2013 el amo de llaves del Inca- a Miguel de la Quadra-Salcedo pidi\u00e9ndole que le llevase a Per\u00fa. \u00bfCu\u00e1l fue el resultado? Ser uno de los 400 trabajos seleccionados de los 18.000 que presentaron aquel a\u00f1o y as\u00ed pudo pasar a la segunda fase: el concurso de televisi\u00f3n que seguro que muchos conoc\u00e9is.<\/span><\/p>\n<div id=\"attachment_512\" style=\"width: 235px\" class=\"wp-caption aligncenter\"><a href=\"\/rutabbva\/wp-content\/uploads\/sites\/18\/2016\/07\/DSC09809.jpg\"><img aria-describedby=\"caption-attachment-512\" loading=\"lazy\" class=\"size-medium wp-image-512\" title=\"DSC09809\" src=\"\/rutabbva\/wp-content\/uploads\/sites\/18\/2016\/07\/DSC09809.jpg\" alt=\"\" width=\"225\" height=\"300\" srcset=\"https:\/\/static-blogs.elnortedecastilla.es\/wp-content\/uploads\/sites\/18\/2016\/07\/DSC09809.jpg 640w, https:\/\/static-blogs.elnortedecastilla.es\/wp-content\/uploads\/sites\/18\/2016\/07\/DSC09809-225x300.jpg 225w\" sizes=\"(max-width: 225px) 100vw, 225px\" \/><\/a><p id=\"caption-attachment-512\" class=\"wp-caption-text\">Los ruteros en la Puerta del Puente (C\u00f3rdoba)<\/p><\/div>\n<p><span style=\"font-size: medium;\">Tras visitar la Juder\u00eda, nos dirigimos al <strong>Palacio de la Merced<\/strong>, sede de la Diputaci\u00f3n de C\u00f3rdoba, donde fuimos recibidos por su presidente, Antonio Ruiz. \u201cTen\u00e9is el privilegio de haber conocido ciudades y valores que son muy importantes en el mundo actual, como el mestizaje, el cuidado del medio ambiente y la interculturalidad&#8221; asegur\u00f3 Ruiz y a\u00f1adi\u00f3: \u201cC\u00f3rdoba es referente de todos esos valores&#8221;.<\/span><\/p>\n<p><span style=\"font-size: medium;\">Por la tarde los expedicionarios hicieron la encuesta rutera para valorar la etapa mexicana, en ella se les preguntaba acerca de las conferencias, las marchas, la organizaci\u00f3n\u2026etc. A continuaci\u00f3n, Jes\u00fas Garrido les imparti\u00f3 una interesante conferencia: \u201cLos 10.000 valores de la ruta\u201d. \u00a0No s\u00e9 si 10.000, pero son muchos valores se aprenden en la ruta y muchos de ellos, os puedo asegurar, no se olvidan nunca.<\/span><\/p>\n<p><span style=\"font-size: medium;\">La noche no pod\u00eda acabar mejor que con un espect\u00e1culo de flamenco en el campamento organizado por los malenos, es decir, los habitantes de Posadas.<\/span><\/p>\n<p><span style=\"font-size: medium;\">Esta ma\u00f1ana hemos realizado una <strong>ruta de senderismo por la Sierrezuela<\/strong>. No ha sido una marcha dura gracias a que el tiempo nos ha dado una tregua. Esta noche tenemos m\u00e1s actividades, creo que con fiesta incluida, ma\u00f1ana os contar\u00e9!<\/span><\/p>\n<p>&nbsp;<\/p>\n<div id=\"attachment_513\" style=\"width: 310px\" class=\"wp-caption aligncenter\"><a href=\"\/rutabbva\/wp-content\/uploads\/sites\/18\/2016\/07\/DSC09826.jpg\"><img aria-describedby=\"caption-attachment-513\" loading=\"lazy\" class=\"size-medium wp-image-513\" title=\"DSC09826\" src=\"\/rutabbva\/wp-content\/uploads\/sites\/18\/2016\/07\/DSC09826.jpg\" alt=\"\" width=\"300\" height=\"225\" srcset=\"https:\/\/static-blogs.elnortedecastilla.es\/wp-content\/uploads\/sites\/18\/2016\/07\/DSC09826.jpg 640w, https:\/\/static-blogs.elnortedecastilla.es\/wp-content\/uploads\/sites\/18\/2016\/07\/DSC09826-300x225.jpg 300w\" sizes=\"(max-width: 300px) 100vw, 300px\" \/><\/a><p id=\"caption-attachment-513\" class=\"wp-caption-text\">Ruta por la Sierrezuela<\/p><\/div>\n","protected":false},"excerpt":{"rendered":"<p>Ayer visitamos C\u00f3rdoba, la Ciudad de la Tres Culturas, con el objetivo de acercarnos a la figura del Inca Garcilaso de la Vega, escritor e historiador peruano de ascendencia espa\u00f1ola e inca, al que se le considera como el &#8220;primer mestizo biol\u00f3gico y espiritual de Am\u00e9rica&#8221;. La primera visita fue, como no pod\u00eda ser de [&hellip;]<\/p>\n","protected":false},"author":30,"featured_media":0,"comment_status":"open","ping_status":"closed","sticky":false,"template":"","format":"standard","meta":[],"categories":[6],"tags":[18,27,30,36],"_links":{"self":[{"href":"https:\/\/blogs.elnortedecastilla.es\/rutabbva\/wp-json\/wp\/v2\/posts\/509"}],"collection":[{"href":"https:\/\/blogs.elnortedecastilla.es\/rutabbva\/wp-json\/wp\/v2\/posts"}],"about":[{"href":"https:\/\/blogs.elnortedecastilla.es\/rutabbva\/wp-json\/wp\/v2\/types\/post"}],"author":[{"embeddable":true,"href":"https:\/\/blogs.elnortedecastilla.es\/rutabbva\/wp-json\/wp\/v2\/users\/30"}],"replies":[{"embeddable":true,"href":"https:\/\/blogs.elnortedecastilla.es\/rutabbva\/wp-json\/wp\/v2\/comments?post=509"}],"version-history":[{"count":0,"href":"https:\/\/blogs.elnortedecastilla.es\/rutabbva\/wp-json\/wp\/v2\/posts\/509\/revisions"}],"wp:attachment":[{"href":"https:\/\/blogs.elnortedecastilla.es\/rutabbva\/wp-json\/wp\/v2\/media?parent=509"}],"wp:term":[{"taxonomy":"category","embeddable":true,"href":"https:\/\/blogs.elnortedecastilla.es\/rutabbva\/wp-json\/wp\/v2\/categories?post=509"},{"taxonomy":"post_tag","embeddable":true,"href":"https:\/\/blogs.elnortedecastilla.es\/rutabbva\/wp-json\/wp\/v2\/tags?post=509"}],"curies":[{"name":"wp","href":"https:\/\/api.w.org\/{rel}","templated":true}]}}