{"id":51,"date":"2012-07-15T07:38:54","date_gmt":"2012-07-15T07:38:54","guid":{"rendered":"http:\/\/blogs.elnortedecastilla.es\/rutaquetzal2012\/?p=51"},"modified":"2012-07-15T07:38:54","modified_gmt":"2012-07-15T07:38:54","slug":"hoy-nos-acompana-sandra-garcia-suarez","status":"publish","type":"post","link":"https:\/\/blogs.elnortedecastilla.es\/rutabbva\/2012\/07\/15\/hoy-nos-acompana-sandra-garcia-suarez\/","title":{"rendered":"HOY NOS ACOMPA\u00d1A SANDRA GARC\u00cdA SU\u00c1REZ"},"content":{"rendered":"<p style=\"text-align: left;\"><strong><span style=\"font-family: Calibri; font-size: small;\">1.<\/span>\u00a0\u00a0\u00a0\u00a0\u00a0\u00a0 <\/strong><strong><span style=\"font-size: small;\"><span style=\"font-family: Calibri;\">\u00bfC\u00f3mo conociste la Ruta Quetzal BBVA?<\/span><\/span><\/strong><\/p>\n<p><span style=\"font-size: small;\"><span style=\"font-family: Calibri;\">Mi madre es del BBVA y ya desde peque\u00f1a ya me dec\u00cda que ten\u00cda que presentarme y tal y me he presentado este a\u00f1o y me han cogido asi que perfecto.\u00a0 <\/span><\/span><\/p>\n<p><strong><span style=\"font-family: Calibri; font-size: small;\">2.<\/span>\u00a0\u00a0\u00a0\u00a0\u00a0\u00a0 <\/strong><strong><span style=\"font-size: small;\"><span style=\"font-family: Calibri;\">\u00bfEn qu\u00e9 consist\u00eda el trabajo que presentaste?<\/span><\/span><\/strong><\/p>\n<p><span style=\"font-size: small;\"><span style=\"font-family: Calibri;\">Lo hice sobre la Isla del Hierro de investigaci\u00f3n y estuve investigando porqu\u00e9 hab\u00eda erupcionado el volc\u00e1n. <\/span><\/span><\/p>\n<p><span style=\"font-family: Calibri; font-size: small;\">\u00a0<\/span><\/p>\n<p><strong><span style=\"font-family: Calibri; font-size: small;\">3.<\/span>\u00a0\u00a0\u00a0\u00a0\u00a0\u00a0 <\/strong><strong><span style=\"font-size: small;\"><span style=\"font-family: Calibri;\">\u00bfCon qu\u00e9 te quedar\u00edas de lo que llevas de ruta?<\/span><\/span><\/strong><\/p>\n<p><span style=\"font-size: small;\"><span style=\"font-family: Calibri;\">Con la gente de Colombia, c\u00f3mo te reciben y c\u00f3mo son, que son muy distintos a Espa\u00f1a. Con mi grupo tambi\u00e9n muy bien.<\/span><\/span><\/p>\n<p><span style=\"font-family: Calibri; font-size: small;\">\u00a0<\/span><\/p>\n<p><strong><span style=\"font-family: Calibri; font-size: small;\"><a href=\"\/rutabbva\/wp-content\/uploads\/sites\/18\/2012\/07\/P7140015web1.gif\"><img loading=\"lazy\" class=\"alignnone size-medium wp-image-52 alignright\" title=\"P7140015web\" src=\"\/rutabbva\/wp-content\/uploads\/sites\/18\/2012\/07\/P7140015web1.gif\" alt=\"\" width=\"300\" height=\"169\" \/><\/a>4.<\/span>\u00a0\u00a0\u00a0\u00a0\u00a0\u00a0 <\/strong><strong><span style=\"font-size: small;\"><span style=\"font-family: Calibri;\">\u00bfEs muy diferente a lo que hab\u00edas imaginado?<\/span><\/span><\/strong><\/p>\n<p><span style=\"font-size: small;\"><span style=\"font-family: Calibri;\">S\u00ed, un poco s\u00ed. Me lo iamginaba m\u00e1s duro las caminatas\u2026etc pero no han sido para tanto.<\/span><\/span><\/p>\n<p><strong><span style=\"font-family: Calibri; font-size: small;\">5.<\/span>\u00a0\u00a0\u00a0\u00a0\u00a0\u00a0 <\/strong><strong><span style=\"font-size: small;\"><span style=\"font-family: Calibri;\">La Ruta tambi\u00e9n es dura y complicada en algunos momentos. Dime algo que vayas a valorar mucho m\u00e1s cuando vuelvas a casa.<\/span><\/span><\/strong><\/p>\n<p><span style=\"font-size: small;\"><span style=\"font-family: Calibri;\">La comida, en Colombia no com\u00edamos nada porque no nos gustaba nada.<\/span><\/span><\/p>\n<p><strong><span style=\"font-family: Calibri; font-size: small;\">\u00a0<\/span><\/strong><\/p>\n<p><strong><span style=\"font-family: Calibri; font-size: small;\">6.<\/span>\u00a0\u00a0\u00a0\u00a0\u00a0\u00a0 <\/strong><strong><span style=\"font-size: small;\"><span style=\"font-family: Calibri;\">Despu\u00e9s de haber estado en Colombia y llevar casi un mes fuera de casa \u00bfqu\u00e9 es para ti la Ruta Quetzal?<\/span><\/span><\/strong><\/p>\n<p><span style=\"font-size: small;\"><span style=\"font-family: Calibri;\">Una vida m\u00e1s, porque con mis compa\u00f1aeros ya tengo casi m\u00e1s confianza que con mis amigos, estar 24h juntos\u2026Son como mi familia.<\/span><\/span><\/p>\n<p><strong><span style=\"font-family: Calibri; font-size: small;\">\u00a0<\/span><\/strong><\/p>\n<p><strong><span style=\"font-family: Calibri; font-size: small;\">7.<\/span>\u00a0\u00a0\u00a0\u00a0\u00a0\u00a0 <\/strong><strong><span style=\"font-size: small;\"><span style=\"font-family: Calibri;\">\u00bfTe gustar\u00eda mandar un mensaje a familiares o amigos?<\/span><\/span><\/strong><\/p>\n<p><span style=\"font-size: small;\"><span style=\"font-family: Calibri;\">Estoy bien, de momento. No os preocup\u00e9is. Esta aventura la recomendar\u00eda a todo el mundo.<\/span><\/span><\/p>\n<p><span style=\"font-family: Calibri; font-size: small;\">\u00a0<strong><a href=\"\/rutabbva\/wp-content\/uploads\/sites\/18\/2012\/07\/P7140025WEB.gif\"><img loading=\"lazy\" class=\"aligncenter\" title=\"P7140025WEB\" src=\"\/rutabbva\/wp-content\/uploads\/sites\/18\/2012\/07\/P7140025WEB.gif\" alt=\"\" width=\"300\" height=\"169\" \/><\/a><\/strong><\/span><\/p>\n<p>&nbsp;<\/p>\n<p><strong><br \/>\n<\/strong><\/p>\n<p>&nbsp;<\/p>\n","protected":false},"excerpt":{"rendered":"<p>1.\u00a0\u00a0\u00a0\u00a0\u00a0\u00a0 \u00bfC\u00f3mo conociste la Ruta Quetzal BBVA? Mi madre es del BBVA y ya desde peque\u00f1a ya me dec\u00cda que ten\u00cda que presentarme y tal y me he presentado este a\u00f1o y me han cogido asi que perfecto.\u00a0 2.\u00a0\u00a0\u00a0\u00a0\u00a0\u00a0 \u00bfEn qu\u00e9 consist\u00eda el trabajo que presentaste? Lo hice sobre la Isla del Hierro de investigaci\u00f3n [&hellip;]<\/p>\n","protected":false},"author":30,"featured_media":0,"comment_status":"closed","ping_status":"closed","sticky":false,"template":"","format":"standard","meta":[],"categories":[2],"tags":[],"_links":{"self":[{"href":"https:\/\/blogs.elnortedecastilla.es\/rutabbva\/wp-json\/wp\/v2\/posts\/51"}],"collection":[{"href":"https:\/\/blogs.elnortedecastilla.es\/rutabbva\/wp-json\/wp\/v2\/posts"}],"about":[{"href":"https:\/\/blogs.elnortedecastilla.es\/rutabbva\/wp-json\/wp\/v2\/types\/post"}],"author":[{"embeddable":true,"href":"https:\/\/blogs.elnortedecastilla.es\/rutabbva\/wp-json\/wp\/v2\/users\/30"}],"replies":[{"embeddable":true,"href":"https:\/\/blogs.elnortedecastilla.es\/rutabbva\/wp-json\/wp\/v2\/comments?post=51"}],"version-history":[{"count":0,"href":"https:\/\/blogs.elnortedecastilla.es\/rutabbva\/wp-json\/wp\/v2\/posts\/51\/revisions"}],"wp:attachment":[{"href":"https:\/\/blogs.elnortedecastilla.es\/rutabbva\/wp-json\/wp\/v2\/media?parent=51"}],"wp:term":[{"taxonomy":"category","embeddable":true,"href":"https:\/\/blogs.elnortedecastilla.es\/rutabbva\/wp-json\/wp\/v2\/categories?post=51"},{"taxonomy":"post_tag","embeddable":true,"href":"https:\/\/blogs.elnortedecastilla.es\/rutabbva\/wp-json\/wp\/v2\/tags?post=51"}],"curies":[{"name":"wp","href":"https:\/\/api.w.org\/{rel}","templated":true}]}}