{"id":542,"date":"2016-07-25T19:03:24","date_gmt":"2016-07-25T19:03:24","guid":{"rendered":"http:\/\/blogs.elnortedecastilla.es\/rutabbva\/?p=542"},"modified":"2016-07-25T19:03:24","modified_gmt":"2016-07-25T19:03:24","slug":"y-coronamos-el-mulhacen","status":"publish","type":"post","link":"https:\/\/blogs.elnortedecastilla.es\/rutabbva\/2016\/07\/25\/y-coronamos-el-mulhacen\/","title":{"rendered":"\u00a1Y coronamos el Mulhac\u00e9n!"},"content":{"rendered":"<p><span style=\"font-size: medium;\">Ayer fue el d\u00eda que todos est\u00e1bamos esperando: <strong>llegamos a la cima del Mulhac\u00e9n<\/strong>, el pico m\u00e1s alto de la pen\u00ednsula ib\u00e9rica con 3.478 metros, y la marcha m\u00e1s exigente y esperada de la ruta de este a\u00f1o. Por eso no puedo comenzar esta cr\u00f3nica sin antes deciros <strong>gracias y enhorabuena a todos los que lo hab\u00e9is conseguido! <\/strong>Gracias a los ruteros, m\u00e9dicos, periodistas, organizaci\u00f3n y, sobre todo, monitores porque sin vuestro apoyo no habr\u00edamos llegado ni la mitad (me incluyo la primera) al techo de la pen\u00ednsula ib\u00e9rica. Debido a la dureza de la marcha se esperaban m\u00e1s bajas y, sin embargo, solo hubo 25 ruteros que no llegaron a la cima (muy pocos comparado con otras ocasiones).<\/span><\/p>\n<p><span style=\"font-size: medium;\">Antes de contaros c\u00f3mo nos fue en esta aventura, me gustar\u00eda resaltar la labor de <strong>Jes\u00fas Luna<\/strong>, jefe de campamento, y de su <strong>equipo de monitores<\/strong>. \u00a1Han estado incre\u00edbles estos d\u00edas! Para m\u00ed son unos h\u00e9roes porque cuando nos est\u00e1bamos ahogando al subir, nos faltaba el aire, nos dol\u00edan las piernas y parec\u00eda que no pod\u00edamos dar ni un paso m\u00e1s, all\u00ed estaban ellos animando, cantando, cogiendo mochilas de ruteros agotados, contando chistes por los walkies\u2026 como si nada. Los periodistas hac\u00edamos esta marcha de manera voluntaria, y en varias ocasiones pens\u00e9 que no pod\u00eda m\u00e1s, que me daba la vuelta, estaba agotada. Sin embargo de pronto aparec\u00eda un monitor que te daba \u00e1nimos y que te empujaba a subir, as\u00ed que pon\u00eda mi mejor cara y segu\u00eda\u2026 A la ruta no se viene a sufrir, pero s\u00ed a <strong>superarse a uno mismo<\/strong>, y esto es lo que hemos hecho.<\/span><\/p>\n<div id=\"attachment_544\" style=\"width: 310px\" class=\"wp-caption aligncenter\"><a href=\"\/rutabbva\/wp-content\/uploads\/sites\/18\/2016\/07\/28241116250_1320d0eb5d_z.jpg\"><img aria-describedby=\"caption-attachment-544\" loading=\"lazy\" class=\"size-medium wp-image-544\" title=\"\" src=\"\/rutabbva\/wp-content\/uploads\/sites\/18\/2016\/07\/28241116250_1320d0eb5d_z.jpg\" alt=\"\" width=\"300\" height=\"199\" srcset=\"https:\/\/static-blogs.elnortedecastilla.es\/wp-content\/uploads\/sites\/18\/2016\/07\/28241116250_1320d0eb5d_z.jpg 640w, https:\/\/static-blogs.elnortedecastilla.es\/wp-content\/uploads\/sites\/18\/2016\/07\/28241116250_1320d0eb5d_z-300x200.jpg 300w\" sizes=\"(max-width: 300px) 100vw, 300px\" \/><\/a><p id=\"caption-attachment-544\" class=\"wp-caption-text\">Expedicionarios ayudando a una rutera a llegar a la cima del Mulhac\u00e9n (Foto \u00c1ngel Colina)<\/p><\/div>\n<p><span style=\"font-size: medium;\">El d\u00eda antes de comenzar la marcha Jes\u00fas Luna nos explic\u00f3 el recorrido que \u00edbamos a hacer y los posibles puntos de evacuaci\u00f3n por si ve\u00edamos que no ten\u00edamos fuerzas para seguir subiendo. Nos esperaba una marcha muy dura de 30 km, mucho desnivel y de casi dos d\u00edas de duraci\u00f3n.<\/span><\/p>\n<p><span style=\"font-size: medium;\">Comenzamos la marcha el s\u00e1bado en torno a las 14h desde Trev\u00e9lez rumbo al refugio de Poqueira. Seguramente pensar\u00e9is que vaya horas para comenzar la caminata con el calor que har\u00eda, pues la verdad es que tuvimos suerte, se nubl\u00f3 la tarde e incluso baj\u00f3 un poco la niebla. Muchos creemos que eso fue gracias a Miguel que nos est\u00e1 cuidando todos los d\u00edas desde all\u00ed arriba. Gracias a la tregua del sol, todos los expedicionarios que comenzaron la marcha lograron llegar al refugio. All\u00ed, a 2.500 metros de altura, hicieron vivac antes de afrontar el tramo final del recorrido.<\/span><\/p>\n<p><span style=\"font-size: medium;\">Al d\u00eda siguiente a las 7h nos pusimos en marcha, nos esperaba una etapa m\u00e1s dura a\u00fan que la del s\u00e1bado. Subimos, subimos, subimos\u2026 parec\u00eda que no lleg\u00e1bamos nunca. No dimos ni un paso en llano, ten\u00edamos que <strong>afrontar 1.000 metros de desnivel hasta llegar a la cumbre del Mulhac\u00e9n<\/strong>. Casi no tengo palabras para describir c\u00f3mo fueron los \u00faltimos 400 metros de desnivel, est\u00e1bamos agotados pero ya ve\u00edamos el final, ahora s\u00ed que no pod\u00edamos\u00a0<\/span><span style=\"font-size: medium;\">rendirnos.<\/span><\/p>\n<p>&nbsp;<\/p>\n<div id=\"attachment_545\" style=\"width: 310px\" class=\"wp-caption aligncenter\"><a href=\"\/rutabbva\/wp-content\/uploads\/sites\/18\/2016\/07\/28446930211_0c8f2c63a6_z.jpg\"><img aria-describedby=\"caption-attachment-545\" loading=\"lazy\" class=\"size-medium wp-image-545\" title=\"\" src=\"\/rutabbva\/wp-content\/uploads\/sites\/18\/2016\/07\/28446930211_0c8f2c63a6_z.jpg\" alt=\"\" width=\"300\" height=\"199\" srcset=\"https:\/\/static-blogs.elnortedecastilla.es\/wp-content\/uploads\/sites\/18\/2016\/07\/28446930211_0c8f2c63a6_z.jpg 640w, https:\/\/static-blogs.elnortedecastilla.es\/wp-content\/uploads\/sites\/18\/2016\/07\/28446930211_0c8f2c63a6_z-300x200.jpg 300w\" sizes=\"(max-width: 300px) 100vw, 300px\" \/><\/a><p id=\"caption-attachment-545\" class=\"wp-caption-text\">Los ruteros subiendo al Mulhac\u00e9n (Foto \u00c1ngel Colina)<\/p><\/div>\n<p>&nbsp;<\/p>\n<p><span style=\"font-size: medium;\">Poco a poco los primeros ruteros iban llegando a la cima, ya se ve\u00edan las banderas, ya se o\u00edan los gritos de emoci\u00f3n, ya <strong>hab\u00edamos coronado el Mulhac\u00e9n<\/strong>. Lo que se vivi\u00f3 all\u00ed a 3.478 metros de altitud es dif\u00edcil de expresar con palabras, pero ha sido uno de los momentos m\u00e1s emocionantes de la expedici\u00f3n 2016. Muchos abrazos, besos, lloros (de emoci\u00f3n claro), gritos, canciones\u2026 en definitiva, la ruta en estado puro.<\/span><\/p>\n<p><span style=\"font-size: medium;\">Lo hab\u00edamos logrado, est\u00e1bamos todos m\u00e1s que orgullosos de nosotros mismos. Sin embargo luego nos quedaban unas 7 horas de bajadas que f\u00edsicamente fueron mucho m\u00e1s duras que la subida. De hecho hubo \u00a0varias bajas ya que los pies, las piernas y las rodillas sufr\u00edan much\u00edsimo con las rocas y el desnivel del camino.<\/span><\/p>\n<p><span style=\"font-size: medium;\">Sobre las 8 de la tarde llegamos (por fin) a Capileira donde pasar\u00edamos la noche tras 18 horas de caminata en total. Las ampollas, los dolores y las agujetas de hoy se llevan mejor cuando pensamos: <strong>lo hemos conseguido, hemos coronado el Mulhac\u00e9n!<\/strong><\/span><\/p>\n<div id=\"attachment_543\" style=\"width: 310px\" class=\"wp-caption aligncenter\"><a href=\"\/rutabbva\/wp-content\/uploads\/sites\/18\/2016\/07\/DSC09916.jpg\"><img aria-describedby=\"caption-attachment-543\" loading=\"lazy\" class=\"size-medium wp-image-543\" src=\"\/rutabbva\/wp-content\/uploads\/sites\/18\/2016\/07\/DSC09916.jpg\" alt=\"Algunos de los ruteros de Castilla y Le\u00f3n en la cima del Mulhac\u00e9n\" width=\"300\" height=\"225\" srcset=\"https:\/\/static-blogs.elnortedecastilla.es\/wp-content\/uploads\/sites\/18\/2016\/07\/DSC09916.jpg 640w, https:\/\/static-blogs.elnortedecastilla.es\/wp-content\/uploads\/sites\/18\/2016\/07\/DSC09916-300x225.jpg 300w\" sizes=\"(max-width: 300px) 100vw, 300px\" \/><\/a><p id=\"caption-attachment-543\" class=\"wp-caption-text\">Algunos de los ruteros de Castilla y Le\u00f3n en la cima del Mulhac\u00e9n<\/p><\/div>\n<p>&nbsp;<\/p>\n","protected":false},"excerpt":{"rendered":"<p>Ayer fue el d\u00eda que todos est\u00e1bamos esperando: llegamos a la cima del Mulhac\u00e9n, el pico m\u00e1s alto de la pen\u00ednsula ib\u00e9rica con 3.478 metros, y la marcha m\u00e1s exigente y esperada de la ruta de este a\u00f1o. Por eso no puedo comenzar esta cr\u00f3nica sin antes deciros gracias y enhorabuena a todos los que [&hellip;]<\/p>\n","protected":false},"author":30,"featured_media":0,"comment_status":"open","ping_status":"closed","sticky":false,"template":"","format":"standard","meta":[],"categories":[7],"tags":[],"_links":{"self":[{"href":"https:\/\/blogs.elnortedecastilla.es\/rutabbva\/wp-json\/wp\/v2\/posts\/542"}],"collection":[{"href":"https:\/\/blogs.elnortedecastilla.es\/rutabbva\/wp-json\/wp\/v2\/posts"}],"about":[{"href":"https:\/\/blogs.elnortedecastilla.es\/rutabbva\/wp-json\/wp\/v2\/types\/post"}],"author":[{"embeddable":true,"href":"https:\/\/blogs.elnortedecastilla.es\/rutabbva\/wp-json\/wp\/v2\/users\/30"}],"replies":[{"embeddable":true,"href":"https:\/\/blogs.elnortedecastilla.es\/rutabbva\/wp-json\/wp\/v2\/comments?post=542"}],"version-history":[{"count":0,"href":"https:\/\/blogs.elnortedecastilla.es\/rutabbva\/wp-json\/wp\/v2\/posts\/542\/revisions"}],"wp:attachment":[{"href":"https:\/\/blogs.elnortedecastilla.es\/rutabbva\/wp-json\/wp\/v2\/media?parent=542"}],"wp:term":[{"taxonomy":"category","embeddable":true,"href":"https:\/\/blogs.elnortedecastilla.es\/rutabbva\/wp-json\/wp\/v2\/categories?post=542"},{"taxonomy":"post_tag","embeddable":true,"href":"https:\/\/blogs.elnortedecastilla.es\/rutabbva\/wp-json\/wp\/v2\/tags?post=542"}],"curies":[{"name":"wp","href":"https:\/\/api.w.org\/{rel}","templated":true}]}}