{"id":84,"date":"2012-07-17T15:41:18","date_gmt":"2012-07-17T15:41:18","guid":{"rendered":"http:\/\/blogs.elnortedecastilla.es\/rutaquetzal2012\/?p=84"},"modified":"2012-07-17T15:41:18","modified_gmt":"2012-07-17T15:41:18","slug":"hoy-nos-acompana-santiago-baeza-benavides","status":"publish","type":"post","link":"https:\/\/blogs.elnortedecastilla.es\/rutabbva\/2012\/07\/17\/hoy-nos-acompana-santiago-baeza-benavides\/","title":{"rendered":"HOY NOS ACOMPA\u00d1A SANTIAGO BAEZA BENAVIDES"},"content":{"rendered":"<p><span style=\"font-size: medium;\">\u00a0 Santiago es el Alcalde de Santerv\u00e1s de Campos (Valladolid).\u00a0 <\/span><\/p>\n<p><span style=\"font-size: medium;\">Nos ha acompa\u00f1ado estos d\u00edas en M\u00e1laga porque est\u00e1 preparando junto con <a href=\"\/rutabbva\/wp-content\/uploads\/sites\/18\/2012\/07\/P7150082web-san.gif\"><img loading=\"lazy\" class=\"alignright\" title=\"P7150082web san\" src=\"\/rutabbva\/wp-content\/uploads\/sites\/18\/2012\/07\/P7150082web-san.gif\" alt=\"\" width=\"313\" height=\"177\" \/><\/a>Miguel de la Quadra-Salcedo, los Astilleros Nereo y la vicealcadesa de San Agust\u00edn (Florida, Estados Unidos) la celebraci\u00f3n de los 500 a\u00f1os del descubrimiento de Florida por Ponce de Le\u00f3n.<\/span><\/p>\n<p><span style=\"font-size: medium;\"><strong>\u00bfDe qu\u00e9 conoces la Ruta Quetzal BBVA?<\/strong><\/span><\/p>\n<p><span style=\"font-size: medium;\">Desde peque\u00f1os todos quer\u00edamos ir a la ruta y solo unos pocos afortunados han tenido la posibilidad de ir. Yo tengo tres ni\u00f1os y est\u00e1n aqu\u00ed conmigo para que se animen a ser ruteros<\/span><\/p>\n<p><span style=\"font-size: medium;\"><strong>\u00bfEs la primera vez que acompa\u00f1as a la Ruta?<\/strong><\/span><\/p>\n<p><span style=\"font-size: medium;\">Bueno en mayo Miguel estuvo en Santerv\u00e1s y juntamos a m\u00e1s de 400 ni\u00f1os peque\u00f1itos de las escuelas de Villal\u00f3n, Mayorga\u2026 y Miguel con su fuerza les inculc\u00f3 algo para que se animaran a presentarse a la Ruta<\/span><\/p>\n<p><span style=\"font-size: medium;\"><strong>\u00bfQu\u00e9 relaci\u00f3n tienes con Miguel?<\/strong><\/span><\/p>\n<p><span style=\"font-size: medium;\">Conozco a Miguel porque estamos preparando lo de los 500 a\u00f1os de Florida y que Ponce de Le\u00f3n, un vallisoletano fuera la primera persona que pusiera el pie en Florida, en los Estados Unidos de Am\u00e9rica pues es un paso muy importante y por eso estamos preparando una celebraci\u00f3n.<\/span><\/p>\n<p>&nbsp;<\/p>\n<p style=\"text-align: center;\">\n<p style=\"text-align: center;\"><span style=\"font-size: medium;\"><a href=\"\/rutabbva\/wp-content\/uploads\/sites\/18\/2012\/07\/P7160138web-santiago.gif\"><img loading=\"lazy\" class=\"alignnone  wp-image-88\" title=\"P7160138web santiago\" src=\"\/rutabbva\/wp-content\/uploads\/sites\/18\/2012\/07\/P7160138web-santiago.gif\" alt=\"\" width=\"346\" height=\"187\" \/><\/a><\/span><\/p>\n<p style=\"text-align: center;\"><span style=\"font-size: medium;\">Santiago con Leanna S.A. Freeman (vicealcaldesa de San Agust\u00edn, Florida)<\/span><\/p>\n<p><span style=\"font-size: medium;\"><strong>Entonces en la pr\u00f3xima edici\u00f3n \u00bforganizar\u00e9is algo?<\/strong><\/span><\/p>\n<p><span style=\"font-size: medium;\">Por razones ajenas a nuestra voluntad, de Miguel y m\u00eda, no s\u00e9 si vamos a poder organizar algo. Porque quer\u00eda hacer la ruta de Ponce de Le\u00f3n pero va a ser complicado. Aunque yo creo que va a pasar por Santerv\u00e1s, de una manera o de otra estar\u00e1n los ruteros en Santerv\u00e1s el\u00a0 pr\u00f3ximo a\u00f1o.\u00a0\u00a0\u00a0\u00a0\u00a0\u00a0\u00a0\u00a0\u00a0\u00a0<\/span><\/p>\n<p><span style=\"font-size: medium;\"><strong>\u00bfHasta que d\u00eda te vas a quedar con nosotros?<\/strong><\/span><\/p>\n<p><span style=\"font-size: medium;\">Vine el s\u00e1bado y me voy el martes (hoy). Ya he estado con Miguel buscando la documentaci\u00f3n\u00a0 y con gente de aqu\u00ed de Astilleros Nereo que est\u00e1n ayudando en este tema e ideas y proyectos que vamos a tener en conjunto con M\u00e1laga.<\/span><\/p>\n<p><span style=\"font-size: medium;\"><strong>\u00bfQu\u00e9 te ha parecido el ambiente de la Ruta?<\/strong><\/span><\/p>\n<p><span style=\"font-size: medium;\">Impresionante. He hablado con muchos ruteros y ahora me falta hablar con la chica de Valladolid y tres de Puerto Rico. Pero un ambiente muy recomendable, toda la juventud as\u00ed es un lujo.<\/span><\/p>\n<p style=\"text-align: center;\"><span style=\"font-size: medium;\"><a href=\"\/rutabbva\/wp-content\/uploads\/sites\/18\/2012\/07\/P7160117web-santi1.gif\"><img loading=\"lazy\" title=\"P7160117web santi\" src=\"\/rutabbva\/wp-content\/uploads\/sites\/18\/2012\/07\/P7160117web-santi1.gif\" alt=\"\" width=\"204\" height=\"347\" \/><\/a><\/span><\/p>\n<p style=\"text-align: center;\"><span style=\"font-size: medium;\">Santiago con su mujer\u00a0y sus hijos acompa\u00f1ados de Ana Isabel, expedicionaria de Valladolid.<\/span><\/p>\n<p>&nbsp;<\/p>\n","protected":false},"excerpt":{"rendered":"<p>\u00a0 Santiago es el Alcalde de Santerv\u00e1s de Campos (Valladolid).\u00a0 Nos ha acompa\u00f1ado estos d\u00edas en M\u00e1laga porque est\u00e1 preparando junto con Miguel de la Quadra-Salcedo, los Astilleros Nereo y la vicealcadesa de San Agust\u00edn (Florida, Estados Unidos) la celebraci\u00f3n de los 500 a\u00f1os del descubrimiento de Florida por Ponce de Le\u00f3n. \u00bfDe qu\u00e9 conoces [&hellip;]<\/p>\n","protected":false},"author":30,"featured_media":0,"comment_status":"open","ping_status":"closed","sticky":false,"template":"","format":"standard","meta":[],"categories":[2],"tags":[],"_links":{"self":[{"href":"https:\/\/blogs.elnortedecastilla.es\/rutabbva\/wp-json\/wp\/v2\/posts\/84"}],"collection":[{"href":"https:\/\/blogs.elnortedecastilla.es\/rutabbva\/wp-json\/wp\/v2\/posts"}],"about":[{"href":"https:\/\/blogs.elnortedecastilla.es\/rutabbva\/wp-json\/wp\/v2\/types\/post"}],"author":[{"embeddable":true,"href":"https:\/\/blogs.elnortedecastilla.es\/rutabbva\/wp-json\/wp\/v2\/users\/30"}],"replies":[{"embeddable":true,"href":"https:\/\/blogs.elnortedecastilla.es\/rutabbva\/wp-json\/wp\/v2\/comments?post=84"}],"version-history":[{"count":0,"href":"https:\/\/blogs.elnortedecastilla.es\/rutabbva\/wp-json\/wp\/v2\/posts\/84\/revisions"}],"wp:attachment":[{"href":"https:\/\/blogs.elnortedecastilla.es\/rutabbva\/wp-json\/wp\/v2\/media?parent=84"}],"wp:term":[{"taxonomy":"category","embeddable":true,"href":"https:\/\/blogs.elnortedecastilla.es\/rutabbva\/wp-json\/wp\/v2\/categories?post=84"},{"taxonomy":"post_tag","embeddable":true,"href":"https:\/\/blogs.elnortedecastilla.es\/rutabbva\/wp-json\/wp\/v2\/tags?post=84"}],"curies":[{"name":"wp","href":"https:\/\/api.w.org\/{rel}","templated":true}]}}