{"id":92,"date":"2012-07-17T19:52:06","date_gmt":"2012-07-17T19:52:06","guid":{"rendered":"http:\/\/blogs.elnortedecastilla.es\/rutaquetzal2012\/?p=92"},"modified":"2012-07-17T19:52:06","modified_gmt":"2012-07-17T19:52:06","slug":"mucho-mas-que-un-buque","status":"publish","type":"post","link":"https:\/\/blogs.elnortedecastilla.es\/rutabbva\/2012\/07\/17\/mucho-mas-que-un-buque\/","title":{"rendered":"MUCHO M\u00c1S QUE UN BUQUE"},"content":{"rendered":"<p><span style=\"font-size: medium;\"><span style=\"font-family: Calibri;\">Hoy, puede que hayan pasado mal d\u00eda los que sean de mareo f\u00e1cil. Hemos estado toda la jornada\u00a0navegando hasta <strong>las 17.30h que hemos llegado a Cartagena.<\/strong><\/span><\/span><\/p>\n<p><span style=\"font-family: Calibri;\"><span style=\"font-size: small;\"><span style=\"font-size: medium;\">Por la ma\u00f1ana, los profesores Ram\u00f3n Ortiz, Alicia Garc\u00eda y Jos\u00e9 Marchena han impartido unas conferencias para toda la Ruta en el hangar del buque \u201cGalicia\u201d. Los dos primeros han profundizado en el tema de <strong>los desastres naturales<\/strong> haciendo hincapi\u00e9 en los volcanes, uno de los temas sobre el que han realizado el trabajo parte de los expedicionarios. <\/span><\/span><\/span><\/p>\n<p><span style=\"font-size: medium;\"><span style=\"font-family: Calibri;\">Seg\u00fan Ortiz \u201clos volcanes nunca son sorpresa\u201d. La erupci\u00f3n de Pinatubo (Filipinas en 1991) fue la m\u00e1s grande del siglo XX y la de Unzen (Jap\u00f3n) \u201cfue un buen ejemplo de evacuaci\u00f3n, s\u00f3lo murieron 43 personas\u201d. Tambi\u00e9n ha comentado a los j\u00f3venes que se dice \u201ccuando un militar muere en la guerra es un valiente, pero cuando un vulcan\u00f3logo muere en un volc\u00e1n es un gilipollas, porque ten\u00eda que haber previsto lo que iba a pasar\u201d. <\/span><\/span><\/p>\n<p><span style=\"font-family: Calibri; font-size: medium;\">La \u00faltima conferencia impartida por Jos\u00e9 Marchena, Doctor en Historia Contempor\u00e1nea por la Universidad de C\u00e1diz, ha tratado sobre <strong>la Espa\u00f1a del siglo XIX, del Imperio a la decadencia<\/strong>. Ha tratado aspectos econ\u00f3micos, pol\u00edticos y sociales. <\/span><\/p>\n<p><span style=\"font-family: Calibri; font-size: medium;\">Por la tarde, ha habido un cambio en el programa y en vez de desembarcar en Cartagena los ruteros han tenido <strong>talleres <\/strong>de diverso tipo en el buque. Algunos han jugado al v\u00f3ley, otros han hecho esgrima. En el hospital del buque ha habido un curso de primeros auxilios dirigido por el <strong>equipo m\u00e9dico de la Ruta, Alfonso, Ciro, Javi y Mar\u00eda Bel\u00e9n<\/strong>, que aprovecho para decir que hacen una gran labor en esta aventura que a veces tiene sus momentos dif\u00edciles y que siempre est\u00e1n ah\u00ed para lo que necesites. Los m\u00e1s bailarines, aqu\u00ed nos incluimos algunos periodistas, hemos podido disfrutar de los bailes latinos a ritmo de Silvia Soria (subjefa de campamento) (ver entrevistas anteriores)<\/span><\/p>\n<p><span style=\"font-size: medium;\"><span style=\"font-family: Calibri;\">Y este ha sido el d\u00eda hoy. <strong>En el barco, pero intenso.<\/strong><\/span><\/span><\/p>\n<p><span style=\"font-size: medium;\"><strong><span style=\"font-family: Calibri;\">Ahora tendremos el v\u00eddeo con las mejores fotos de la Ruta de \u00c1ngel Colina. <\/span><\/strong><\/span><\/p>\n<p><span style=\"font-family: Calibri; font-size: small;\">\u00a0<\/span><\/p>\n<p><span style=\"font-family: Calibri; font-size: small;\">\u00a0<\/span><\/p>\n<p><span style=\"font-family: Calibri; font-size: small;\">\u00a0<\/span><\/p>\n<p><span style=\"font-family: Calibri; font-size: small;\"><\/p>\n<p><\/span><\/p>\n<p>&nbsp;<\/p>\n","protected":false},"excerpt":{"rendered":"<p>Hoy, puede que hayan pasado mal d\u00eda los que sean de mareo f\u00e1cil. Hemos estado toda la jornada\u00a0navegando hasta las 17.30h que hemos llegado a Cartagena. Por la ma\u00f1ana, los profesores Ram\u00f3n Ortiz, Alicia Garc\u00eda y Jos\u00e9 Marchena han impartido unas conferencias para toda la Ruta en el hangar del buque \u201cGalicia\u201d. Los dos primeros [&hellip;]<\/p>\n","protected":false},"author":30,"featured_media":0,"comment_status":"open","ping_status":"closed","sticky":false,"template":"","format":"standard","meta":[],"categories":[2],"tags":[],"_links":{"self":[{"href":"https:\/\/blogs.elnortedecastilla.es\/rutabbva\/wp-json\/wp\/v2\/posts\/92"}],"collection":[{"href":"https:\/\/blogs.elnortedecastilla.es\/rutabbva\/wp-json\/wp\/v2\/posts"}],"about":[{"href":"https:\/\/blogs.elnortedecastilla.es\/rutabbva\/wp-json\/wp\/v2\/types\/post"}],"author":[{"embeddable":true,"href":"https:\/\/blogs.elnortedecastilla.es\/rutabbva\/wp-json\/wp\/v2\/users\/30"}],"replies":[{"embeddable":true,"href":"https:\/\/blogs.elnortedecastilla.es\/rutabbva\/wp-json\/wp\/v2\/comments?post=92"}],"version-history":[{"count":0,"href":"https:\/\/blogs.elnortedecastilla.es\/rutabbva\/wp-json\/wp\/v2\/posts\/92\/revisions"}],"wp:attachment":[{"href":"https:\/\/blogs.elnortedecastilla.es\/rutabbva\/wp-json\/wp\/v2\/media?parent=92"}],"wp:term":[{"taxonomy":"category","embeddable":true,"href":"https:\/\/blogs.elnortedecastilla.es\/rutabbva\/wp-json\/wp\/v2\/categories?post=92"},{"taxonomy":"post_tag","embeddable":true,"href":"https:\/\/blogs.elnortedecastilla.es\/rutabbva\/wp-json\/wp\/v2\/tags?post=92"}],"curies":[{"name":"wp","href":"https:\/\/api.w.org\/{rel}","templated":true}]}}