{"id":102,"date":"2012-09-10T07:27:33","date_gmt":"2012-09-10T07:27:33","guid":{"rendered":"http:\/\/blogs.elnortedecastilla.es\/tierraparalimpica\/?p=102"},"modified":"2012-09-10T07:27:33","modified_gmt":"2012-09-10T07:27:33","slug":"londres-apaga-su-llama","status":"publish","type":"post","link":"https:\/\/blogs.elnortedecastilla.es\/tierraparalimpica\/2012\/09\/10\/londres-apaga-su-llama\/","title":{"rendered":"Londres apaga su llama"},"content":{"rendered":"<p><strong>La ceremonia homenaje\u00f3 al fuego, las estaciones del a\u00f1o y los festivales de m\u00fasica<strong><\/strong><\/strong><\/p>\n<p><strong>El alcalde de R\u00edo de Janeiro recoge el testigo de la bandera paral\u00edmpica<\/strong><\/p>\n<p>&nbsp;<\/p>\n<p><img src=\"\/\/www.paralimpicos.es\/publicacion\/noticias\/fotos\/md\/Clausuraeditada.jpg\" alt=\"COLDPLAY DELEITA EN LA CEREMONIA DE CLAUSURA DE LOS JUEGOS PARAL\u00cdMPICOS DE LONDRES 2012\" width=\"647\" border=\"0\" \/><\/p>\n<p align=\"justify\">El grupo musical <strong>Coldplay<\/strong> protagoniz\u00f3 este domingo la principal nota musical en el Estadio Ol\u00edmpico de Stratford durante la ceremonia de clausura de los <strong>Juegos Paral\u00edmpicos de Londres 2012<\/strong>, que cedi\u00f3 el testigo a <strong>R\u00edo de Janeiro 2016<\/strong> despu\u00e9s de 11 d\u00edas de competici\u00f3n, en los que participaron unos 4.200 deportistas de 164 pa\u00edses y en los que se dejaron ver unos 70.000 voluntarios.<\/p>\n<p align=\"justify\">Su actuaci\u00f3n se solap\u00f3 con el resto del espect\u00e1culo. La ceremonia, bajo el t\u00edtulo de <strong>\u201cFestival de la llama\u201d<\/strong>, se prolong\u00f3 durante alrededor de dos horas y media, y rindi\u00f3 un sonoro y colorido homenaje al fuego como s\u00edmbolo que representa el comienzo y el final. Tambi\u00e9n actuaron conjuntamente con la cantante <strong>Rihanna,<\/strong> el rapero <strong>Jay Z<\/strong> y la <strong>Paraorquesta Brit\u00e1nica<\/strong>, formada por 12 personas con discapacidad.<\/p>\n<p align=\"justify\">La ceremonia estuvo presidida por el <strong>pr\u00edncipe Eduardo<\/strong> de Inglaterra y el presidente del Comit\u00e9 Paral\u00edmpico Internacional, <strong>Phil Craven<\/strong>. Adem\u00e1s, en el grader\u00edo del estadio estuvieron la <strong>infanta Elena<\/strong>; el embajador de Espa\u00f1a en el Reino Unido, <strong>Federico Trillo<\/strong>; la ministra de Sanidad, Servicios Sociales e Igualdad, <strong>Ana Mato<\/strong>; el secretario de Estado de Servicios Sociales e Igualdad, <strong>Juan Manuel Moreno<\/strong>, y el presidente del Comit\u00e9 Paral\u00edmpico Espa\u00f1ol, <strong>Miguel Carballeda<\/strong>, entre otras autoridades.<\/p>\n<p>&nbsp;<\/p>\n<p><strong><span style=\"font-size: medium;\">Testigo para R\u00edo 2016<\/span><\/strong><\/p>\n<p align=\"justify\">Tras el desfile de naciones, en el que <strong>el plusmarquista Jose Antonio Exp\u00f3sito port\u00f3\u00a0el estandarte espa\u00f1ol<\/strong>, \u00a0fue el alcalde de Londres, Boris Johnson, entreg\u00f3 la bandera paral\u00edmpica a su hom\u00f3logo de R\u00edo de Janeiro, Eduardo Paes, ciudad que organizar\u00e1 los Juegos Paral\u00edmpicos de 2016, y la ceremonia dio paso a actuaciones musicales de artistas brasile\u00f1os, entre ellos Carlinhos Brown.<\/p>\n<p align=\"justify\">El presidente del Comit\u00e9 Organizador de los Juegos Ol\u00edmpicos y Paral\u00edmpicos de Londres 2012, <strong>Sebastian Coe<\/strong>, se\u00f1al\u00f3 en un discurso que los Paral\u00edmpicos &#8220;han establecido nuevos r\u00e9cords cada d\u00eda&#8221;. &#8220;En este pa\u00eds nunca vamos a pensar en el deporte de la misma manera y nunca vamos a pensar en la discapacidad de la misma manera. As\u00ed que s\u00ed, los paral\u00edmpicos han levantado la nube de la limitaci\u00f3n&#8221;, apunt\u00f3.<\/p>\n<p align=\"justify\">Por su parte, el presidente del Comit\u00e9 Paral\u00edmpico Internacional, <strong>Phil Craven<\/strong>, afirm\u00f3 que Londres acogi\u00f3 \u201clos m\u00e1s grandes Juegos Paral\u00edmpicos de la historia\u201d.<\/p>\n<p align=\"justify\">El momento final del apagado de la llama paral\u00edmpica correspondi\u00f3 a dos deportistas brit\u00e1nicos que brillaron en Londres 2012: el atleta <strong>Jonnie Peacock<\/strong>, de 19 a\u00f1os y con su pierna derecha amputada por una meningitis cuando era ni\u00f1o, que gan\u00f3 los 100 metros lisos a <strong>Oscar Pistorius<\/strong>, en uno de los momentos m\u00e1s memorables de los Juegos Paral\u00edmpicos; y la nadadora <strong>Ellie Simmonds<\/strong>, de 17 a\u00f1os y con acondroplasia, que se colg\u00f3 dos oros, una plata y un bronce tras adjudicarse dos oros en Pek\u00edn 2008.<\/p>\n<p align=\"justify\">Los 200 p\u00e9talos del pebetero, de los cuales 164 tienen grabado los nombres de los pa\u00edses participantes y que podr\u00e1n llevarse a su regreso a casa, se fueron apagando lentamente, hasta dar por concluidos los Juegos Paral\u00edmpicos de Londres 2012, con Coldplay de nuevo como colof\u00f3n a la ceremonia.<\/p>\n<p>&nbsp;<\/p>\n<p align=\"center\"><iframe loading=\"lazy\" src=\"\/\/www.youtube.com\/embed\/ij3sgRG5sPY?feature=player_detailpage\" frameborder=\"0\" width=\"500\" height=\"380\"><\/iframe><\/p>\n","protected":false},"excerpt":{"rendered":"<p>La ceremonia homenaje\u00f3 al fuego, las estaciones del a\u00f1o y los festivales de m\u00fasica El alcalde de R\u00edo de Janeiro recoge el testigo de la bandera paral\u00edmpica &nbsp; El grupo musical Coldplay protagoniz\u00f3 este domingo la principal nota musical en el Estadio Ol\u00edmpico de Stratford durante la ceremonia de clausura de los Juegos Paral\u00edmpicos de [&hellip;]<\/p>\n","protected":false},"author":27,"featured_media":0,"comment_status":"open","ping_status":"closed","sticky":false,"template":"","format":"standard","meta":[],"categories":[4],"tags":[],"_links":{"self":[{"href":"https:\/\/blogs.elnortedecastilla.es\/tierraparalimpica\/wp-json\/wp\/v2\/posts\/102"}],"collection":[{"href":"https:\/\/blogs.elnortedecastilla.es\/tierraparalimpica\/wp-json\/wp\/v2\/posts"}],"about":[{"href":"https:\/\/blogs.elnortedecastilla.es\/tierraparalimpica\/wp-json\/wp\/v2\/types\/post"}],"author":[{"embeddable":true,"href":"https:\/\/blogs.elnortedecastilla.es\/tierraparalimpica\/wp-json\/wp\/v2\/users\/27"}],"replies":[{"embeddable":true,"href":"https:\/\/blogs.elnortedecastilla.es\/tierraparalimpica\/wp-json\/wp\/v2\/comments?post=102"}],"version-history":[{"count":0,"href":"https:\/\/blogs.elnortedecastilla.es\/tierraparalimpica\/wp-json\/wp\/v2\/posts\/102\/revisions"}],"wp:attachment":[{"href":"https:\/\/blogs.elnortedecastilla.es\/tierraparalimpica\/wp-json\/wp\/v2\/media?parent=102"}],"wp:term":[{"taxonomy":"category","embeddable":true,"href":"https:\/\/blogs.elnortedecastilla.es\/tierraparalimpica\/wp-json\/wp\/v2\/categories?post=102"},{"taxonomy":"post_tag","embeddable":true,"href":"https:\/\/blogs.elnortedecastilla.es\/tierraparalimpica\/wp-json\/wp\/v2\/tags?post=102"}],"curies":[{"name":"wp","href":"https:\/\/api.w.org\/{rel}","templated":true}]}}