{"id":105,"date":"2012-09-11T09:47:00","date_gmt":"2012-09-11T09:47:00","guid":{"rendered":"http:\/\/blogs.elnortedecastilla.es\/tierraparalimpica\/?p=105"},"modified":"2012-09-11T09:47:00","modified_gmt":"2012-09-11T09:47:00","slug":"y-ahora-que","status":"publish","type":"post","link":"https:\/\/blogs.elnortedecastilla.es\/tierraparalimpica\/2012\/09\/11\/y-ahora-que\/","title":{"rendered":"\u00bfY ahora qu\u00e9?"},"content":{"rendered":"<p><strong>La delegaci\u00f3n espa\u00f1ola consigue 42 medallas en Londres, 16 menos que en Pek\u00edn<\/strong><\/p>\n<p><strong>Los deportistas castellanos y leoneses logran una medalla de bronce y dos meritorios quintos puestos<\/strong><\/p>\n<p>&nbsp;<\/p>\n<p><img src=\"\/tierraparalimpica\/wp-content\/uploads\/sites\/17\/2012\/09\/chemadueso1.jpg\" alt=\"\" width=\"647\" border=\"0\" \/><\/p>\n<p><em>David F. Atienzar | Londres<\/em><\/p>\n<p align=\"justify\">Un <strong>futuro incierto<\/strong> se abre para la delegaci\u00f3n paral\u00edmpica espa\u00f1ola. Tras los resultados obtenidos en los reci\u00e9n<a href=\"https:\/\/blogs.elnortedecastilla.es\/tierraparalimpica\/2012\/09\/10\/londres-apaga-su-llama\/\" target=\"_blank\"> clausurados Juegos de Londres<\/a>, las alarmas se han encendido en el seno del Comit\u00e9 Paral\u00edmpico Espa\u00f1ol. Bien es cierto que el <strong>pobre balance deportivo<\/strong> no deber\u00eda ensombrecer el reconocimiento de la sociedad espa\u00f1ola hacia el deporte adaptado. \u00abLa gente ha vibrado y la ciudadan\u00eda nos ha seguido\u00bb, apunt\u00f3 el presidente del CPE, Miguel Carballeda. <strong>\u00abEl objetivo de hacernos visibles en la sociedad lo hemos logrado con creces\u00bb<\/strong>, puntualiz\u00f3. Es cierto. La repercusi\u00f3n, tanto en los medios convencionales como en las redes sociales, se ha incrementado cuantitativamente.<\/p>\n<p align=\"justify\">En el aspecto deportivo, es innegable que el nivel de las dem\u00e1s delegaciones ha crecido. <strong>En Londres se han batido 275 r\u00e9cords del mundo<\/strong> y hay que tener en cuenta que han participado 24 pa\u00edses m\u00e1s que en la anterior cita en Pek\u00edn. <strong>La delegaci\u00f3n china ha arrasado con 231 medallas<\/strong>, 95 de ellas de oro, seguida de lejos por Rusia y Gran Breta\u00f1a. <strong>Espa\u00f1a se ha situado en el puesto 17, con 42 preseas y tan solo 8 de oro<\/strong>.<strong> En la cita anterior se lograron 58 metales, 15 de ellos de oro<\/strong>. Todos apuntan a que el trabajo espa\u00f1ol es insuficiente. Mientras en otros pa\u00edses<strong> la profesionalizaci\u00f3n es un hecho, en Espa\u00f1a solo se subvenciona a los medallistas<\/strong>, hecho que acaba por envejecer al equipo y por disminuir sus logros.<\/p>\n<p>&nbsp;<\/p>\n<p><span style=\"font-size: medium;\"><strong>Castilla y Le\u00f3n, sabor agridulce<\/strong><\/span><\/p>\n<p align=\"justify\">Los seis deportistas que engrosaban la delegaci\u00f3n en Londres han tenido una suerte dispar. Mientras que <strong>Amaya Alonso y Daniel Rodr\u00edguez han mejorado en el escalaf\u00f3n y Marta Arce ha sido la \u00fanica medallista castellano y leonesa<\/strong>, Chema Dueso, Aitor Oroza y Alejandro S\u00e1nchez no han logrado cumplir sus expectativas. <a href=\"https:\/\/blogs.elnortedecastilla.es\/tierraparalimpica\/2012\/08\/31\/un-bronce-con-sabor-a-despedida\/\" target=\"_blank\">La judoca logr\u00f3 una presea de bronce en una dura e igualada competici\u00f3n<\/a>. \u00abEsta medalla me ha costado mucho, m\u00e1s que ninguna\u00bb, declar\u00f3 la vallisoletana tras la ceremonia de premios, confirmando la mejora de sus rivales.<\/p>\n<p align=\"justify\">Para <strong>Amaya Alonso \u00ablos objetivos se han cumplido\u00bb<\/strong>. \u00abHe logrado rebajar todas mis marcas y puestos tras cuatro a\u00f1os de trabajo intenso, y he disfrutado cada momento al m\u00e1ximo\u00bb, afirm\u00f3 la vallisoletana. La nadadora con deficiencia visual agradeci\u00f3 el apoyo a su familia, y ahora se centra en \u00abdisfrutar un poco m\u00e1s de la vida\u00bb. \u00abQuiero poder hacer cosas sin tener que decir que estoy cansada\u00bb, concluy\u00f3. Respecto a la<a href=\"https:\/\/blogs.elnortedecastilla.es\/tierraparalimpica\/2012\/09\/07\/pesadilla-en-la-recta-final\/\" target=\"_blank\"> descalificaci\u00f3n en la serie de 100 metros espalda<\/a>, la vallisoletana tiene claro que <strong>\u00abes una de esas lecciones que no se me olvidar\u00e1 en la vida\u00bb<\/strong>.<\/p>\n<p align=\"justify\">Para <a href=\"https:\/\/blogs.elnortedecastilla.es\/tierraparalimpica\/2012\/08\/03\/pensar-en-la-ceremonia-de-inauguracion-me-pone-l\/\" target=\"_blank\">Daniel Rodr\u00edguez<\/a>, jugador clave en la selecci\u00f3n espa\u00f1ola de baloncesto en silla de ruedas, <strong>todo lo conseguido es un premio<\/strong>. Despu\u00e9s de 16 a\u00f1os sin participar en la competici\u00f3n, el equipo espa\u00f1ol <a href=\"https:\/\/blogs.elnortedecastilla.es\/tierraparalimpica\/2012\/09\/09\/diego-se-da-un-homenaje\/\" target=\"_blank\">consigui\u00f3 un meritorio quinto puesto<\/a>, detr\u00e1s de las grandes potencias del deporte. Para Rodr\u00edguez, la experiencia ha marcado su vida. \u00abPara m\u00ed esto es lo mejor que me ha pasado en mi vida deportiva. Jugar en estos escenarios ante tanto p\u00fablico y, sobre todo, compartir las vivencias con otros deportistas en la Villa Ol\u00edmpica es el mejor premio que podr\u00eda tener\u00bb, explic\u00f3. El nivel deportivo del equipo de baloncesto ha sido muy alto, y la aportaci\u00f3n de Dani muy sustancial. Ha sido uno de los jugadores con m\u00e1s minutos disputados y ha aportado ese trabajo incondicional de los que saben cu\u00e1l es su papel dentro del equipo. \u00abCuanto m\u00e1s pueda aportar al equipo, m\u00e1s feliz soy\u00bb, finaliz\u00f3 el vallisoletano.<\/p>\n<p align=\"justify\">Pero si tenemos que hablar de decepci\u00f3n, el nombre propio es el de <a href=\"https:\/\/blogs.elnortedecastilla.es\/tierraparalimpica\/2012\/07\/12\/cuando-la-templanza-es-una-virtud\/\" target=\"_blank\">Chema Dueso<\/a>. El deportista afincado en Le\u00f3n, <a href=\"https:\/\/blogs.elnortedecastilla.es\/tierraparalimpica\/2012\/09\/07\/pesadilla-en-la-recta-final\/\" target=\"_blank\">cay\u00f3 a las primeras de cambio<\/a>. Algo que le pill\u00f3 por sorpresa y que a\u00fan le cuesta explicar. \u00abTiene una dif\u00edcil explicaci\u00f3n. Est\u00e1 claro que el nivel es muy alto, pero yo ven\u00eda preparado; tanto mental como deportivamente\u00bb, declar\u00f3 Dueso. No en vano, los dos intensos a\u00f1os de preparaci\u00f3n en el Centro de Referencia Estatal de la Discapacidad y Dependencia de San Andr\u00e9s de Rabanedo en Le\u00f3n le llevaron a proclamarse campe\u00f3n de Europa casi a las puertas de los Juegos Paral\u00edmpicos.<\/p>\n<p align=\"justify\">Por su parte, <a href=\"https:\/\/blogs.elnortedecastilla.es\/tierraparalimpica\/2012\/08\/10\/mi-objetivo-saber-que-lo-he-dado-todo\/\" target=\"_blank\">Alejandro S\u00e1nchez<\/a> y <a href=\"https:\/\/blogs.elnortedecastilla.es\/tierraparalimpica\/2012\/07\/30\/mucho-mas-que-dos-ruedas\/\" target=\"_blank\">Aitor Oroza<\/a> apenas tuvieron opciones. El salmantino complet\u00f3 un aciago a\u00f1o en lo que a resultados deportivos se refiere. Mientras que el ciclista afincado en Los Altos (Burgos) no pudo competir con la clase en la que est\u00e1 encuadrado. Ahora solo queda esperar y comenzar a<strong> preparar los Juegos de R\u00edo 2016<\/strong>.<\/p>\n","protected":false},"excerpt":{"rendered":"<p>La delegaci\u00f3n espa\u00f1ola consigue 42 medallas en Londres, 16 menos que en Pek\u00edn Los deportistas castellanos y leoneses logran una medalla de bronce y dos meritorios quintos puestos &nbsp; David F. Atienzar | Londres Un futuro incierto se abre para la delegaci\u00f3n paral\u00edmpica espa\u00f1ola. Tras los resultados obtenidos en los reci\u00e9n clausurados Juegos de Londres, [&hellip;]<\/p>\n","protected":false},"author":27,"featured_media":0,"comment_status":"open","ping_status":"closed","sticky":false,"template":"","format":"standard","meta":[],"categories":[4],"tags":[],"_links":{"self":[{"href":"https:\/\/blogs.elnortedecastilla.es\/tierraparalimpica\/wp-json\/wp\/v2\/posts\/105"}],"collection":[{"href":"https:\/\/blogs.elnortedecastilla.es\/tierraparalimpica\/wp-json\/wp\/v2\/posts"}],"about":[{"href":"https:\/\/blogs.elnortedecastilla.es\/tierraparalimpica\/wp-json\/wp\/v2\/types\/post"}],"author":[{"embeddable":true,"href":"https:\/\/blogs.elnortedecastilla.es\/tierraparalimpica\/wp-json\/wp\/v2\/users\/27"}],"replies":[{"embeddable":true,"href":"https:\/\/blogs.elnortedecastilla.es\/tierraparalimpica\/wp-json\/wp\/v2\/comments?post=105"}],"version-history":[{"count":0,"href":"https:\/\/blogs.elnortedecastilla.es\/tierraparalimpica\/wp-json\/wp\/v2\/posts\/105\/revisions"}],"wp:attachment":[{"href":"https:\/\/blogs.elnortedecastilla.es\/tierraparalimpica\/wp-json\/wp\/v2\/media?parent=105"}],"wp:term":[{"taxonomy":"category","embeddable":true,"href":"https:\/\/blogs.elnortedecastilla.es\/tierraparalimpica\/wp-json\/wp\/v2\/categories?post=105"},{"taxonomy":"post_tag","embeddable":true,"href":"https:\/\/blogs.elnortedecastilla.es\/tierraparalimpica\/wp-json\/wp\/v2\/tags?post=105"}],"curies":[{"name":"wp","href":"https:\/\/api.w.org\/{rel}","templated":true}]}}