{"id":109,"date":"2012-09-15T14:44:15","date_gmt":"2012-09-15T14:44:15","guid":{"rendered":"http:\/\/blogs.elnortedecastilla.es\/tierraparalimpica\/?p=109"},"modified":"2012-09-15T14:44:15","modified_gmt":"2012-09-15T14:44:15","slug":"destellos-de-londres","status":"publish","type":"post","link":"https:\/\/blogs.elnortedecastilla.es\/tierraparalimpica\/2012\/09\/15\/destellos-de-londres\/","title":{"rendered":"Destellos de Londres"},"content":{"rendered":"<p><strong>La medallista Marta Arce, Amaya  Alonso y Daniel Rodr\u00edguez abanderan a los paral\u00edmpicos  de Castilla y Le\u00f3n<\/strong><\/p>\n<p>&nbsp;<\/p>\n<p><img src=\"\/tierraparalimpica\/wp-content\/uploads\/sites\/17\/2012\/09\/martaarce.jpg\" alt=\"\" width=\"647\" border=\"0\" \/><\/p>\n<p><em>Juan J. L\u00f3pez<\/em><\/p>\n<p align=\"justify\">La banda sonora pod\u00eda ser de ese grupo franc\u00e9s que motiva a <a href=\"https:\/\/blogs.elnortedecastilla.es\/tierraparalimpica\/2012\/07\/24\/la-alumna-aventajada\/\" target=\"_blank\">Amaya Alonso<\/a>, \u2018Louis Attaque\u2019. La imagen, la de <a href=\"https:\/\/blogs.elnortedecastilla.es\/tierraparalimpica\/2012\/08\/03\/pensar-en-la-ceremonia-de-inauguracion-me-pone-l\/\" target=\"_blank\">Daniel Rodr\u00edguez<\/a> asombrado al salir por el t\u00fanel del Estadio Ol\u00edmpico mientras los ingleses aplaud\u00edan los acordes de \u2018Coldplay\u2019 o Rihanna. Un hilo musical muy diferente al de los gemidos de <a href=\"https:\/\/blogs.elnortedecastilla.es\/tierraparalimpica\/2012\/08\/06\/marta-arce-una-apuesta-segura\/\" target=\"_blank\">Marta Arce<\/a> despu\u00e9s de bajarse del tatami tras conseguir <a href=\"https:\/\/blogs.elnortedecastilla.es\/tierraparalimpica\/2012\/08\/31\/marta-arce-esta-medalla-me-ha-costado-mas-que-ninguna\/\" target=\"_blank\">\u00abla medalla m\u00e1s dif\u00edcil\u00bb de su vida<\/a>.  Recuerdos de unos Juegos Paral\u00edmpicos que han tenido en los tres deportistas vallisoletanos a los <strong>abanderados de la delegaci\u00f3n castellano y leonesa<\/strong>.<\/p>\n<p align=\"justify\">A Marta, a sus 35 a\u00f1os, le cuesta hablar de retirada, pese a ese \u00faltimo cap\u00edtulo londinense en el que ha logrado el bronce m\u00e1s caro de una carrera de 16 a\u00f1os. \u00abS\u00e9 que si continuo, terminar\u00e9 con una pr\u00f3tesis en la cadera\u00bb, afirma como si repitiera el mensaje de un padre protector al que no presta atenci\u00f3n porque en su interior no se imagina la vida sin el judo. \u00abEs imposible que me baje del tatami, pero unos Juegos requieren mucho sacrificio y mucha preparaci\u00f3n\u00bb, indica la deportista con deficiencia visual y madre de Kenji, un ni\u00f1o de tres a\u00f1os que cada d\u00eda demanda m\u00e1s atenci\u00f3n. \u00abCada vez sufro m\u00e1s, en lo f\u00edsico y en lo an\u00edmico\u00bb, admite mientras evoca <strong>ese \u2018ippon\u2019 salvador con que logr\u00f3 su \u00faltimo podio<\/strong>, cuando la finlandesa Paivi Tolppanen dio con su espalda en la goma del cuadril\u00e1tero. \u00abSe confi\u00f3\u00bb, sonr\u00ede.<\/p>\n<p align=\"justify\">La <a href=\"https:\/\/blogs.elnortedecastilla.es\/tierraparalimpica\/2012\/09\/07\/pesadilla-en-la-recta-final\/\" target=\"_blank\">decepci\u00f3n de los 100 metros espalda<\/a> tampoco ha logrado borrar la sonrisa de Amaya Alonso. \u00abAl principio, no era consciente de lo que hab\u00eda pasado. Me dije: No pasa nada Amaya, pero con el paso de los d\u00edas ha sido peor\u00bb, confiesa la nadadora vallisoletana. Pese a sus <strong>tres diplomas en los 200 y 400 estilos y en los 100 mariposa<\/strong>, siempre recordar\u00e1 ese giro prematuro cuando iba a terminar la serie preliminar de los 100 espalda. \u00abReclam\u00e9, pero sab\u00eda que la hab\u00eda pifiado. Nunca sabr\u00e9 si pod\u00eda haber logrado la medalla\u00bb, se\u00f1ala un poco apenada, pese a su progresi\u00f3n y a la madurez exhibida en el Aquatics Center de Londres.<\/p>\n<p align=\"justify\">La estudiante de Fisioterapia \u2013profesi\u00f3n que compartir\u00e1 con Arce\u2013 quiere olvidarse de la piscina, pero no de Londres. \u00abEs una experiencia \u00fanica, aunque Pek\u00edn me marc\u00f3 m\u00e1s\u00bb, incide en relaci\u00f3n a la meticulosidad de China en la organizaci\u00f3n de los Juegos hace cuatro a\u00f1os.<br \/>\nEn 2008, la selecci\u00f3n de baloncesto en silla de ruedas no logr\u00f3 el billete para \u00abla fiesta del deporte\u00bb, como describe a los Juegos Daniel Rodr\u00edguez tras su primera experiencia paral\u00edmpica. El escolta vallisoletano ha sido uno de los art\u00edfices del <a href=\"https:\/\/blogs.elnortedecastilla.es\/tierraparalimpica\/2012\/09\/09\/diego-se-da-un-homenaje\/\" target=\"_blank\">quinto puesto del combinado nacional<\/a>. \u00abEs un orgullo\u00bb, expresa. <strong>Trabajador y fijo en el cinco inicial del seleccionador<\/strong>, Dani a\u00fan trata de asimilar c\u00f3mo ser\u00e1n los partidos del resto de su vida despu\u00e9s de acostumbrarse a que 8.000 espectadores ovacionen cada canasta. \u00abSer\u00e1 un \u2018baj\u00f3n\u2019\u00bb, bromea.<\/p>\n<p align=\"justify\">Un \u2018baj\u00f3n\u2019 que marca la vuelta a la rutina. \u00abSiempre nos quedar\u00e1 la m\u00fasica de \u2018Louis Attaque\u2019\u00bb, bromea optimista Amaya.<\/p>\n","protected":false},"excerpt":{"rendered":"<p>La medallista Marta Arce, Amaya Alonso y Daniel Rodr\u00edguez abanderan a los paral\u00edmpicos de Castilla y Le\u00f3n &nbsp; Juan J. L\u00f3pez La banda sonora pod\u00eda ser de ese grupo franc\u00e9s que motiva a Amaya Alonso, \u2018Louis Attaque\u2019. La imagen, la de Daniel Rodr\u00edguez asombrado al salir por el t\u00fanel del Estadio Ol\u00edmpico mientras los ingleses [&hellip;]<\/p>\n","protected":false},"author":27,"featured_media":0,"comment_status":"open","ping_status":"closed","sticky":false,"template":"","format":"standard","meta":[],"categories":[4],"tags":[],"_links":{"self":[{"href":"https:\/\/blogs.elnortedecastilla.es\/tierraparalimpica\/wp-json\/wp\/v2\/posts\/109"}],"collection":[{"href":"https:\/\/blogs.elnortedecastilla.es\/tierraparalimpica\/wp-json\/wp\/v2\/posts"}],"about":[{"href":"https:\/\/blogs.elnortedecastilla.es\/tierraparalimpica\/wp-json\/wp\/v2\/types\/post"}],"author":[{"embeddable":true,"href":"https:\/\/blogs.elnortedecastilla.es\/tierraparalimpica\/wp-json\/wp\/v2\/users\/27"}],"replies":[{"embeddable":true,"href":"https:\/\/blogs.elnortedecastilla.es\/tierraparalimpica\/wp-json\/wp\/v2\/comments?post=109"}],"version-history":[{"count":0,"href":"https:\/\/blogs.elnortedecastilla.es\/tierraparalimpica\/wp-json\/wp\/v2\/posts\/109\/revisions"}],"wp:attachment":[{"href":"https:\/\/blogs.elnortedecastilla.es\/tierraparalimpica\/wp-json\/wp\/v2\/media?parent=109"}],"wp:term":[{"taxonomy":"category","embeddable":true,"href":"https:\/\/blogs.elnortedecastilla.es\/tierraparalimpica\/wp-json\/wp\/v2\/categories?post=109"},{"taxonomy":"post_tag","embeddable":true,"href":"https:\/\/blogs.elnortedecastilla.es\/tierraparalimpica\/wp-json\/wp\/v2\/tags?post=109"}],"curies":[{"name":"wp","href":"https:\/\/api.w.org\/{rel}","templated":true}]}}