{"id":12,"date":"2012-07-12T11:55:39","date_gmt":"2012-07-12T11:55:39","guid":{"rendered":"http:\/\/blogs.elnortedecastilla.es\/tierraparalimpica\/?p=12"},"modified":"2012-07-12T11:55:39","modified_gmt":"2012-07-12T11:55:39","slug":"cuando-la-templanza-es-una-virtud","status":"publish","type":"post","link":"https:\/\/blogs.elnortedecastilla.es\/tierraparalimpica\/2012\/07\/12\/cuando-la-templanza-es-una-virtud\/","title":{"rendered":"Cuando la templanza es una virtud"},"content":{"rendered":"<p>&nbsp;<\/p>\n<p><strong>Chema Dueso buscar\u00e1 en los Juegos de Londres una segunda medalla paral\u00edmpica con el equipo nacional de boccia <\/strong><\/p>\n<p><strong>El valenciano afincado en Le\u00f3n cuenta en su palmar\u00e9s con una presea de bronce en la cita de Pek\u00edn de hace cuatro a\u00f1os<\/strong><\/p>\n<p>&nbsp;<\/p>\n<p><em>David F. Atienzar |<\/em><\/p>\n<p><a href=\"https:\/\/lh5.googleusercontent.com\/-qxd4V6eJeUg\/Tq7qMSyxJZI\/AAAAAAAAAUs\/Q6Th_zwgpkA\/s640\/389610_2514195063996_1526778496_32740359_2113190363_n.jpg\" rel=\"external nofollow\"><img loading=\"lazy\" class=\"alignright size-full wp-image-7\" title=\"Chema Dueso, junto a su entrenadora Mar\u00eda Rubiera\" src=\"https:\/\/lh5.googleusercontent.com\/-qxd4V6eJeUg\/Tq7qMSyxJZI\/AAAAAAAAAUs\/Q6Th_zwgpkA\/s640\/389610_2514195063996_1526778496_32740359_2113190363_n.jpg\" alt=\"\" width=\"331\" height=\"497\" \/><\/a><strong>Jose Mar\u00eda Dueso, valenciano de 37 a\u00f1os<\/strong> afincado en San Andr\u00e9s de Rabanedo (Le\u00f3n), consigui\u00f3 su billete para los Juegos de Londres tras proclamarse <a href=\"http:\/\/www.fecledmi.org\/index.php?elementoID=431\" target=\"_blank\" rel=\"external nofollow\">campe\u00f3n de Europa de Boccia<\/a> en la <strong>categor\u00eda BC4<\/strong>. Aficionado a la lectura y al cine, este incansable viajero saca partido a su punter\u00eda jugando a la boccia, deporte paral\u00edmpico practicado por personas con discapacidad f\u00edsica y par\u00e1lisis cerebral que consiste en una serie de lanzamientos de bolas de color con el objetivo de acercarlas a la bola blanca o bola diana. Un deporte que requiere de m\u00e1xima concentraci\u00f3n, una gran capacidad de an\u00e1lisis y mucha habilidad coordinativa. Cualidades de las que Dueso hace gala y que, quiz\u00e1, su car\u00e1cter tranquilo y su profesi\u00f3n de inform\u00e1tico le hayan ayudado a conseguirlas.<\/p>\n<p>Chema, como le gusta que le llamen sus amigos, comenz\u00f3 a practicar este deporte en un campamento deportivo y desde entonces, su buen hacer y capacidad de trabajo le han llevado a pertenecer a la \u00e9lite mundial de la disciplina. Su distrofia muscular no le ha impedido colocarse entre los m\u00e1s grandes deportistas espa\u00f1oles. No en vano, le contemplan una Copa del Mundo por parejas en 2007, un bronce en los Juegos Paral\u00edmpicos de Pek\u00edn en 2008, un Campeonato del Mundo en 2011, el Campeonato de Europa de 2012 y varios segundos puestos en otras tantas competiciones. Con este curr\u00edculum impresionante, Dueso se enfrenta a sus terceros Juegos con la meta de superar el resultado conseguido en Pek\u00edn hace cuatro a\u00f1os.<\/p>\n<p>Desde hace algo m\u00e1s de un a\u00f1o, Chema entrena en el <a href=\"http:\/\/www.crediscapacidadydependencia.es\/cresanandres_01\/index.htm\" target=\"_blank\" rel=\"external nofollow\">Centro de Referencia Estatal de Discapacidad y Dependencia de San Andr\u00e9s de Rabanedo (Le\u00f3n)<\/a> bajo las \u00f3rdenes de <strong>la leonesa Mar\u00eda Rubiera<\/strong>, quien ha depositado todas sus energ\u00edas para que Dueso est\u00e9 entre los favoritos en la cita londinense. El Comit\u00e9 Paral\u00edmpico eligi\u00f3 este recurso para su preparaci\u00f3n y dispuso de todos los medios necesarios para la adecuada puesta a punto del deportista. Una apuesta que parece haber sido acertada, a tenor de los resultados cosechados en 2012.<\/p>\n<p>Solo ocho deportistas de los 127 elegidos para acudir a Londres depender\u00e1n exclusivamente de su capacidad mental para alcanzar la gloria. Porque, mientras la mayor\u00eda de los deportes presumen de su gran desgaste f\u00edsico para lograr el triunfo, la boccia necesita de una tranquilidad inusitada, nervios de acero y una templanza fuera de lo com\u00fan. Virtudes ol\u00edmpicas que tambi\u00e9n llevan a los deportistas a ser grandes. Grande como Chema Dueso cada vez que se dispone a lanzar su afortunada bola desde el box.<\/p>\n","protected":false},"excerpt":{"rendered":"<p>&nbsp; Chema Dueso buscar\u00e1 en los Juegos de Londres una segunda medalla paral\u00edmpica con el equipo nacional de boccia El valenciano afincado en Le\u00f3n cuenta en su palmar\u00e9s con una presea de bronce en la cita de Pek\u00edn de hace cuatro a\u00f1os &nbsp; David F. Atienzar | Jose Mar\u00eda Dueso, valenciano de 37 a\u00f1os afincado [&hellip;]<\/p>\n","protected":false},"author":27,"featured_media":0,"comment_status":"open","ping_status":"closed","sticky":false,"template":"","format":"standard","meta":[],"categories":[4],"tags":[],"_links":{"self":[{"href":"https:\/\/blogs.elnortedecastilla.es\/tierraparalimpica\/wp-json\/wp\/v2\/posts\/12"}],"collection":[{"href":"https:\/\/blogs.elnortedecastilla.es\/tierraparalimpica\/wp-json\/wp\/v2\/posts"}],"about":[{"href":"https:\/\/blogs.elnortedecastilla.es\/tierraparalimpica\/wp-json\/wp\/v2\/types\/post"}],"author":[{"embeddable":true,"href":"https:\/\/blogs.elnortedecastilla.es\/tierraparalimpica\/wp-json\/wp\/v2\/users\/27"}],"replies":[{"embeddable":true,"href":"https:\/\/blogs.elnortedecastilla.es\/tierraparalimpica\/wp-json\/wp\/v2\/comments?post=12"}],"version-history":[{"count":0,"href":"https:\/\/blogs.elnortedecastilla.es\/tierraparalimpica\/wp-json\/wp\/v2\/posts\/12\/revisions"}],"wp:attachment":[{"href":"https:\/\/blogs.elnortedecastilla.es\/tierraparalimpica\/wp-json\/wp\/v2\/media?parent=12"}],"wp:term":[{"taxonomy":"category","embeddable":true,"href":"https:\/\/blogs.elnortedecastilla.es\/tierraparalimpica\/wp-json\/wp\/v2\/categories?post=12"},{"taxonomy":"post_tag","embeddable":true,"href":"https:\/\/blogs.elnortedecastilla.es\/tierraparalimpica\/wp-json\/wp\/v2\/tags?post=12"}],"curies":[{"name":"wp","href":"https:\/\/api.w.org\/{rel}","templated":true}]}}