{"id":124,"date":"2015-11-09T17:46:11","date_gmt":"2015-11-09T17:46:11","guid":{"rendered":"http:\/\/blogs.elnortedecastilla.es\/tierraparalimpica\/?p=124"},"modified":"2015-11-09T17:46:11","modified_gmt":"2015-11-09T17:46:11","slug":"en-rio-nos-vamos-a-pegar-de-verdad","status":"publish","type":"post","link":"https:\/\/blogs.elnortedecastilla.es\/tierraparalimpica\/2015\/11\/09\/en-rio-nos-vamos-a-pegar-de-verdad\/","title":{"rendered":"&#8220;En R\u00edo, nos vamos a pegar de verdad&#8221;"},"content":{"rendered":"<p align=\"justify\"><img loading=\"lazy\" class=\"aligncenter\" style=\"border: 5px solid  #ff0000;\" src=\"\/tierraparalimpica\/wp-content\/uploads\/sites\/17\/2015\/11\/DaniPerez.jpg\" alt=\"\" width=\"580\" height=\"252\" \/><\/p>\n<p>&nbsp;<\/p>\n<p align=\"justify\">\u25b6<span style=\"font-size: large; color: #000000;\"><strong>\u00a0\u00a0 Daniel P\u00e9rez, paral\u00edmpico leon\u00e9s, valora el aprendizaje en el pasado Mundial de Doha, tras conocer a los atletas que ser\u00e1n sus rivales en los Juegos de Brasil del pr\u00f3ximo a\u00f1o<\/strong><\/span><\/p>\n<p align=\"justify\">\u25b6<span style=\"font-size: large; color: #000000;\"><strong>\u00a0 El especialista espa\u00f1ol en salto de altura pretende conseguir la m\u00ednima &#8216;A&#8217; (1,85 metros) en los pr\u00f3ximos meses, para no depender de nadie en su convocatoria con el equipo nacional<\/strong><\/span><\/p>\n<hr align=\"center\" noshade=\"noshade\" size=\"15\" width=\"200\" \/>\n<p>&nbsp;<\/p>\n<p align=\"justify\"><span style=\"font-size: xx-large;\"><strong>D<\/strong><\/span><span style=\"font-size: medium;\">aniel P\u00e9rez Mart\u00ednez (Le\u00f3n, 1995) es la gran promesa del atletismo paral\u00edmpico castellano y leon\u00e9s y una de las referencias del futuro para la selecci\u00f3n nacional. Sin embargo, pese a poder presumir de haber sido 18 veces campe\u00f3n de Espa\u00f1a (pista cubierta, al aire libre, clubes, selecciones&#8230;) y <a href=\"http:\/\/juegospolideportivosfecledmi.blogspot.com.es\/2015\/06\/clausura-de-la-competicion-de-fecledmi.html\" target=\"_blank\" rel=\"external nofollow\">de contar con el actual r\u00e9cord nacional en la prueba de salto de altura (1,78 metros)<\/a>, su carrera est\u00e1 en los primeros saltos, como demuestra &#8220;el tortazo&#8221; del pasado Mundial \u00a0de Atletismo Paral\u00edmpico, celebrado el pasado mes de octubre en Doha, <a href=\"http:\/\/www.fecledmi.org\/index.php\/comunica\/noticias\/828-un-reves-educativo\" target=\"_blank\" rel=\"external nofollow\">donde finaliz\u00f3 sexto, muy lejos de sus pretensiones<\/a>.<\/span><\/p>\n<p align=\"justify\"><span style=\"font-size: medium;\">Del &#8220;Ya est\u00e1. Se acab\u00f3 todo&#8221;, tras cerrar su participaci\u00f3n con una toalla sobre la cabeza y la desaz\u00f3n de estar muy lejos de sus expectativas, a la versi\u00f3n optimista del que sabe que la pr\u00f3xima cita puede tener los aros de los Juegos como tel\u00f3n de fondo. &#8220;En unos meses, nos vamos a pegar de verdad&#8221;.<\/span><\/p>\n<p align=\"justify\"><!--more--><\/p>\n<p>&nbsp;<\/p>\n<div style=\"width: 357px\" class=\"wp-caption alignright\"><img loading=\"lazy\" class=\" \" style=\"margin: 10px; border: 5px solid #ff0000;\" title=\"Daniel P\u00e9rez, en el Mundial de Doha\" src=\"\/tierraparalimpica\/wp-content\/uploads\/sites\/17\/2015\/11\/DaniP\u00e9rezDoha1.jpg\" alt=\"Daniel P\u00e9rez, en el Mundial de Doha\" width=\"347\" height=\"217\" \/><p class=\"wp-caption-text\">Daniel P\u00e9rez, en el Mundial de Doha<\/p><\/div>\n<p align=\"justify\"><strong><span style=\"font-size: medium;\">&#8211; \u00bfPuede ser el pasado Mundial de Doha uno de los primeros cap\u00edtulos de su libro?<\/span><\/strong><\/p>\n<p align=\"justify\"><span style=\"font-size: medium;\">&#8211; No s\u00e9 si el primero, pero lo que ha sido es una ense\u00f1anza muy importante. Creo que la experiencia me va a venir muy bien para las competiciones del futuro. S\u00e9 que me va a venir muy bien si finalmente estoy en los Juegos de R\u00edo del pr\u00f3ximo a\u00f1o.<\/span><\/p>\n<p align=\"justify\"><strong><span style=\"font-size: medium;\">&#8211; En el apartado de resultados&#8230; Aparece el &#8216;debe mejorar&#8217;, \u00bfno?<\/span><\/strong><\/p>\n<p align=\"justify\"><span style=\"font-size: medium;\">&#8211; S\u00ed, est\u00e1 claro. El resultado es muy justillo, por decirlo finamente. Comet\u00ed varios errores y con el paso del tiempo los veo m\u00e1s claros. Lo peor de todo es que alguno lo localic\u00e9 durante la competici\u00f3n, pero no fui capaz de remediarlo. Sab\u00eda que estaba alargando mucho el \u00faltimo apoyo, lo sab\u00eda&#8230; Pero no pude controlarlo.<\/span><\/p>\n<p align=\"justify\"><strong><span style=\"font-size: medium;\">&#8211; Su imagen con esa toalla blanca encima de la cabeza tap\u00e1ndose la cara reflej\u00f3 la frustraci\u00f3n.<\/span><\/strong><\/p>\n<p align=\"justify\"><span style=\"font-size: medium;\">&#8211; S\u00ed, pero sab\u00eda que el deporte es as\u00ed. Yo llevaba dos meses saltando por encima del 1,76 metros y en Doha, en el salto m\u00e1s importante, no pude hacerlo. Un mal d\u00eda&#8230; Todo puede irse al traste por los nervios, dormir mal, o una decena de causas.<\/span><\/p>\n<p align=\"justify\"><strong><span style=\"font-size: medium;\">&#8211; Sin embargo, una vez que super\u00f3 la barra del 1,73 metros, transmit\u00eda que pod\u00eda volar hacia las medallas&#8230;<\/span><\/strong><\/p>\n<p align=\"justify\"><span style=\"font-size: medium;\">&#8211; (Risas) Bueno, no estaba mal, pero las sensaciones no eran las id\u00f3neas. Era consciente de que todo no estaba en su sitio.<\/span><\/p>\n<p align=\"justify\"><strong><span style=\"font-size: medium;\">&#8211; Mensajes de cari\u00f1o, de \u00e1nimo&#8230; \u00bfPero qu\u00e9 le han dicho los seleccionadores y su t\u00e9cnico?<\/span><\/strong><\/p>\n<p align=\"justify\"><span style=\"font-size: medium;\">&#8211; Todo el mundo coincide en que es mi primer mundial, que estas cosas pueden pasar, pero tambi\u00e9n hemos analizado el porqu\u00e9 de todo. Yo soy el m\u00e1s autocr\u00edtico conmigo mismo, y me considero un buen competidor, pese a lo que me ha pasado. Lo m\u00e1s importante es aprender y pensar en el futuro. Tenemos muchos meses para ponernos a tope. No voy a enga\u00f1ar a nadie, a Doha tambi\u00e9n llegu\u00e9 muy pasado en la temporada, y lo que sucedi\u00f3 entraba dentro de lo posible.<\/span><\/p>\n<p>&nbsp;<\/p>\n<p align=\"center\"><iframe loading=\"lazy\" src=\"https:\/\/www.youtube.com\/embed\/KGcwOZEwU2g\" frameborder=\"0\" width=\"520\" height=\"385\"><\/iframe><\/p>\n<p>&nbsp;<\/p>\n<p align=\"justify\"><span style=\"font-size: x-large;\"><strong>Un gigante americano en el reto de Brasil<\/strong><\/span><\/p>\n<p align=\"justify\"><strong><span style=\"font-size: medium;\">&#8211; Al margen de las sensaciones personales, \u00bfcon qu\u00e9 se queda del Mundial de Doha?<\/span><\/strong><\/p>\n<p align=\"justify\"><span style=\"font-size: medium;\">&#8211; Ya s\u00e9 con qui\u00e9n me voy a tener que pegar si voy a los Juegos el pr\u00f3ximo a\u00f1o. Hoy por hoy, creo que todos estamos muy juntos, salvo el americano. Ese chico est\u00e1 dos o veinte pelda\u00f1os por encima, y algo muy grave tiene que pasar para que no sea el campe\u00f3n paral\u00edmpico. Tambi\u00e9n me caus\u00f3 muy buena impresi\u00f3n el chico ruso, es muy grande y muy fuerte, mientras que el saltador chino, que finaliz\u00f3 segundo, es muy, muy r\u00e1pido&#8230; \u00a1Es una maravilla ver c\u00f3mo se eleva!<\/span><\/p>\n<div style=\"width: 357px\" class=\"wp-caption alignright\"><img loading=\"lazy\" class=\" \" style=\"margin: 10px; border: 5px solid #ff0000;\" title=\"Daniel P\u00e9rez, en el Mundial de Doha\" src=\"\/tierraparalimpica\/wp-content\/uploads\/sites\/17\/2015\/11\/DaniP\u00e9rezDoha.jpg\" alt=\"Daniel P\u00e9rez, en el Mundial de Doha\" width=\"347\" height=\"217\" \/><p class=\"wp-caption-text\">Daniel P\u00e9rez, en el Mundial de Doha<\/p><\/div>\n<p align=\"justify\"><strong><span style=\"font-size: medium;\">&#8211; Es complicado que Daniel P\u00e9rez se quede fuera de los Juegos de R\u00edo&#8230;<\/span><\/strong><\/p>\n<p align=\"justify\"><span style=\"font-size: medium;\">&#8211; Bueno, yo prefiero ser cauto. Estoy preseleccionado, pero el objetivo es conseguir la m\u00ednima &#8216;A&#8217;, y dejarme de repescas u otros rollos. Tengo que conseguir saltar 1,85 metros y sellar el billete. Tengo muchos meses para conseguirlo.<\/span><\/p>\n<p align=\"justify\"><strong><span style=\"font-size: medium;\">&#8211; Durante los d\u00edas del Mundial, el deporte leon\u00e9s, el deporte adaptado castellano y leon\u00e9s, incluso en muchos casos a nivel nacional, se volcaron con usted&#8230; \u00bfLe lleg\u00f3 ese apoyo?<\/span><\/strong><\/p>\n<p align=\"justify\"><span style=\"font-size: medium;\">&#8211; A\u00fan siento un escalofr\u00edo. Mi hermano, los amigos de la Cl\u00ednica Fisiorama, etc&#8230;, me demostraron que somos una familia y que, aunque yo soy el que compite, ellos est\u00e1n ah\u00ed conmigo. Sal\u00ed y dije que contenta tiene que estar mi abuela&#8230; Todos pusieron su granito de arena, y eso me motiva para seguir trabajando.<\/span><\/p>\n","protected":false},"excerpt":{"rendered":"<p>&nbsp; \u25b6\u00a0\u00a0 Daniel P\u00e9rez, paral\u00edmpico leon\u00e9s, valora el aprendizaje en el pasado Mundial de Doha, tras conocer a los atletas que ser\u00e1n sus rivales en los Juegos de Brasil del pr\u00f3ximo a\u00f1o \u25b6\u00a0 El especialista espa\u00f1ol en salto de altura pretende conseguir la m\u00ednima &#8216;A&#8217; (1,85 metros) en los pr\u00f3ximos meses, para no depender de [&hellip;]<\/p>\n","protected":false},"author":29,"featured_media":0,"comment_status":"open","ping_status":"open","sticky":false,"template":"","format":"standard","meta":[],"categories":[3],"tags":[],"_links":{"self":[{"href":"https:\/\/blogs.elnortedecastilla.es\/tierraparalimpica\/wp-json\/wp\/v2\/posts\/124"}],"collection":[{"href":"https:\/\/blogs.elnortedecastilla.es\/tierraparalimpica\/wp-json\/wp\/v2\/posts"}],"about":[{"href":"https:\/\/blogs.elnortedecastilla.es\/tierraparalimpica\/wp-json\/wp\/v2\/types\/post"}],"author":[{"embeddable":true,"href":"https:\/\/blogs.elnortedecastilla.es\/tierraparalimpica\/wp-json\/wp\/v2\/users\/29"}],"replies":[{"embeddable":true,"href":"https:\/\/blogs.elnortedecastilla.es\/tierraparalimpica\/wp-json\/wp\/v2\/comments?post=124"}],"version-history":[{"count":0,"href":"https:\/\/blogs.elnortedecastilla.es\/tierraparalimpica\/wp-json\/wp\/v2\/posts\/124\/revisions"}],"wp:attachment":[{"href":"https:\/\/blogs.elnortedecastilla.es\/tierraparalimpica\/wp-json\/wp\/v2\/media?parent=124"}],"wp:term":[{"taxonomy":"category","embeddable":true,"href":"https:\/\/blogs.elnortedecastilla.es\/tierraparalimpica\/wp-json\/wp\/v2\/categories?post=124"},{"taxonomy":"post_tag","embeddable":true,"href":"https:\/\/blogs.elnortedecastilla.es\/tierraparalimpica\/wp-json\/wp\/v2\/tags?post=124"}],"curies":[{"name":"wp","href":"https:\/\/api.w.org\/{rel}","templated":true}]}}