{"id":134,"date":"2015-11-13T01:48:02","date_gmt":"2015-11-13T01:48:02","guid":{"rendered":"http:\/\/blogs.elnortedecastilla.es\/tierraparalimpica\/?p=134"},"modified":"2015-11-13T01:48:02","modified_gmt":"2015-11-13T01:48:02","slug":"lia-beel-una-cuestion-de-distancia","status":"publish","type":"post","link":"https:\/\/blogs.elnortedecastilla.es\/tierraparalimpica\/2015\/11\/13\/lia-beel-una-cuestion-de-distancia\/","title":{"rendered":"Lia Beel, una cuesti\u00f3n de distancia"},"content":{"rendered":"<p align=\"justify\"><img loading=\"lazy\" class=\"aligncenter\" style=\"border: 5px solid  #ff0000;\" src=\"\/tierraparalimpica\/wp-content\/uploads\/sites\/17\/2015\/11\/LiaBeelRelevo.jpg\" alt=\"\" width=\"580\" height=\"252\" \/><\/p>\n<p>&nbsp;<\/p>\n<p align=\"justify\">\u25b6<span style=\"font-size: large; color: #000000;\"><strong> La paral\u00edmpica burgalesa, medalla de bronce en el 4&#215;100 en el Mundial de Doha, buscar\u00e1 el billete a R\u00edo en el medio fondo<\/strong><\/span><\/p>\n<p align=\"justify\">\u25b6<span style=\"font-size: large; color: #000000;\"><strong> &#8220;Me voy a centrar en los 1.500 metros, aunque soy consciente de que el relevo puede abrirme las puertas de los Juegos&#8221;<\/strong><\/span><\/p>\n<hr align=\"center\" noshade=\"noshade\" size=\"15\" width=\"200\" \/>\n<p>&nbsp;<\/p>\n<p align=\"justify\"><span style=\"font-size: xx-large;\"><strong>A<\/strong><\/span><span style=\"font-size: medium;\"> Lia Beel Quintana (Burgos, 1995), Madrid le ha cambiado la vida. &#8220;Ha sido una revoluci\u00f3n&#8221;, admite t\u00edmidamente. La nueva Lia vive la erupci\u00f3n universitaria, la sentimental y, por supuesto, la deportiva, una faceta a la que quiere ligar su vida, pese a contar con tan solo 20 a\u00f1os.<\/span><\/p>\n<p align=\"justify\"><span style=\"font-size: medium;\">De las pruebas de velocidad, &#8220;de esas que te pod\u00edas hacer siete seguidas&#8221;, como admite la castellano y leonesa del equipo de atletismo de la ONCE, a ampliar el \u00f3valo de la pista de atletismo. De los 100 o los 200 metros, a irrumpir en los 400 y en los 800. \u00bfQu\u00e9 ser\u00e1 lo pr\u00f3ximo? &#8220;El 1.500&#8230; Creo que ya puedo adelantarlo&#8221;, confiesa en relaci\u00f3n a su pr\u00f3ximo reto. &#8220;Los Juegos de R\u00edo del pr\u00f3ximo a\u00f1o pueden estar ah\u00ed&#8221;, se\u00f1ala.<\/span><\/p>\n<p align=\"justify\"><!--more--><\/p>\n<div style=\"width: 357px\" class=\"wp-caption alignright\"><img class=\" \" style=\"margin: 10px; border: 5px solid #ff0000;\" title=\"Daniel P\u00e9rez, en el Mundial de Doha\" src=\"\/tierraparalimpica\/wp-content\/uploads\/sites\/17\/2015\/11\/LiaBeel1.jpg\" alt=\"Daniel P\u00e9rez, en el Mundial de Doha\" width=\"347\" \/><p class=\"wp-caption-text\">Lia Beel (d), junto a su gu\u00eda y una compa\u00f1era en la prueba de relevo en Doha<\/p><\/div>\n<p align=\"justify\"><span style=\"font-size: medium;\">Lia Beel acaba de experimentar su primer mundial absoluto. De hecho, a\u00fan trata de superar la resaca de su primera medalla en una prueba planetaria con las mejores atletas paral\u00edmpicas del globo. La &#8216;velocista&#8217; burgalesa -porque a\u00fan se siente &#8220;r\u00e1pida&#8221;- contribuy\u00f3 a <a href=\"http:\/\/www.paralimpicos.es\/publicacion\/noticias.asp?n=1428\" target=\"_blank\" rel=\"external nofollow\">la medalla de bronce lograda por el relevo 4&#215;100 en el Mundial de Doha<\/a> del pasado mes de octubre. &#8220;Fue una sensaci\u00f3n estupenda, y m\u00e1s cuando en el resto de las pruebas, los resultados no fueron los mejores&#8221;, indica <a href=\"http:\/\/www.carreraliberty.es\/equipo-liberty-seguros-de-promesas-paralimpicas-de-atletismo\/\" target=\"_blank\" rel=\"external nofollow\">la atleta del equipo Liberty<\/a>, proyecto dise\u00f1ado para el futuro del atletismo paral\u00edmpico espa\u00f1ol.<\/span><\/p>\n<p align=\"justify\"><span style=\"font-size: medium;\">&#8220;Conseguir una medalla en tu primer Mundial es lo m\u00e1ximo, y en una prueba conjunta es especial. Antes de la carrera, quieres estar a la altura del resto de compa\u00f1eras, no tener errores que perjudiquen al resto, y cuando funciona, te sientes parte de algo com\u00fan&#8221;, subraya en relaci\u00f3n a una especialidad que no dejar\u00e1 de lado en su camino <strong>a los Juegos de R\u00edo para los que ya est\u00e1 preseleccionada<\/strong>.<\/span><\/p>\n<p align=\"justify\"><span style=\"font-size: medium;\">&#8220;Ahora mismo, a\u00fan no se sabe si la selecci\u00f3n se inscribir\u00e1 en esa prueba, pero despu\u00e9s de la medalla de bronce, existen muchas posibilidades. S\u00e9 que puede ser otra puerta para ir a los Juegos, porque en mi clase -T11- sigo siendo la m\u00e1s r\u00e1pida, y hace falta una velocista de estas caracter\u00edsticas&#8221;, afirma Lia.<\/span><\/p>\n<p>&nbsp;<\/p>\n<p align=\"center\"><iframe loading=\"lazy\" src=\"https:\/\/www.youtube.com\/embed\/pEplSlYIafA\" frameborder=\"0\" width=\"520\" height=\"385\"><\/iframe><\/p>\n<p>&nbsp;<\/p>\n<p align=\"justify\"><span style=\"font-size: x-large;\"><strong>De velocista a mediofondista<\/strong><\/span><\/p>\n<p align=\"justify\"><span style=\"font-size: medium;\">Lia lleg\u00f3 a Madrid hace dos a\u00f1os y <strong>entr\u00f3 a formar parte del equipo de atletismo de la ONCE<\/strong> en la capital de Espa\u00f1a. &#8220;Enseguida me dijeron que ten\u00edan que especializarme en otro tipo de pruebas. La verdad, es que con el tiempo me he dado cuenta de que en la velocidad el margen de mejora para m\u00ed ya era escaso&#8221;, admite. &#8220;Juanjo, mi entrenador -por Juan Jos\u00e9 Morgado-, <strong>me centr\u00f3 en el 400 y el 800, y los resultados est\u00e1n ah\u00ed<\/strong>. Gracias al cambio, he podido progresar y llegar al Mundial y pensar en los Juegos&#8221;, agrega una deportista que en su camino m\u00e1s reciente ha tenido que sobreponerse a una lesi\u00f3n de un a\u00f1o y medio.<\/span><\/p>\n<p align=\"justify\"><span style=\"font-size: medium;\">Sin embargo, en el Qatar SC stadium, el 400 y el 800 no fueron demasiado propicios para la atleta castellano y leonesa, quien llegaba a la cita mundial con <a href=\"http:\/\/www.diariodeburgos.es\/noticia\/Z3290D67E-A638-7440-190E1B890EB13D3B\/20150728\/lia\/beel\/arrasa\/dos\/oros\/juegos\/paralimpicos\/jovenes\" target=\"_blank\" rel=\"external nofollow\">dos medallas de oro en las mismas pruebas, pero en los Juegos Europeos para J\u00f3venes del pasado mes de julio<\/a>. &#8220;Es muy complicado estar en el pico de preparaci\u00f3n en julio y pensar en estarlo tambi\u00e9n en octubre&#8230; En Doha estaba bastante pasadilla. No es la fecha id\u00f3nea para organizar un Mundial&#8221;, afirma con rotundidad.<\/span><\/p>\n<div style=\"width: 357px\" class=\"wp-caption alignright\"><img class=\" \" style=\"margin: 10px; border: 5px solid #ff0000;\" title=\"Daniel P\u00e9rez, en el Mundial de Doha\" src=\"\/\/www.paralimpicos.es\/publicacion\/noticias\/fotos\/md\/chicas.jpg\" alt=\"Lia Beel, segunda por la izquierda, celebra la medalla de bronce junto a su gu\u00eda y el resto del equipo en Doha\" width=\"347\" \/><p class=\"wp-caption-text\">Lia Beel, junto a su gu\u00eda y una compa\u00f1era en la prueba de relevo en Doha<\/p><\/div>\n<p align=\"justify\"><span style=\"font-size: medium;\">&#8220;Adem\u00e1s, el calor no fue el aliado precisamente de la expedici\u00f3n espa\u00f1ola. En el 400 estaba haciendo una buena carrera en los primeros 300 metros, pero en los 100 finales palm\u00e9 much\u00edsimos segundos&#8221;, admite una deportista de la ONCE, quien incide en que varios atletas tuvieron que ser atendidos por deshidrataci\u00f3n tras series de m\u00e1s distancia.<\/span><\/p>\n<p align=\"justify\"><span style=\"font-size: medium;\">La experiencia en Doha, as\u00ed como el hecho de que no habr\u00e1 prueba de 800 metros en la especialidad de Lia, <strong>han hecho de que Beel, junto a su t\u00e9cnico, se decanten por ampliar a\u00fan m\u00e1s la pista, hasta el 1.500<\/strong>. &#8220;Desde enero hasta junio, sin renunciar a otras pruebas, me centrar\u00e9 en esta distancia, porque la marca es m\u00e1s accesible. <strong>La m\u00ednima &#8216;A&#8217; est\u00e1 en 5 minutos y 10 segundos<\/strong>, mientras que la &#8216;B&#8217; est\u00e1 en 5 minutos y 30 segundos. Creo que es factible&#8221;, comenta sin renunciar a intentar tambi\u00e9n la plaza en el 400, pese a que para esta especialidad la m\u00ednima &#8216;A&#8217; est\u00e1 en 1:00.<\/span><\/p>\n<p align=\"justify\"><span style=\"font-size: medium;\">&#8220;Mi marca est\u00e1 en 1:06:12, que la consegu\u00ed en el Europeo de Croacia el pasado verano, y hablamos de seis segundos en 400 metros&#8230; Es complicado, y la m\u00ednima &#8216;B&#8217; tambi\u00e9n es dif\u00edcil, porque est\u00e1 en 1:03&#8221;, concluye una atleta que, junto a su gu\u00eda, David Alonso, <strong>tratar\u00e1 de cumplir el sue\u00f1o paral\u00edmpico con apenas 20 a\u00f1os y muchas distancias por descubrir<\/strong>.<\/span><\/p>\n","protected":false},"excerpt":{"rendered":"<p>&nbsp; \u25b6 La paral\u00edmpica burgalesa, medalla de bronce en el 4&#215;100 en el Mundial de Doha, buscar\u00e1 el billete a R\u00edo en el medio fondo \u25b6 &#8220;Me voy a centrar en los 1.500 metros, aunque soy consciente de que el relevo puede abrirme las puertas de los Juegos&#8221; &nbsp; A Lia Beel Quintana (Burgos, 1995), [&hellip;]<\/p>\n","protected":false},"author":29,"featured_media":0,"comment_status":"open","ping_status":"open","sticky":false,"template":"","format":"standard","meta":[],"categories":[3],"tags":[],"_links":{"self":[{"href":"https:\/\/blogs.elnortedecastilla.es\/tierraparalimpica\/wp-json\/wp\/v2\/posts\/134"}],"collection":[{"href":"https:\/\/blogs.elnortedecastilla.es\/tierraparalimpica\/wp-json\/wp\/v2\/posts"}],"about":[{"href":"https:\/\/blogs.elnortedecastilla.es\/tierraparalimpica\/wp-json\/wp\/v2\/types\/post"}],"author":[{"embeddable":true,"href":"https:\/\/blogs.elnortedecastilla.es\/tierraparalimpica\/wp-json\/wp\/v2\/users\/29"}],"replies":[{"embeddable":true,"href":"https:\/\/blogs.elnortedecastilla.es\/tierraparalimpica\/wp-json\/wp\/v2\/comments?post=134"}],"version-history":[{"count":0,"href":"https:\/\/blogs.elnortedecastilla.es\/tierraparalimpica\/wp-json\/wp\/v2\/posts\/134\/revisions"}],"wp:attachment":[{"href":"https:\/\/blogs.elnortedecastilla.es\/tierraparalimpica\/wp-json\/wp\/v2\/media?parent=134"}],"wp:term":[{"taxonomy":"category","embeddable":true,"href":"https:\/\/blogs.elnortedecastilla.es\/tierraparalimpica\/wp-json\/wp\/v2\/categories?post=134"},{"taxonomy":"post_tag","embeddable":true,"href":"https:\/\/blogs.elnortedecastilla.es\/tierraparalimpica\/wp-json\/wp\/v2\/tags?post=134"}],"curies":[{"name":"wp","href":"https:\/\/api.w.org\/{rel}","templated":true}]}}