{"id":141,"date":"2015-11-16T17:41:18","date_gmt":"2015-11-16T17:41:18","guid":{"rendered":"http:\/\/blogs.elnortedecastilla.es\/tierraparalimpica\/?p=141"},"modified":"2015-11-16T17:41:18","modified_gmt":"2015-11-16T17:41:18","slug":"la-novena-sinfonia","status":"publish","type":"post","link":"https:\/\/blogs.elnortedecastilla.es\/tierraparalimpica\/2015\/11\/16\/la-novena-sinfonia\/","title":{"rendered":"La novena sinfon\u00eda"},"content":{"rendered":"<p align=\"justify\"><img loading=\"lazy\" class=\"aligncenter\" style=\"border: 5px solid  #ff0000;\" src=\"\/tierraparalimpica\/wp-content\/uploads\/sites\/17\/2015\/11\/Sin-t\u00edtulo-1-copia.jpg\" alt=\"\" width=\"580\" height=\"252\" \/><\/p>\n<p>&nbsp;<\/p>\n<p align=\"justify\">\u25b6<span style=\"font-size: large; color: #000000;\"><strong> Un total de nueve deportistas de Castilla y Le\u00f3n, preseleccionados por el Comit\u00e9 Paral\u00edmpico Espa\u00f1ol para los Juegos de R\u00edo de 2016<\/strong><\/span><\/p>\n<p align=\"justify\">\u25b6<span style=\"font-size: large; color: #000000;\"><strong> El t\u00e1ndem ciclista formado por Carlos Gonz\u00e1lez y Noel Mart\u00edn, y los j\u00f3venes atletas Daniel P\u00e9rez y L\u00eda Beel parten con ventaja para viajar a Brasil<\/strong><\/span><\/p>\n<hr align=\"center\" noshade=\"noshade\" size=\"15\" width=\"200\" \/>\n<p>&nbsp;<\/p>\n<p align=\"justify\"><span style=\"font-size: xx-large;\"><strong>H<\/strong><\/span><span style=\"font-size: medium;\">ace apenas unos d\u00edas, la bandeja de entrada les sobresalt\u00f3. Un pitido les avisaba de la llegada de un nuevo email. &#8220;Est\u00e1 usted preseleccionado para los Juegos Paral\u00edmpicos de R\u00edo de Janeiro&#8221;, rezaba el encabezado de un mensaje que dispar\u00f3 las esperanzas de nueve deportistas de Castilla y Le\u00f3n.<\/span><\/p>\n<p align=\"justify\"><span style=\"font-size: medium;\">Atletas, ciclistas, jugadores de baloncesto&#8230; Hasta tiradores de esgrima o arqueros. Todos unidos por una noticia que les permite saber que trabajan en la buena l\u00ednea, con una meta que cada vez est\u00e1 m\u00e1s cerca. &#8220;En mi caso, se trata de un proyecto de dos a\u00f1os en los que R\u00edo siempre ha estado en el horizonte&#8221;, explica <strong>Daniel P\u00e9rez, atleta leon\u00e9s<\/strong> especializado en el salto de altura.<\/span><\/p>\n<p align=\"justify\"><!--more--><\/p>\n<div style=\"width: 357px\" class=\"wp-caption alignright\"><img class=\" \" style=\"margin: 10px; border: 5px solid #ff0000;\" title=\"Noel Mart\u00edn y Carlos Gonz\u00e1lez, en una prueba con la selecci\u00f3n espa\u00f1ola\" src=\"\/tierraparalimpica\/wp-content\/uploads\/sites\/17\/2015\/11\/ParaWc15PMB_RR3sel-4.jpg\" alt=\"Daniel P\u00e9rez, en el Mundial de Doha\" width=\"347\" \/><p class=\"wp-caption-text\">Noel Mart\u00edn y Carlos Gonz\u00e1lez, en una prueba con la selecci\u00f3n espa\u00f1ola<\/p><\/div>\n<p align=\"justify\"><span style=\"font-size: medium;\">El saltador es uno de los pocos deportistas que puede presumir de tener la mitad del camino recorrido, ya que atesora la m\u00ednima &#8216;B&#8217; para estar en R\u00edo de Janeiro, aunque <a href=\"https:\/\/blogs.elnortedecastilla.es\/tierraparalimpica\/2015\/11\/09\/en-rio-nos-vamos-a-pegar-de-verdad\/\" target=\"_blank\">Dani quiere sellar su salto definitivo con la m\u00ednima &#8216;A&#8217; y su pasaporte para los Juegos<\/a>.<\/span><\/p>\n<p align=\"justify\"><span style=\"font-size: medium;\">Tambi\u00e9n parten con buena parte del trabajo hecho los ciclistas <strong>Carlos Gonz\u00e1lez y Noel Mart\u00edn<\/strong>, <a href=\"http:\/\/www.diariodeavila.es\/noticia\/Z654EE4F8-E5C9-25FE-38F712CB65E7157A\/20150911\/noel\/martin\/carlos\/gonzalez\/conquistan\/medalla\/bronce\/copa\/mundo\/sudafrica\" target=\"_blank\" rel=\"external nofollow\">tras conquistar la medalla de bronce en la Copa del Mundo de Sud\u00e1frica de Paraciclismo<\/a> o conseguir <a href=\"http:\/\/www.marca.com\/2014\/09\/01\/mas_deportes\/paralimpicos\/1409584152.html\" target=\"_blank\" rel=\"external nofollow\">el oro en el Campeonato del Mundo de Ciclismo en L\u00ednea<\/a>. El vallisoletano y el abulense se han convertido en una de las parejas m\u00e1s fiables de la carretera y son una apuesta segura para estar en la capital carioca el pr\u00f3ximo verano. &#8220;Queda mucho, pero es la meta de cualquier deportista&#8221;, no se cansan de repetir.<\/span><\/p>\n<p align=\"justify\"><span style=\"font-size: medium;\"><a href=\"https:\/\/blogs.elnortedecastilla.es\/tierraparalimpica\/2015\/11\/13\/lia-beel-una-cuestion-de-distancia\/\" target=\"_blank\">La burgalesa Lia Beel<\/a>, afincada en Madrid, y pese a tener solo 20 a\u00f1os, tambi\u00e9n se ha ganado el derecho a algo m\u00e1s que so\u00f1ar tras formar parte del relevo 4&#215;100 <a href=\"http:\/\/www.paralimpicos.es\/publicacion\/noticias.asp?n=1428\" target=\"_blank\" rel=\"external nofollow\">que dio la medalla de bronce a la selecci\u00f3n espa\u00f1ola en el pasado Mundial de Doha<\/a>. &#8220;Puede ser una puerta m\u00e1s para ir&#8221;, confiesa una atleta que, a\u00fan as\u00ed, se centrar\u00e1 en el mediofondo para tratar de representar a Espa\u00f1a en la cita paral\u00edmpica.<\/span><\/p>\n<p>&nbsp;<\/p>\n<p align=\"center\"><iframe loading=\"lazy\" src=\"https:\/\/www.youtube.com\/embed\/biCe9PiRACE\" frameborder=\"0\" width=\"520\" height=\"385\"><\/iframe><\/p>\n<p>&nbsp;<\/p>\n<p align=\"justify\"><span style=\"font-size: x-large;\"><strong>Sobre ruedas<\/strong><\/span><\/p>\n<p align=\"justify\"><span style=\"font-size: medium;\">En la preselecci\u00f3n no pod\u00edan faltar representantes de uno de los deportes m\u00e1s seguidos y con m\u00e1s nombre del deporte paral\u00edmpico. El baloncesto en silla de ruedas tambi\u00e9n cuenta con representantes de Castilla y Le\u00f3n, ya que <strong>los vallisoletanos Jonatan Soria y Jos\u00e9 Luis Robles<\/strong> forman parte de esa lista que la selecci\u00f3n espa\u00f1ola le ha transmitido al Comit\u00e9 Paral\u00edmpico.<\/span><\/p>\n<p align=\"justify\"><span style=\"font-size: medium;\">Los dos jugadores del Fundaci\u00f3n Grupo Norte son dos asiduos de las concentraciones del equipo nacional, aunque a\u00fan no han podido disputar ning\u00fan gran campeonato. Quiz\u00e1 Brasil sea su pr\u00f3ximo destino, aunque los dos tendr\u00e1n que competir por un puesto en uno de los deportes con m\u00e1s competencia. &#8220;El grupo est\u00e1 hecho, y los jugadores que est\u00e1n son muy buenos, pero nosotros vamos a seguir luchando&#8221;, explica Robles. &#8220;Para nosotros ser\u00eda lo m\u00e1s grande estar en los Juegos&#8221;, a\u00f1ade el capit\u00e1n del equipo vallisoletano. &#8220;Si estoy bien f\u00edsicamente, no es descartable, pero a\u00fan quedan muchos entrenamientos y partidos para saber en qu\u00e9 lugar estamos&#8221;, se\u00f1ala Soria con esperanza.<\/span><\/p>\n<div style=\"width: 357px\" class=\"wp-caption alignright\"><img class=\" \" style=\"margin: 10px; border: 5px solid #ff0000;\" title=\"Jonatan Soria (i), junto a Jos\u00e9 Luis Robles (d), en un entrenamiento\" src=\"\/\/www.estoesdxt.es\/images\/web\/3283.jpg\" alt=\"Jonatan Soria (i), junto a Jos\u00e9 Luis Robles (d), en un entrenamiento\" width=\"347\" \/><p class=\"wp-caption-text\">Jonatan Soria (i), junto a Jos\u00e9 Luis Robles (d), en un entrenamiento<\/p><\/div>\n<p align=\"justify\"><span style=\"font-size: medium;\">Los dos deportistas pucelanos no son los \u00fanicos en la preselecci\u00f3n de la provincia, ya que <strong>Ana Bego\u00f1a Garrido<\/strong> tambi\u00e9n escuch\u00f3 el &#8216;click&#8217; en su bandeja de entrada. La tiradora de esgrima es una reci\u00e9n llegada a este deporte, pero ya se desenvuelve con la espada y el florete. La vallisoletana tambi\u00e9n luchar\u00e1 por estar en R\u00edo despu\u00e9s de haber participado recientemente con la selecci\u00f3n espa\u00f1ola en la Copa del Mundo en Par\u00eds.<\/span><\/p>\n<p align=\"justify\"><span style=\"font-size: medium;\">En el elenco de preseleccionados tambi\u00e9n est\u00e1 <strong>el arquero Jos\u00e9 Manuel Mar\u00edn<\/strong>, aunque su vida deportiva ha estado ligada siempre a Almer\u00eda, motivos familiares le han llevado a afincarse en Castilla y Le\u00f3n. El deportista almeriense es uno de los veteranos y en su haber cuenta con la experiencia de haber estado ya en los Juegos de Atenas, Pek\u00edn y Londres.<\/span><\/p>\n<p align=\"justify\"><span style=\"font-size: medium;\">En el mismo caso que Jos\u00e9 Manuel Mar\u00edn est\u00e1 <strong>Salvador Cano<\/strong>, tambi\u00e9n andaluz y afincado en Le\u00f3n por cuesti\u00f3n de estudios. El atleta granadino se ha especializado en el lanzamiento de jabalina, una prueba en la que a\u00fan tiene mucho margen de mejora y que le puede llevar hasta R\u00edo de Janeiro..<\/span><\/p>\n","protected":false},"excerpt":{"rendered":"<p>&nbsp; \u25b6 Un total de nueve deportistas de Castilla y Le\u00f3n, preseleccionados por el Comit\u00e9 Paral\u00edmpico Espa\u00f1ol para los Juegos de R\u00edo de 2016 \u25b6 El t\u00e1ndem ciclista formado por Carlos Gonz\u00e1lez y Noel Mart\u00edn, y los j\u00f3venes atletas Daniel P\u00e9rez y L\u00eda Beel parten con ventaja para viajar a Brasil &nbsp; Hace apenas unos [&hellip;]<\/p>\n","protected":false},"author":29,"featured_media":0,"comment_status":"open","ping_status":"open","sticky":false,"template":"","format":"standard","meta":[],"categories":[3],"tags":[],"_links":{"self":[{"href":"https:\/\/blogs.elnortedecastilla.es\/tierraparalimpica\/wp-json\/wp\/v2\/posts\/141"}],"collection":[{"href":"https:\/\/blogs.elnortedecastilla.es\/tierraparalimpica\/wp-json\/wp\/v2\/posts"}],"about":[{"href":"https:\/\/blogs.elnortedecastilla.es\/tierraparalimpica\/wp-json\/wp\/v2\/types\/post"}],"author":[{"embeddable":true,"href":"https:\/\/blogs.elnortedecastilla.es\/tierraparalimpica\/wp-json\/wp\/v2\/users\/29"}],"replies":[{"embeddable":true,"href":"https:\/\/blogs.elnortedecastilla.es\/tierraparalimpica\/wp-json\/wp\/v2\/comments?post=141"}],"version-history":[{"count":0,"href":"https:\/\/blogs.elnortedecastilla.es\/tierraparalimpica\/wp-json\/wp\/v2\/posts\/141\/revisions"}],"wp:attachment":[{"href":"https:\/\/blogs.elnortedecastilla.es\/tierraparalimpica\/wp-json\/wp\/v2\/media?parent=141"}],"wp:term":[{"taxonomy":"category","embeddable":true,"href":"https:\/\/blogs.elnortedecastilla.es\/tierraparalimpica\/wp-json\/wp\/v2\/categories?post=141"},{"taxonomy":"post_tag","embeddable":true,"href":"https:\/\/blogs.elnortedecastilla.es\/tierraparalimpica\/wp-json\/wp\/v2\/tags?post=141"}],"curies":[{"name":"wp","href":"https:\/\/api.w.org\/{rel}","templated":true}]}}