{"id":144,"date":"2015-12-03T02:34:05","date_gmt":"2015-12-03T02:34:05","guid":{"rendered":"http:\/\/blogs.elnortedecastilla.es\/tierraparalimpica\/?p=144"},"modified":"2015-12-03T02:34:05","modified_gmt":"2015-12-03T02:34:05","slug":"144","status":"publish","type":"post","link":"https:\/\/blogs.elnortedecastilla.es\/tierraparalimpica\/2015\/12\/03\/144\/","title":{"rendered":"Deporcapacidad"},"content":{"rendered":"<p align=\"justify\"><img loading=\"lazy\" class=\"aligncenter\" style=\"border: 5px solid  #ff0000;\" src=\"\/tierraparalimpica\/wp-content\/uploads\/sites\/17\/2015\/12\/Deporcapacidad.jpg\" alt=\"\" width=\"580\" height=\"252\" \/><\/p>\n<p>&nbsp;<\/p>\n<p align=\"justify\"><span style=\"font-size: xx-large;\"><strong>E<\/strong><\/span><span style=\"font-size: medium;\">n 1992, Naciones Unidas estableci\u00f3 el 3 de diciembre como el D\u00eda Internacional de las Personas con Discapacidad, una fecha que en la actualidad se conmemora de muy diferentes maneras. En aquel entonces -porque a algunos les sonar\u00e1 a cercano, pero ya han pasado m\u00e1s de dos d\u00e9cadas-, las palabras inclusi\u00f3n, normalizaci\u00f3n, incluso el t\u00e9rmino discapacitado eran utop\u00edas del lenguaje muy alejadas de la realidad de <strong>un sector marginado y alejado de ciertos placeres vitales como los de dar una patada a un bal\u00f3n, zambullirse en una piscina o lanzar la pelota a una canasta<\/strong>.<\/span><\/p>\n<p align=\"justify\"><span style=\"font-size: medium;\">Eran otros tiempos&#8230; En los albores de 2015 -casi, casi ya con el calendario de 2016 en la puerta de la cocina-, la realidad es bien distinta. Basta con pararse a observar, y uno se da cuenta de que esos peque\u00f1os momentos se han convertido en <strong>la raz\u00f3n de ser de muchas personas con discapacidad.<\/strong><\/span><\/p>\n<p align=\"justify\"><!--more--><\/p>\n<div style=\"width: 357px\" class=\"wp-caption alignright\"><img class=\" \" style=\"margin: 10px; border: 5px solid #ff0000;\" title=\"Ejemplo de Deporcapacidad | FECLEDMI\" src=\"\/tierraparalimpica\/wp-content\/uploads\/sites\/17\/2015\/12\/Deporcapacidad1.jpg\" alt=\"Ejemplo de Deporcapacidad | FECLEDMI\" width=\"347\" \/><p class=\"wp-caption-text\">Ejemplo de Deporcapacidad | FECLEDMI<\/p><\/div>\n<p align=\"justify\"><span style=\"font-size: medium;\">Superaci\u00f3n, valores, constancia, esfuerzo&#8230; Pueden ser hasta alusiones manidas para una sociedad sobreinformada y acostumbrada a saber de las historias de ese u otro deportista, que consigui\u00f3 aquel hito sin piernas, con ceguera e incapaz de escuchar el &#8216;crash&#8217; de un plato en la misma habitaci\u00f3n. Sin embargo, para llegar a este punto <strong>la deporcapacidad ha jugado un papel fundamental<\/strong>.<\/span><\/p>\n<p align=\"justify\"><span style=\"font-size: medium;\">Durante dos d\u00e9cadas -especialmente en los \u00faltimos diez a\u00f1os-, el deporte se ha convertido en ese clavo al que agarrarse para muchas personas. El Hospital Nacional de Parapl\u00e9jicos de Toledo es una muestra de c\u00f3mo <strong>el baloncesto en silla de ruedas cambi\u00f3 el &#8216;chip&#8217; de cientos de pacientes que encontraron en la canasta un aliciente para pelear<\/strong>, hasta el punto de convertirlo en una forma de vida. La misma que la del atleta que planifica su d\u00eda a d\u00eda en funci\u00f3n de los kil\u00f3metros que completa o la del nadador que finaliza con rabia su \u00faltimo largo al t\u00e9rmino de cada jornada.<\/span><\/p>\n<p align=\"justify\"><span style=\"font-size: medium;\">La boccia ha pasado de ser un juego de la Antigua Grecia a convertirse en la mejor forma de expresi\u00f3n de personas que en muchos casos apenas pueden mover unos pocos m\u00fasculos de su cuerpo, pero que encuentran en un caja de pelotas y una rampa la mejor forma de gritarle al mundo.<\/span><\/p>\n<div style=\"width: 357px\" class=\"wp-caption alignright\"><img class=\" \" style=\"margin: 10px; border: 5px solid #ff0000;\" title=\"Ejemplo de Deporcapacidad | FECLEDMI\" src=\"\/tierraparalimpica\/wp-content\/uploads\/sites\/17\/2015\/12\/Deporcapacidad2.jpg\" alt=\"Ejemplo de Deporcapacidad | FECLEDMI\" width=\"347\" \/><p class=\"wp-caption-text\">Las nadadoras paral\u00edmpicas Teresa Perales y Ester Rodr\u00edguez | FECLEDMI<\/p><\/div>\n<p align=\"justify\"><span style=\"font-size: medium;\">En muchos casos, el 3 de diciembre se ha convertido en ese peque\u00f1a ventana que resume el cambio de una sociedad \u00e1vida de ocio y deporte, en la que <strong>la deporcapacidad se ha convertido en la mejor forma de acercarse a estas otras personas<\/strong>. De poder descubrir su d\u00eda a d\u00eda, con tintes \u00e9picos y con los acordes de &#8216;The eye of the tiger&#8217; sobrevolando una atm\u00f3sfera cargada de hero\u00edsmo que aparece casi sin quererlo.<\/span><\/p>\n<p align=\"justify\"><span style=\"font-size: medium;\"><strong>Preg\u00fantenle a Teresa -por Perales-, a David -por Casinos-, a Xavi -por Torres-<\/strong>&#8230; La deporcapacidad se ha convertido en una hoja de ruta que aplican con esmero y que sirve de ejemplo a miles de personas con y sin discapacidad -en igualdad de condiciones- para celebrar, disfrutar, sentir&#8230; En definitiva, para vivir.<\/span><\/p>\n","protected":false},"excerpt":{"rendered":"<p>&nbsp; En 1992, Naciones Unidas estableci\u00f3 el 3 de diciembre como el D\u00eda Internacional de las Personas con Discapacidad, una fecha que en la actualidad se conmemora de muy diferentes maneras. En aquel entonces -porque a algunos les sonar\u00e1 a cercano, pero ya han pasado m\u00e1s de dos d\u00e9cadas-, las palabras inclusi\u00f3n, normalizaci\u00f3n, incluso el [&hellip;]<\/p>\n","protected":false},"author":29,"featured_media":0,"comment_status":"open","ping_status":"open","sticky":false,"template":"","format":"standard","meta":[],"categories":[2],"tags":[],"_links":{"self":[{"href":"https:\/\/blogs.elnortedecastilla.es\/tierraparalimpica\/wp-json\/wp\/v2\/posts\/144"}],"collection":[{"href":"https:\/\/blogs.elnortedecastilla.es\/tierraparalimpica\/wp-json\/wp\/v2\/posts"}],"about":[{"href":"https:\/\/blogs.elnortedecastilla.es\/tierraparalimpica\/wp-json\/wp\/v2\/types\/post"}],"author":[{"embeddable":true,"href":"https:\/\/blogs.elnortedecastilla.es\/tierraparalimpica\/wp-json\/wp\/v2\/users\/29"}],"replies":[{"embeddable":true,"href":"https:\/\/blogs.elnortedecastilla.es\/tierraparalimpica\/wp-json\/wp\/v2\/comments?post=144"}],"version-history":[{"count":0,"href":"https:\/\/blogs.elnortedecastilla.es\/tierraparalimpica\/wp-json\/wp\/v2\/posts\/144\/revisions"}],"wp:attachment":[{"href":"https:\/\/blogs.elnortedecastilla.es\/tierraparalimpica\/wp-json\/wp\/v2\/media?parent=144"}],"wp:term":[{"taxonomy":"category","embeddable":true,"href":"https:\/\/blogs.elnortedecastilla.es\/tierraparalimpica\/wp-json\/wp\/v2\/categories?post=144"},{"taxonomy":"post_tag","embeddable":true,"href":"https:\/\/blogs.elnortedecastilla.es\/tierraparalimpica\/wp-json\/wp\/v2\/tags?post=144"}],"curies":[{"name":"wp","href":"https:\/\/api.w.org\/{rel}","templated":true}]}}