{"id":150,"date":"2016-01-05T22:17:42","date_gmt":"2016-01-05T22:17:42","guid":{"rendered":"http:\/\/blogs.elnortedecastilla.es\/tierraparalimpica\/?p=150"},"modified":"2016-01-05T22:17:42","modified_gmt":"2016-01-05T22:17:42","slug":"2016-en-clave-paralimpica","status":"publish","type":"post","link":"https:\/\/blogs.elnortedecastilla.es\/tierraparalimpica\/2016\/01\/05\/2016-en-clave-paralimpica\/","title":{"rendered":"2016, en clave paral\u00edmpica"},"content":{"rendered":"<p align=\"justify\"><img loading=\"lazy\" class=\"aligncenter\" style=\"border: 5px solid  #ff0000;\" src=\"\/tierraparalimpica\/wp-content\/uploads\/sites\/17\/2016\/01\/base_image.jpg\" alt=\"\" width=\"580\" height=\"252\" \/><\/p>\n<p>&nbsp;<\/p>\n<p align=\"justify\">\u25b6<span style=\"font-size: large; color: #000000;\"><strong> Los Juegos de R\u00edo (7-18 septiembre) protagonizan el calendario del a\u00f1o, pero el camino hasta la cita brasile\u00f1a estar\u00e1 marcado por otros importantes acontecimientos internacionales<\/strong><\/span><\/p>\n<p align=\"justify\">\u25b6<span style=\"font-size: large; color: #000000;\"><strong> El Europeo de Atletismo, la Copa del Mundo de Esgrima, el Mundial de Ciclismo en Pista y la preparaci\u00f3n de la selecci\u00f3n de baloncesto en silla, fundamentales para los deportistas castellanos y leoneses <\/strong><\/span><\/p>\n<hr align=\"center\" noshade=\"noshade\" size=\"15\" width=\"200\" \/>\n<p>&nbsp;<\/p>\n<p align=\"justify\"><span style=\"font-size: xx-large;\"><strong>E<\/strong><\/span><span style=\"font-size: medium;\">l gran reto, la gran aventura, el sue\u00f1o de todo deportista paral\u00edmpico est\u00e1 se\u00f1alado para el mes de septiembre con la celebraci\u00f3n de los Juegos Paral\u00edmpicos de R\u00edo de Janeiro. Sin embargo, el camino hasta la gran cita mundial marca un a\u00f1o 2016 en el que los deportistas deber\u00e1n ultimar su preparaci\u00f3n y sellar su billete para estar en los primeros Juegos de la historia en Sudam\u00e9rica.<\/span><\/p>\n<p align=\"justify\"><!--more--><\/p>\n<div style=\"width: 357px\" class=\"wp-caption alignright\"><img class=\" \" style=\"margin: 10px; border: 5px solid #ff0000;\" title=\"La vallisoletana Ana Bego\u00f1a Garrido, en la Copa del Mundo de Esgrima en los Emiratos \u00c1rabes\" src=\"\/tierraparalimpica\/wp-content\/uploads\/sites\/17\/2016\/01\/12341427_1660162724273318_8587703686335147249_n.jpg\" alt=\"La vallisoletana Ana Bego\u00f1a Garrido, en la Copa del Mundo de Esgrima en los Emiratos \u00c1rabes\" width=\"347\" \/><p class=\"wp-caption-text\">La vallisoletana Ana Bego\u00f1a Garrido, en la Copa del Mundo de Esgrima en los Emiratos \u00c1rabes<\/p><\/div>\n<p align=\"justify\"><span style=\"font-size: medium;\">La hoja de ruta de los representantes castellanos y leoneses no dista de la del resto de deportistas del Comit\u00e9 Paral\u00edmpico Espa\u00f1ol. En un primer momento se podr\u00eda pensar que la \u00faltima etapa de la preparaci\u00f3n ol\u00edmpica o paral\u00edmpica podr\u00eda centrarse en citas nacionales, sin embargo, al margen de los Juegos, existen otros grandes acontecimientos continentales y mundiales que se desarrollar\u00e1n durante el primer semestre del a\u00f1o.<\/span><\/p>\n<p align=\"justify\"><span style=\"font-size: medium;\">La Copa del Mundo de Esgrima, con un calendario muy amplio, servir\u00e1 para dilucidar si <strong>la vallisoletana Ana Bego\u00f1a Garrido<\/strong> estar\u00e1 en R\u00edo de Janeiro. Con tres fechas y tres sedes, la competici\u00f3n se desplazar\u00e1 a <strong>Eger (Hungr\u00eda) el 14 de febrero<\/strong>; para, posteriormente, y ya en primavera, desplazarse hasta <strong>Montreal (Canad\u00e1) el 5 de mayo<\/strong>. La \u00faltima cita antes de los Juegos se celebrar\u00e1 en <strong>Varsovia (Polonia)<\/strong> con apenas de dos meses de margen con Brasil, ser\u00e1 el <strong>6 de julio<\/strong>.<\/span><\/p>\n<p align=\"justify\"><span style=\"font-size: medium;\">Menos oportunidades para destacar tendr\u00e1n otros deportistas de la Comunidad preseleccionados ya para R\u00edo. El t\u00e1ndem ciclista formado por <strong>Carlos Gonz\u00e1lez y Noel Mart\u00edn<\/strong> tendr\u00e1 una nueva oportunidad de lucirse en el <strong>Mundial de Ciclismo en Pista, que se celebrar\u00e1 entre el 2 y el 6 de marzo<\/strong> en el vel\u00f3dromo Lee Valley VeloPark de Londres. Sin embargo, las pruebas en pista no son &#8220;por el momento&#8221; la mejor baza del vallisoletano y el abulense, aunque la buena temporada en carretera, con el primer puesto en el ranking UCI hace entrever, que salvo lesi\u00f3n, ambos estar\u00e1n en los Juegos.<\/span><\/p>\n<p align=\"justify\"><span style=\"font-size: medium;\">Repercusi\u00f3n mundial busca tambi\u00e9n <strong>el joven atleta Daniel P\u00e9rez<\/strong>, de Le\u00f3n. El saltador del CD Sprint espera tambi\u00e9n la llamada del seleccionador para formar parte del equipo paral\u00edmpico en el<strong> Europeo de Grosseto (Italia), que comenzar\u00e1 el 7 de junio<\/strong>. Para entonces, el recordman nacional de salto de altura (1,78 metros) espera tener ya <a href=\"https:\/\/blogs.elnortedecastilla.es\/tierraparalimpica\/2015\/11\/09\/en-rio-nos-vamos-a-pegar-de-verdad\/\" target=\"_blank\">la marca m\u00ednima &#8216;A&#8217; que selle su participaci\u00f3n en R\u00edo 2016<\/a>.<\/span><\/p>\n<p>&nbsp;<\/p>\n<p align=\"center\"><iframe loading=\"lazy\" src=\"https:\/\/www.youtube.com\/embed\/VL7xLxTvDVE\" frameborder=\"0\" width=\"520\" height=\"385\"><\/iframe><\/p>\n<p>&nbsp;<\/p>\n<p align=\"justify\"><span style=\"font-size: x-large;\"><strong>Pendientes de la nataci\u00f3n y el baloncesto<\/strong><\/span><\/p>\n<p align=\"justify\"><span style=\"font-size: medium;\">Otra de las grandes citas, en las que muchos deportistas nacionales tienen depositadas sus esperanzas es el <strong>Campeonato de Europa de Nataci\u00f3n, que se desarrollar\u00e1 entre el 30 de abril y el 7 de mayo en Funchal<\/strong>, en Madeira (Portugal). La armada espa\u00f1ola cerrar\u00e1 su equipo para los Juegos en una cita lusa que, previsiblemente, dejar\u00e1 entre ver el nivel de deportistas con opciones de hacer un buen papel en los Juegos, como Teresa Perales o Sarai Gasc\u00f3n. <\/span><\/p>\n<p align=\"justify\"><span style=\"font-size: medium;\">Valladolid y su equipo de baloncesto en silla de ruedas, el Fundaci\u00f3n Grupo Norte, tambi\u00e9n estar\u00e1n muy pendientes del deporte de la canasta, ya que <a href=\"https:\/\/blogs.elnortedecastilla.es\/tierraparalimpica\/2015\/11\/16\/la-novena-sinfonia\/\" target=\"_blank\">Jonatan Soria y Jos\u00e9 Luis Robles est\u00e1n en la preselecci\u00f3n del equipo paral\u00edmpico<\/a>. El camino de la selecci\u00f3n de Jos\u00e9 Manuel Artacho no est\u00e1 a\u00fan definido, aunque ya se sabe que <strong>comenzar\u00e1 en Semana Santa con una concentraci\u00f3n<\/strong> -previsiblemente en las instalaciones y residencia del CAR de Sant Cugat (Barcelona)-. &#8220;Estamos barajando disputar alg\u00fan torneo internacional previo, pero tenemos que cuadrar el presupuesto y ver d\u00f3nde podemos participar&#8230; Tenemos varias invitaciones&#8221;, asegura el seleccionador de un equipo que representar\u00e1 a Europa en los Juegos junto a Gran Breta\u00f1a, Alemania, Turqu\u00eda y Holanda.<\/span><\/p>\n","protected":false},"excerpt":{"rendered":"<p>&nbsp; \u25b6 Los Juegos de R\u00edo (7-18 septiembre) protagonizan el calendario del a\u00f1o, pero el camino hasta la cita brasile\u00f1a estar\u00e1 marcado por otros importantes acontecimientos internacionales \u25b6 El Europeo de Atletismo, la Copa del Mundo de Esgrima, el Mundial de Ciclismo en Pista y la preparaci\u00f3n de la selecci\u00f3n de baloncesto en silla, fundamentales [&hellip;]<\/p>\n","protected":false},"author":29,"featured_media":0,"comment_status":"open","ping_status":"open","sticky":false,"template":"","format":"standard","meta":[],"categories":[3],"tags":[],"_links":{"self":[{"href":"https:\/\/blogs.elnortedecastilla.es\/tierraparalimpica\/wp-json\/wp\/v2\/posts\/150"}],"collection":[{"href":"https:\/\/blogs.elnortedecastilla.es\/tierraparalimpica\/wp-json\/wp\/v2\/posts"}],"about":[{"href":"https:\/\/blogs.elnortedecastilla.es\/tierraparalimpica\/wp-json\/wp\/v2\/types\/post"}],"author":[{"embeddable":true,"href":"https:\/\/blogs.elnortedecastilla.es\/tierraparalimpica\/wp-json\/wp\/v2\/users\/29"}],"replies":[{"embeddable":true,"href":"https:\/\/blogs.elnortedecastilla.es\/tierraparalimpica\/wp-json\/wp\/v2\/comments?post=150"}],"version-history":[{"count":0,"href":"https:\/\/blogs.elnortedecastilla.es\/tierraparalimpica\/wp-json\/wp\/v2\/posts\/150\/revisions"}],"wp:attachment":[{"href":"https:\/\/blogs.elnortedecastilla.es\/tierraparalimpica\/wp-json\/wp\/v2\/media?parent=150"}],"wp:term":[{"taxonomy":"category","embeddable":true,"href":"https:\/\/blogs.elnortedecastilla.es\/tierraparalimpica\/wp-json\/wp\/v2\/categories?post=150"},{"taxonomy":"post_tag","embeddable":true,"href":"https:\/\/blogs.elnortedecastilla.es\/tierraparalimpica\/wp-json\/wp\/v2\/tags?post=150"}],"curies":[{"name":"wp","href":"https:\/\/api.w.org\/{rel}","templated":true}]}}