{"id":154,"date":"2016-02-03T16:26:49","date_gmt":"2016-02-03T16:26:49","guid":{"rendered":"http:\/\/blogs.elnortedecastilla.es\/tierraparalimpica\/?p=154"},"modified":"2016-02-03T16:26:49","modified_gmt":"2016-02-03T16:26:49","slug":"luis-huerta-el-sol-naciente","status":"publish","type":"post","link":"https:\/\/blogs.elnortedecastilla.es\/tierraparalimpica\/2016\/02\/03\/luis-huerta-el-sol-naciente\/","title":{"rendered":"Luis Huerta, el \u00faltimo sol naciente"},"content":{"rendered":"<p align=\"justify\"><img class=\"aligncenter\" style=\"border: 5px solid  #ff0000;\" src=\"\/tierraparalimpica\/wp-content\/uploads\/sites\/17\/2016\/02\/LuisHuerta.jpg\" alt=\"\" width=\"580\" \/><\/p>\n<p>&nbsp;<\/p>\n<p align=\"justify\">\u25b6<span style=\"font-size: large; color: #000000;\"><strong> El nadador vallisoletano de 14 a\u00f1os forma parte del equipo nacional AXA de Promesas Paral\u00edmpicas, que tiene como objetivo los Juegos de Tokio de 2020<\/strong><\/span><\/p>\n<p align=\"justify\">\u25b6<span style=\"font-size: large; color: #000000;\"><strong> El joven deportista dio sus primeras brazadas en el Programa de Nataci\u00f3n para Ni\u00f1os con Dificultades Mot\u00f3ricas en Valladolid <\/strong><\/span><\/p>\n<hr align=\"center\" noshade=\"noshade\" size=\"15\" width=\"200\" \/>\n<p>&nbsp;<\/p>\n<p align=\"justify\"><span style=\"font-size: xx-large;\"><strong>L<\/strong><\/span><span style=\"font-size: medium;\">uis Huerta Poza es una de las promesas del deporte paral\u00edmpico en Castilla y Le\u00f3n. Con tan solo 14 a\u00f1os (Valladolid, junio de 2001), el joven nadador vallisoletano forma parte del equipo AXA de Promesas Paral\u00edmpicas, proyecto de car\u00e1cter nacional que tiene su meta en los Juegos Paral\u00edmpicos de Tokio 2020.<\/span><\/p>\n<p align=\"justify\"><!--more--><\/p>\n<div style=\"width: 357px\" class=\"wp-caption alignright\"><img class=\" \" style=\"margin: 10px; border: 5px solid #ff0000;\" title=\"Luis Huerta, en el Open de Castilla y Le\u00f3n de Nataci\u00f3n Adaptada, junto al t\u00e9cnico Xavi Torres. \/I\u00d1AKI SOLA\" src=\"\/tierraparalimpica\/wp-content\/uploads\/sites\/17\/2016\/02\/11329854_10205844578206945_2200004969377332307_n.jpg\" alt=\"Luis Huerta, en el Open de Castilla y Le\u00f3n de Nataci\u00f3n Adaptada, junto al t\u00e9cnico Xavi Torres. \/I\u00d1AKI SOLA\" width=\"347\" \/><p class=\"wp-caption-text\">Luis Huerta, en el Open de Castilla y Le\u00f3n de Nataci\u00f3n Adaptada, junto al t\u00e9cnico Xavi Torres. \/I\u00d1AKI SOLA<\/p><\/div>\n<p align=\"justify\"><span style=\"font-size: medium;\">&#8220;Hay relevo generacional garantizado para el presente y para Tokio&#8221;, asegura <strong>Xavi Torres, t\u00e9cnico del equipo AXA y exnadador paral\u00edmpico<\/strong>, quien asegura que el deporte y, en concreto la nataci\u00f3n, tiene <strong>fines \u201cterap\u00e9uticos\u201d<\/strong> adem\u00e1s de deportivos en muchos de los j\u00f3venes con discapacidad que se inician en la piscina.<\/span><\/p>\n<p align=\"justify\"><span style=\"font-size: medium;\">Torres es uno de los \u00faltimos descubridores de Huerta. El entrenador balear incorpor\u00f3 al joven nadador a su equipo de j\u00f3venes talentos el pasado a\u00f1o, despu\u00e9s de observar su desparpajo y su posible trayectoria en citas como <strong>el Campeonato de Espa\u00f1a AXA de Nataci\u00f3n de J\u00f3venes por Categor\u00edas de Edad, que se celebr\u00f3 en 2015 en Valladolid<\/strong>.<\/span><\/p>\n<p align=\"justify\"><span style=\"font-size: medium;\">Luis nadaba en \u2018casa\u2019, en una de esas piscinas a las que comenz\u00f3 a acudir en 2006 cuando se zambull\u00f3 en el agua con \u201cesos fines terap\u00e9uticos\u201d, a los que alude Xavi Torres, para mejorar su d\u00eda a d\u00eda.<\/span><\/p>\n<p align=\"justify\"><span style=\"font-size: medium;\">El joven vallisoletano, catalogado con una discapacidad f\u00edsica \u201csevera\u201d y <strong>encuadrado en las categor\u00edas SB4 \u2013para las pruebas de braza- y S5<\/strong>, inici\u00f3 su vida deportiva en el <a href=\"http:\/\/www.fecledmi.org\/index.php\/programa\/escuelas-deportivas\/40-natacion-para-ninos-con-dificultades-motoricas\" target=\"_blank\" rel=\"external nofollow\">Programa de Nataci\u00f3n para Ni\u00f1os con Dificultades Mot\u00f3ricas en Valladolid<\/a>. <\/span><\/p>\n<p align=\"justify\"><span style=\"font-size: medium;\">Con los a\u00f1os, Luis, con gusto por el agua, como aseguran sus familiares aunque tambi\u00e9n sienta <strong>\u201caut\u00e9ntica pasi\u00f3n\u201d por el f\u00fatbol<\/strong>, comenz\u00f3 a destacar por una <strong>capacidad de superaci\u00f3n innata, propia de un deportista que ha transmitido a su vida diaria los valores aprendidos en la piscina<\/strong>. <\/span><\/p>\n<p align=\"justify\"><span style=\"font-size: medium;\">\u201cEs trabajador, pero no debe distraerse. El equipo AXA, los resultados\u2026 Son la consecuencia de una primera fase. Tiene el talento, pero debe seguir en ese camino y ser concienzudo para alcanzar todo lo que se proponga\u201d, indicas sus t\u00e9cnicos en el <strong>Centro de Tecnificaci\u00f3n Deportiva (CTD) R\u00edo Esgueva<\/strong>, donde entrena de la mano de la <a href=\"http:\/\/www.fecledmi.org\/\" target=\"_blank\" rel=\"external nofollow\">Federaci\u00f3n Polideportiva de Discapacitados de Castilla y Le\u00f3n (Fecledmi)<\/a>. <\/span><\/p>\n<p>&nbsp;<\/p>\n<p align=\"center\"><iframe loading=\"lazy\" src=\"https:\/\/www.youtube.com\/embed\/FD0xrJnWyes\" frameborder=\"0\" width=\"520\" height=\"385\"><\/iframe><\/p>\n<p>&nbsp;<\/p>\n<p align=\"justify\"><span style=\"font-size: x-large;\"><strong>15.000 metros a la semana<\/strong><\/span><\/p>\n<p align=\"justify\"><span style=\"font-size: medium;\">En la actualidad, Luis Huerta, al igual que muchos de sus compa\u00f1eros en la piscina vallisoletana, <strong>completa un exigente plan de entrenamiento<\/strong> \u201cm\u00e1s orientado ya a la pr\u00e1ctica deportiva de alto nivel que a la terap\u00e9utica\u201d, se\u00f1alan desde Fecledmi. <\/span><\/p>\n<p align=\"justify\"><span style=\"font-size: medium;\">El joven nadador <strong>acostumbra a nadar unos 3.000 metros al d\u00eda durante cinco d\u00edas a la semana<\/strong>. Es precisamente ese entrenamiento el que le ha llevado a <strong>formar parte de la selecci\u00f3n de Castilla y Le\u00f3n de nataci\u00f3n adaptada absoluta<\/strong> \u2013pese a tener solo 14 a\u00f1os- y contar ya con los requisitos para estar en el pr\u00f3ximo Campeonato de Espa\u00f1a de marzo en Sabadell. \u201cNo es la primera vez que logra las marcas, ni tampoco es el \u00fanico nadador que siendo todav\u00eda infantil accede a este Campeonato, pero es un logro, est\u00e1 claro. Ir\u00e1 por m\u00e9ritos propios\u201d, afirman sus entrenadores.<\/span><\/p>\n<div style=\"width: 357px\" class=\"wp-caption alignright\"><img class=\" \" style=\"margin: 10px; border: 5px solid #ff0000;\" title=\"Luis Huerta, en el Open de Castilla y Le\u00f3n de Nataci\u00f3n Adaptada. \/I\u00d1AKI SOLA\" src=\"\/tierraparalimpica\/wp-content\/uploads\/sites\/17\/2016\/02\/11350455_10205844581447026_5644927614957097649_n.jpg\" alt=\"Luis Huerta, en el Open de Castilla y Le\u00f3n de Nataci\u00f3n Adaptada. \/I\u00d1AKI SOLA\" width=\"347\" \/><p class=\"wp-caption-text\">Luis Huerta, en el Open de Castilla y Le\u00f3n de Nataci\u00f3n Adaptada. \/I\u00d1AKI SOLA<\/p><\/div>\n<p align=\"justify\"><span style=\"font-size: medium;\">A\u00fan as\u00ed, Luis sigue fiel a sus or\u00edgenes y a su sitio. El pasado fin de semana particip\u00f3 en el Campeonato de Espa\u00f1a AXA de Nataci\u00f3n de J\u00f3venes por Categor\u00edas de Edad en Valdemoro (Madrid) con el futuro de la nataci\u00f3n paral\u00edmpica espa\u00f1ola. El vallisoletano form\u00f3 parte del equipo AXA \u201ccon orgullo\u201d, pero tambi\u00e9n con <strong>la responsabilidad de la exigencia y del camino que se abre ante \u00e9l y que le puede llevar o no a los Juegos de Tokio en 2020<\/strong>.<\/span><\/p>\n<p align=\"justify\"><span style=\"font-size: medium;\">El nadador de Fecledmi, perteneciente al Club Deportivo Fusion, <a href=\"http:\/\/www.fecledmi.org\/index.php\/comunica\/noticias\/853-castilla-y-leon-se-cuela-en-la-elite-en-el-nacional-de-natacion-adaptada-promesa\" target=\"_blank\" rel=\"external nofollow\">finaliz\u00f3 cuarto en el ranking nacional de la categor\u00eda infantil<\/a>, con una demostraci\u00f3n de fuerza y coraje en la prueba de <strong>50 braza \u2013su especialidad- en la que termin\u00f3 como mejor clasificado<\/strong>.<\/span><\/p>\n<p align=\"justify\"><span style=\"font-size: medium;\">\u201cForma parte de esa generaci\u00f3n de promesas en las que Espa\u00f1a tiene depositadas muchas esperanzas. Dej\u00e9mosle trabajar y veamos de lo que es capaz\u201d, inciden desde el CTD R\u00edo Esgueva en relaci\u00f3n al <strong>\u00faltimo sol naciente de la nataci\u00f3n adaptada de Castilla y Le\u00f3n<\/strong>.<\/span><\/p>\n","protected":false},"excerpt":{"rendered":"<p>&nbsp; \u25b6 El nadador vallisoletano de 14 a\u00f1os forma parte del equipo nacional AXA de Promesas Paral\u00edmpicas, que tiene como objetivo los Juegos de Tokio de 2020 \u25b6 El joven deportista dio sus primeras brazadas en el Programa de Nataci\u00f3n para Ni\u00f1os con Dificultades Mot\u00f3ricas en Valladolid &nbsp; Luis Huerta Poza es una de las [&hellip;]<\/p>\n","protected":false},"author":29,"featured_media":0,"comment_status":"open","ping_status":"open","sticky":false,"template":"","format":"standard","meta":[],"categories":[7],"tags":[],"_links":{"self":[{"href":"https:\/\/blogs.elnortedecastilla.es\/tierraparalimpica\/wp-json\/wp\/v2\/posts\/154"}],"collection":[{"href":"https:\/\/blogs.elnortedecastilla.es\/tierraparalimpica\/wp-json\/wp\/v2\/posts"}],"about":[{"href":"https:\/\/blogs.elnortedecastilla.es\/tierraparalimpica\/wp-json\/wp\/v2\/types\/post"}],"author":[{"embeddable":true,"href":"https:\/\/blogs.elnortedecastilla.es\/tierraparalimpica\/wp-json\/wp\/v2\/users\/29"}],"replies":[{"embeddable":true,"href":"https:\/\/blogs.elnortedecastilla.es\/tierraparalimpica\/wp-json\/wp\/v2\/comments?post=154"}],"version-history":[{"count":0,"href":"https:\/\/blogs.elnortedecastilla.es\/tierraparalimpica\/wp-json\/wp\/v2\/posts\/154\/revisions"}],"wp:attachment":[{"href":"https:\/\/blogs.elnortedecastilla.es\/tierraparalimpica\/wp-json\/wp\/v2\/media?parent=154"}],"wp:term":[{"taxonomy":"category","embeddable":true,"href":"https:\/\/blogs.elnortedecastilla.es\/tierraparalimpica\/wp-json\/wp\/v2\/categories?post=154"},{"taxonomy":"post_tag","embeddable":true,"href":"https:\/\/blogs.elnortedecastilla.es\/tierraparalimpica\/wp-json\/wp\/v2\/tags?post=154"}],"curies":[{"name":"wp","href":"https:\/\/api.w.org\/{rel}","templated":true}]}}