{"id":160,"date":"2016-03-24T01:00:07","date_gmt":"2016-03-24T01:00:07","guid":{"rendered":"http:\/\/blogs.elnortedecastilla.es\/tierraparalimpica\/?p=160"},"modified":"2016-03-24T01:00:07","modified_gmt":"2016-03-24T01:00:07","slug":"valladolid-pasos-cofradias-y-promesas-paralimpicas","status":"publish","type":"post","link":"https:\/\/blogs.elnortedecastilla.es\/tierraparalimpica\/2016\/03\/24\/valladolid-pasos-cofradias-y-promesas-paralimpicas\/","title":{"rendered":"Valladolid: procesiones, cofrad\u00edas y promesas paral\u00edmpicas"},"content":{"rendered":"<p align=\"justify\"><img class=\"aligncenter\" style=\"border: 5px solid  #ff0000;\" src=\"\/tierraparalimpica\/wp-content\/uploads\/sites\/17\/2016\/03\/Concentraci\u00f3nAXAValladolid.jpg\" alt=\"\" width=\"580\" \/><\/p>\n<p>&nbsp;<\/p>\n<p align=\"justify\">\u25b6<span style=\"font-size: large; color: #000000;\"><strong> El CTD R\u00edo Esgueva acoge durante la Semana Santa la concentraci\u00f3n del Equipo AXA de Nataci\u00f3n de j\u00f3venes talentos del Comit\u00e9 Paral\u00edmpico<\/strong><\/span><\/p>\n<p align=\"justify\">\u25b6<span style=\"font-size: large; color: #000000;\"><strong> El vallisoletano Luis Huerta forma parte de un combinado de 17 deportistas y cuatro t\u00e9cnicos liderados por el exnadador internacional Xavi Torres <\/strong><\/span><\/p>\n<hr align=\"center\" noshade=\"noshade\" size=\"15\" width=\"200\" \/>\n<p>&nbsp;<\/p>\n<p align=\"justify\"><span style=\"font-size: xx-large;\"><strong>V<\/strong><\/span><span style=\"font-size: medium;\">alladolid ha sido la ciudad elegida por la direcci\u00f3n t\u00e9cnica del <a href=\"http:\/\/www.paralimpicos.es\/publicacion\/11SC_proyectos\/298SS_Equipo_AXA.asp\" target=\"_blank\" rel=\"external nofollow\">Equipo AXA de Promesas Paral\u00edmpicas<\/a> para desarrollar una concentraci\u00f3n preparatoria para la temporada 2016. El combinado nacional de nataci\u00f3n, cuyo principal objetivo est\u00e1 en los <strong>Juegos de Tokio en 2020<\/strong>, aunque ya cuenta con varios nadadores que acudir\u00e1n a la cita de R\u00edo de Janeiro el pr\u00f3ximo mes de septiembre, <strong>permanecer\u00e1 en la capital vallisoletana hasta el domingo 27 de marzo<\/strong>.<\/span><\/p>\n<p align=\"justify\"><!--more--><\/p>\n<div style=\"width: 357px\" class=\"wp-caption alignright\"><img class=\" \" style=\"margin: 10px; border: 5px solid #ff0000;\" title=\"Xavi Torres ultima las indicaciones en la Concentraci\u00f3n del Equipo AXA. \/FECLEDMI\" src=\"\/tierraparalimpica\/wp-content\/uploads\/sites\/17\/2016\/03\/EQUIPOAXA.jpg\" alt=\"Xavi Torres ultima las indicaciones en la Concentraci\u00f3n del Equipo AXA. \/FECLEDMI\" width=\"347\" \/><p class=\"wp-caption-text\">Xavi Torres ultima las indicaciones en la Concentraci\u00f3n del Equipo AXA. \/FECLEDMI<\/p><\/div>\n<p align=\"justify\"><span style=\"font-size: medium;\">&#8220;Estamos encantados de estar aqu\u00ed, porque siempre que hemos venido nos han tratado de lujo, y contamos con unas buenas instalaciones&#8221;, explica <strong>Xavi Torres, representante de la expedici\u00f3n y exnadador internacional paral\u00edmpico<\/strong>. Torres, uno de los baluartes sobre los que se ha erigido el <strong>proyecto del Comit\u00e9 Paral\u00edmpico, que cuenta con la inestimable ayuda de la Fundaci\u00f3n AXA<\/strong>, es consciente de que el presente a\u00f1o es muy importante para muchos de sus nadadores, dada la proximidad de los Juegos de R\u00edo, y la cantidad de pruebas internacionales, como el Europeo de Madeira (del 30 de abril al 7 de mayo).<\/span><\/p>\n<p align=\"justify\"><span style=\"font-size: medium;\">De ah\u00ed que nadadores como el vasco I\u00f1igo Llopis o la valenciana Ariadna Edo aprovechen este tipo de actividades para su puesta a punto, y <strong>la piscina del Centro de Tecnificaci\u00f3n Deportiva R\u00edo Esgueva<\/strong> sume una nueva muesca en la preparaci\u00f3n de los j\u00f3venes nadadores paral\u00edmpicos, quienes en muchos casos tambi\u00e9n han pasado recientemente por el Centro de Alto Rendimiento de Sierra Nevada.<\/span><\/p>\n<p>&nbsp;<\/p>\n<p>&nbsp;<\/p>\n<p align=\"center\"><iframe loading=\"lazy\" src=\"https:\/\/www.youtube.com\/embed\/FD0xrJnWyes\" frameborder=\"0\" width=\"520\" height=\"385\"><\/iframe><\/p>\n<p>&nbsp;<\/p>\n<p align=\"justify\"><span style=\"font-size: x-large;\"><strong>Luis Huerta, anfitri\u00f3n en R\u00edo Esgueva<\/strong><\/span><\/p>\n<p align=\"justify\"><span style=\"font-size: medium;\">El Equipo AXA de Promesas Paral\u00edmpicas est\u00e1 representado en Valladolid por 17 nadadores (Ariadna Edo, Mar\u00eda Delgado, Marian Polo, Iv\u00e1n Salguero, Sergio Martos, Ana Mart\u00ednez, \u00cd\u00f1igo Llopis, Carlos Mart\u00ednez, Julia Benito, Guillermo Miguel, Luis Huerta, Claudia Brito, Nerea Barrientos, Jos\u00e9 Mar\u00eda Quintero, Eva Coronado, Luc\u00eda Gonz\u00e1lez y Adriana P\u00e9rez); y cuatro t\u00e9cnicos (Xavi Torres, Jos\u00e9 Luis Vaquero, I\u00f1aki Urra y Dar\u00edo Carreras). <\/span><\/p>\n<div style=\"width: 357px\" class=\"wp-caption alignright\"><img class=\" \" style=\"margin: 10px; border: 5px solid #ff0000;\" title=\"Luis Huerta, en el Open de Castilla y Le\u00f3n de Nataci\u00f3n Adaptada, junto al t\u00e9cnico Xavi Torres. \/I\u00d1AKI SOLA\" src=\"\/tierraparalimpica\/wp-content\/uploads\/sites\/17\/2016\/03\/LuisHuerta1.jpg\" alt=\"Luis Huerta, en la concentraci\u00f3n del Equipo AXA Promesas Paral\u00edmpicas de Valladolid. \/ FECLEDMI\" width=\"347\" \/><p class=\"wp-caption-text\">Luis Huerta, en la concentraci\u00f3n del Equipo AXA Promesas Paral\u00edmpicas de Valladolid. \/ FECLEDMI<\/p><\/div>\n<p align=\"justify\"><span style=\"font-size: medium;\">El <a href=\"https:\/\/blogs.elnortedecastilla.es\/tierraparalimpica\/2016\/02\/03\/luis-huerta-el-sol-naciente\/\" target=\"_blank\">joven nadador vallisoletano Luis Huerta<\/a> (Club Deportivo Fusion), tras ser incorporado al combinado nacional -con vistas a largo plazo-, ejercer\u00e1 de local en una concentraci\u00f3n que comenz\u00f3 el pasado mi\u00e9rcoles 23 de marzo con la ayuda de la <a href=\"http:\/\/www.fecledmi.org\/\" target=\"_blank\" rel=\"external nofollow\">Federaci\u00f3n Polideportiva de Discapacitados de Castilla y Le\u00f3n (Fecledmi)<\/a>, y que se desarrollar\u00e1 hasta el domingo con una doble sesi\u00f3n diaria, que incluir\u00e1, adem\u00e1s de perfeccionamiento en la piscina, actividades de gimnasio y charlas t\u00e9cnicas.<\/span><\/p>\n<p align=\"justify\"><span style=\"font-size: medium;\">El Equipo AXA de Promesas Paral\u00edmpicas de Nataci\u00f3n es una iniciativa pionera puesta en marcha por la aseguradora AXA y el Comit\u00e9 Paral\u00edmpico Espa\u00f1ol, cuyo objetivo es conseguir un alto nivel de rendimiento de los nadadores seleccionados a medio y largo plazo, mediante planes t\u00e9cnicos de formaci\u00f3n y especializaci\u00f3n, asistencia a competiciones nacionales e internacionales, y apoyo a los entrenadores y clubes, con la mirada puesta en los Juegos Paral\u00edmpicos de R\u00edo de Janeiro 2016 y, sobre todo, de Tokio 2020.<\/span><\/p>\n<p style=\"text-align: right;\"><a href=\"https:\/\/www.facebook.com\/media\/set\/?set=a.1021859771238130.1073741829.949949781762463&#038;type=1&#038;l=de9bc359d2\" target=\"_blank\" rel=\"external nofollow\">Galer\u00eda de fotos (Facebook Tierra Paral\u00edmpica)<\/a><\/p>\n","protected":false},"excerpt":{"rendered":"<p>&nbsp; \u25b6 El CTD R\u00edo Esgueva acoge durante la Semana Santa la concentraci\u00f3n del Equipo AXA de Nataci\u00f3n de j\u00f3venes talentos del Comit\u00e9 Paral\u00edmpico \u25b6 El vallisoletano Luis Huerta forma parte de un combinado de 17 deportistas y cuatro t\u00e9cnicos liderados por el exnadador internacional Xavi Torres &nbsp; Valladolid ha sido la ciudad elegida por [&hellip;]<\/p>\n","protected":false},"author":29,"featured_media":0,"comment_status":"open","ping_status":"open","sticky":false,"template":"","format":"standard","meta":[],"categories":[3,7],"tags":[],"_links":{"self":[{"href":"https:\/\/blogs.elnortedecastilla.es\/tierraparalimpica\/wp-json\/wp\/v2\/posts\/160"}],"collection":[{"href":"https:\/\/blogs.elnortedecastilla.es\/tierraparalimpica\/wp-json\/wp\/v2\/posts"}],"about":[{"href":"https:\/\/blogs.elnortedecastilla.es\/tierraparalimpica\/wp-json\/wp\/v2\/types\/post"}],"author":[{"embeddable":true,"href":"https:\/\/blogs.elnortedecastilla.es\/tierraparalimpica\/wp-json\/wp\/v2\/users\/29"}],"replies":[{"embeddable":true,"href":"https:\/\/blogs.elnortedecastilla.es\/tierraparalimpica\/wp-json\/wp\/v2\/comments?post=160"}],"version-history":[{"count":0,"href":"https:\/\/blogs.elnortedecastilla.es\/tierraparalimpica\/wp-json\/wp\/v2\/posts\/160\/revisions"}],"wp:attachment":[{"href":"https:\/\/blogs.elnortedecastilla.es\/tierraparalimpica\/wp-json\/wp\/v2\/media?parent=160"}],"wp:term":[{"taxonomy":"category","embeddable":true,"href":"https:\/\/blogs.elnortedecastilla.es\/tierraparalimpica\/wp-json\/wp\/v2\/categories?post=160"},{"taxonomy":"post_tag","embeddable":true,"href":"https:\/\/blogs.elnortedecastilla.es\/tierraparalimpica\/wp-json\/wp\/v2\/tags?post=160"}],"curies":[{"name":"wp","href":"https:\/\/api.w.org\/{rel}","templated":true}]}}