{"id":165,"date":"2016-07-01T11:33:11","date_gmt":"2016-07-01T11:33:11","guid":{"rendered":"http:\/\/blogs.elnortedecastilla.es\/tierraparalimpica\/?p=165"},"modified":"2016-07-01T11:33:11","modified_gmt":"2016-07-01T11:33:11","slug":"si-eres-paralimpico-pagas","status":"publish","type":"post","link":"https:\/\/blogs.elnortedecastilla.es\/tierraparalimpica\/2016\/07\/01\/si-eres-paralimpico-pagas\/","title":{"rendered":"Si eres paral\u00edmpico, pagas"},"content":{"rendered":"<p align=\"justify\"><img class=\"aligncenter\" style=\"border: 5px solid  #ff0000;\" src=\"\/tierraparalimpica\/wp-content\/uploads\/sites\/17\/2016\/07\/Cld5b-3WEAAd3xO.jpg\" alt=\"\" width=\"580\" \/><\/p>\n<p>&nbsp;<\/p>\n<p align=\"justify\">\u25b6<span style=\"font-size: large; color: #000000;\"><strong> El equipo espa\u00f1ol que participar\u00e1 en las Paralimpiadas de R\u00edo denuncia la discriminaci\u00f3n a la que le ha sometido la marca deportiva Joma<\/strong><\/span><\/p>\n<p align=\"justify\">\u25b6<span style=\"font-size: large; color: #000000;\"><strong> Noel Mart\u00edn: \u201cLa imagen de los ol\u00edmpicos tambi\u00e9n queda manchada\u201d <\/strong><\/span><\/p>\n<hr align=\"center\" noshade=\"noshade\" size=\"15\" width=\"200\" \/>\n<p>&nbsp;<\/p>\n<p align=\"justify\"><span style=\"font-size: xx-large;\"><strong>E<\/strong><\/span><span style=\"font-size: medium;\">s una verg\u00fcenza. Los ol\u00edmpicos y los paral\u00edmpicos no vestiremos igual en R\u00edo porque Joma quer\u00eda cobrar a los paral\u00edmpicos\u201d, denuncia <strong>Sarai Gasc\u00f3n<\/strong>, nadadora del equipo espa\u00f1ol paral\u00edmpico. La deportista catalana se ha erigido en la representante del resto de sus compa\u00f1eros a la hora de denunciar la \u201cdiscriminaci\u00f3n\u201d con la que la marca deportiva manchega ha tratado al Comit\u00e9 Paral\u00edmpico Espa\u00f1ol (CPE).<\/span><\/p>\n<p align=\"justify\"><!--more--><\/p>\n<div style=\"width: 357px\" class=\"wp-caption alignright\"><img class=\" \" style=\"margin: 10px; border: 5px solid #ff0000;\" title=\"Xavi Torres ultima las indicaciones en la Concentraci\u00f3n del Equipo AXA. \/FECLEDMI\" src=\"\/tierraparalimpica\/wp-content\/uploads\/sites\/17\/2016\/07\/sarai1.jpg\" alt=\"Sarai Gasc\u00f3n, en el podio del Open de Berl\u00edn. \/DXT ADAPTADO\" width=\"347\" \/><p class=\"wp-caption-text\">Sarai Gasc\u00f3n, en el podio del Open de Berl\u00edn. \/DXT ADAPTADO<\/p><\/div>\n<p align=\"justify\"><span style=\"font-size: medium;\">&#8220;No se lleg\u00f3 a un acuerdo econ\u00f3mico, porque nos ped\u00edan que pag\u00e1semos una parte de la equipaci\u00f3n, algo m\u00e1s del 50%. Al final, encontramos la oportunidad de que Luanvi nos vistiese&#8221;, afirma <strong>Alberto Jofre<\/strong>, director del Comit\u00e9 en relaci\u00f3n a la confecci\u00f3n gratuita de Joma para los ol\u00edmpicos y el coste para los deportistas con discapacidad.<\/span><\/p>\n<p align=\"justify\"><span style=\"font-size: medium;\">Este doble rasero a la hora de medir a los deportistas ol\u00edmpicos y paral\u00edmpicos ha indignado a los deportistas de la selecci\u00f3n del CPE, aunque figuras como <strong>Teresa Perales<\/strong>, una de las mejores deportistas de Espa\u00f1a y candidata al Premio Princesa de Asturias hace apenas un mes, opta por asumir la noticia con filosof\u00eda. <\/span><\/p>\n<p align=\"justify\"><span style=\"font-size: medium;\">&#8220;Al principio, cuando me enter\u00e9 de que no ten\u00edamos la misma equipaci\u00f3n me fastidi\u00f3 porque no entend\u00eda por qu\u00e9 volv\u00edamos atr\u00e1s pero ahora hasta me alegro. Me encanta \u00e9sta, tanto por los colores como por la comodidad y la calidad. Es tradici\u00f3n en los Juegos cambiar la ropa entre los deportistas de diferentes pa\u00edses como recuerdo, pero este a\u00f1o voy a tener un problema porque me gusta tanto que no voy a querer cambiar nada&#8221;, indica Perales al blog <a href=\"http:\/\/aparcamientodiscapacitados.blogspot.com.es\/2016\/06\/los-olimpicos-y-paralimpicos-espanoles.html?m=1\" target=\"_blank\" rel=\"external nofollow\">\u2018Aparcamiento Discapacitados\u2019<\/a>.<\/span><\/p>\n<p>&nbsp;<\/p>\n<p align=\"center\"><iframe loading=\"lazy\" src=\"https:\/\/www.youtube.com\/embed\/J-FhG6d2smY\" frameborder=\"0\" width=\"520\" height=\"385\"><\/iframe><\/p>\n<p>&nbsp;<\/p>\n<p align=\"justify\"><span style=\"font-size: x-large;\"><strong>\u201cLa imagen de los ol\u00edmpicos tambi\u00e9n queda manchada\u201d <\/strong><\/span><\/p>\n<p align=\"justify\"><span style=\"font-size: medium;\">Las reacciones entre los deportistas paral\u00edmpicos castellanos y leoneses tampoco se han hecho esperar. <strong>El ciclista Noel Mart\u00edn<\/strong>, quien forma parte del t\u00e1ndem ciclista que representar\u00e1 a Castilla y Le\u00f3n en los Juegos Paral\u00edmpicos de R\u00edo junto a <strong>Carlos Gonz\u00e1lez<\/strong>, entiende la medida como \u201cmuy desafortunada\u201d.<\/span><\/p>\n<div style=\"width: 357px\" class=\"wp-caption alignright\"><img class=\" \" style=\"margin: 10px; border: 5px solid #ff0000;\" title=\"Carlos Gonz\u00e1lez y Noel Mart\u00edn. \/MARCA\" src=\"\/tierraparalimpica\/wp-content\/uploads\/sites\/17\/2016\/07\/NOELMARTIN.jpg\" alt=\"Luis Huerta, en la concentraci\u00f3n del Equipo AXA Promesas Paral\u00edmpicas de Valladolid. \/ FECLEDMI\" width=\"347\" \/><p class=\"wp-caption-text\">Carlos Gonz\u00e1lez y Noel Mart\u00edn. \/MARCA<\/p><\/div>\n<p align=\"justify\"><span style=\"font-size: medium;\">\u201cEn un momento donde se han adoptado distintas posturas para equiparar a ol\u00edmpicos y paral\u00edmpicos, la decisi\u00f3n de esta marca fomenta la desigualdad\u201d, se\u00f1ala. \u201cEs m\u00e1s, la imagen de los ol\u00edmpicos tambi\u00e9n queda manchada\u201d, a\u00f1ade el ciclista abulense.<\/span><\/p>\n<p align=\"justify\"><span style=\"font-size: medium;\">Por su parte, <strong>el atleta leon\u00e9s Daniel P\u00e9rez<\/strong> entiende la postura de Joma &#8220;como un error bastante gordo&#8221;. &#8220;No s\u00e9 c\u00f3mo han renunciado a estar en todos los medios con nosotros&#8230; Al final, tenemos que agradecer a Luanvi lo que ha hecho&#8221;, agrega.<\/span><\/p>\n<p align=\"justify\"><span style=\"font-size: medium;\">Clubes con deportistas con discapacidad de la Comunidad, como <strong>el CD Fusion vallisoletano<\/strong>, tambi\u00e9n han criticado la postura de Joma, hasta el punto de suspender pedidos con la marca toledana.<\/span><\/p>\n<p style=\"text-align: right;\">\n","protected":false},"excerpt":{"rendered":"<p>&nbsp; \u25b6 El equipo espa\u00f1ol que participar\u00e1 en las Paralimpiadas de R\u00edo denuncia la discriminaci\u00f3n a la que le ha sometido la marca deportiva Joma \u25b6 Noel Mart\u00edn: \u201cLa imagen de los ol\u00edmpicos tambi\u00e9n queda manchada\u201d &nbsp; Es una verg\u00fcenza. Los ol\u00edmpicos y los paral\u00edmpicos no vestiremos igual en R\u00edo porque Joma quer\u00eda cobrar a [&hellip;]<\/p>\n","protected":false},"author":29,"featured_media":0,"comment_status":"open","ping_status":"open","sticky":false,"template":"","format":"standard","meta":[],"categories":[3],"tags":[],"_links":{"self":[{"href":"https:\/\/blogs.elnortedecastilla.es\/tierraparalimpica\/wp-json\/wp\/v2\/posts\/165"}],"collection":[{"href":"https:\/\/blogs.elnortedecastilla.es\/tierraparalimpica\/wp-json\/wp\/v2\/posts"}],"about":[{"href":"https:\/\/blogs.elnortedecastilla.es\/tierraparalimpica\/wp-json\/wp\/v2\/types\/post"}],"author":[{"embeddable":true,"href":"https:\/\/blogs.elnortedecastilla.es\/tierraparalimpica\/wp-json\/wp\/v2\/users\/29"}],"replies":[{"embeddable":true,"href":"https:\/\/blogs.elnortedecastilla.es\/tierraparalimpica\/wp-json\/wp\/v2\/comments?post=165"}],"version-history":[{"count":0,"href":"https:\/\/blogs.elnortedecastilla.es\/tierraparalimpica\/wp-json\/wp\/v2\/posts\/165\/revisions"}],"wp:attachment":[{"href":"https:\/\/blogs.elnortedecastilla.es\/tierraparalimpica\/wp-json\/wp\/v2\/media?parent=165"}],"wp:term":[{"taxonomy":"category","embeddable":true,"href":"https:\/\/blogs.elnortedecastilla.es\/tierraparalimpica\/wp-json\/wp\/v2\/categories?post=165"},{"taxonomy":"post_tag","embeddable":true,"href":"https:\/\/blogs.elnortedecastilla.es\/tierraparalimpica\/wp-json\/wp\/v2\/tags?post=165"}],"curies":[{"name":"wp","href":"https:\/\/api.w.org\/{rel}","templated":true}]}}