{"id":17,"date":"2012-07-30T10:35:24","date_gmt":"2012-07-30T10:35:24","guid":{"rendered":"http:\/\/blogs.elnortedecastilla.es\/tierraparalimpica\/?p=17"},"modified":"2012-07-30T10:35:24","modified_gmt":"2012-07-30T10:35:24","slug":"mucho-mas-que-dos-ruedas","status":"publish","type":"post","link":"https:\/\/blogs.elnortedecastilla.es\/tierraparalimpica\/2012\/07\/30\/mucho-mas-que-dos-ruedas\/","title":{"rendered":"Mucho m\u00e1s que dos ruedas"},"content":{"rendered":"<p>&nbsp;<\/p>\n<p><strong>Aitor Oroza buscar\u00e1 en los Juegos de Londres su primera medalla paral\u00edmpica con el equipo nacional de ciclismo<\/strong><\/p>\n<p><strong>El bilba\u00edno afincado en Burgos acumula cientos de kil\u00f3metros de preparaci\u00f3n en m\u00faltiples pruebas por las carreteras castellanas y leonesas<\/strong><\/p>\n<p>&nbsp;<\/p>\n<p><img loading=\"lazy\" class=\"aligncenter\" style=\"vertical-align: text-top; margin-left: 5px; margin-right: 5px;\" src=\"\/\/2.bp.blogspot.com\/-VpsOI23GA1g\/UBZmpuI3fAI\/AAAAAAAAFRE\/VvChlJ_gIgQ\/s400\/NF0A6DE1.jpg\" alt=\"\" width=\"647\" height=\"374\" \/><\/p>\n<p><em>David F. Atienzar |<\/em><\/p>\n<p>No cabe duda de que el ciclismo paral\u00edmpico es una de las disciplinas m\u00e1s atractivas para el espectador. Desde los t\u00e1ndems hasta los triciclos, pasando por las bicicletas de mano y las convencionales, el abanico de posibilidades se abre a\u00f1o a a\u00f1o, dando cabida a un gran n\u00famero de deportistas que buscar\u00e1n la gloria en la cita paral\u00edmpica. Un deporte que, en sus inicios, solo contaba con la modalidad para personas con deficiencia visual y que actualmente se divide en doce clases seg\u00fan el tipo y grado de discapacidad. Concretamente, en Londres se celebrar\u00e1n un total de 50 eventos con opci\u00f3n a medalla. De ellos, 32 ser\u00e1n pruebas de carretera y 18 de pista. El vel\u00f3dromo del Parque Ol\u00edmpico y el circuito urbano de Brands Hatch ser\u00e1n escenarios de lujo para esta apasionante competici\u00f3n.<\/p>\n<p>Dentro de la Selecci\u00f3n Espa\u00f1ola, la secci\u00f3n de las dos ruedas es una de las m\u00e1s destacadas. Sus 15 representantes buscar\u00e1n las medallas en un deporte que se sit\u00faa segunda en el escalaf\u00f3n de representaci\u00f3n, solo superada por el atletismo con m\u00e1s de veinte deportistas participantes. Y en esa gran monta\u00f1a, Castilla y Le\u00f3n tambi\u00e9n pone su granito de arena. Aitor Oroza, ciclista con par\u00e1lisis cerebral residente en la localidad de Los Altos en Burgos, llevar\u00e1 en sus piernas los kil\u00f3metros recorridos por tierras castellanas. Su triciclo ser\u00e1 un rayo en el asfalto ingl\u00e9s. Bilba\u00edno de nacimiento, Oroza es uno de los favoritos para hacerse con el codiciado metal ol\u00edmpico.<\/p>\n<p>Con 36 a\u00f1os, el veterano deportista acudir\u00e1 a Londres con varios Campeonatos del Mundo y de Europa a sus espaldas, conseguidos sobre todo durante la primera d\u00e9cada del siglo actual. Espoleado por la reciente plata conseguida en la tercera prueba de la Copa del Mundo celebrada en Segovia el pasado junio, no hay carretera que acongoje al valiente ciclista.<\/p>\n<p>Pese a la decepci\u00f3n obtenida en los Juegos de Pek\u00edn de 2008, donde el agrupamiento de distintas clases dentro de las mismas pruebas mermaron las posibilidades de medalla de Aitor Oroza, los Juegos de Londres se tornan como la oportunidad de oro para saldar la deuda que el ciclismo tiene con este gran luchador, m\u00e1ximo exponente de la capacidad de superaci\u00f3n y del compromiso con el deporte.<\/p>\n","protected":false},"excerpt":{"rendered":"<p>&nbsp; Aitor Oroza buscar\u00e1 en los Juegos de Londres su primera medalla paral\u00edmpica con el equipo nacional de ciclismo El bilba\u00edno afincado en Burgos acumula cientos de kil\u00f3metros de preparaci\u00f3n en m\u00faltiples pruebas por las carreteras castellanas y leonesas &nbsp; David F. Atienzar | No cabe duda de que el ciclismo paral\u00edmpico es una de [&hellip;]<\/p>\n","protected":false},"author":27,"featured_media":0,"comment_status":"open","ping_status":"closed","sticky":false,"template":"","format":"standard","meta":[],"categories":[4],"tags":[],"_links":{"self":[{"href":"https:\/\/blogs.elnortedecastilla.es\/tierraparalimpica\/wp-json\/wp\/v2\/posts\/17"}],"collection":[{"href":"https:\/\/blogs.elnortedecastilla.es\/tierraparalimpica\/wp-json\/wp\/v2\/posts"}],"about":[{"href":"https:\/\/blogs.elnortedecastilla.es\/tierraparalimpica\/wp-json\/wp\/v2\/types\/post"}],"author":[{"embeddable":true,"href":"https:\/\/blogs.elnortedecastilla.es\/tierraparalimpica\/wp-json\/wp\/v2\/users\/27"}],"replies":[{"embeddable":true,"href":"https:\/\/blogs.elnortedecastilla.es\/tierraparalimpica\/wp-json\/wp\/v2\/comments?post=17"}],"version-history":[{"count":0,"href":"https:\/\/blogs.elnortedecastilla.es\/tierraparalimpica\/wp-json\/wp\/v2\/posts\/17\/revisions"}],"wp:attachment":[{"href":"https:\/\/blogs.elnortedecastilla.es\/tierraparalimpica\/wp-json\/wp\/v2\/media?parent=17"}],"wp:term":[{"taxonomy":"category","embeddable":true,"href":"https:\/\/blogs.elnortedecastilla.es\/tierraparalimpica\/wp-json\/wp\/v2\/categories?post=17"},{"taxonomy":"post_tag","embeddable":true,"href":"https:\/\/blogs.elnortedecastilla.es\/tierraparalimpica\/wp-json\/wp\/v2\/tags?post=17"}],"curies":[{"name":"wp","href":"https:\/\/api.w.org\/{rel}","templated":true}]}}