{"id":173,"date":"2016-07-22T11:52:43","date_gmt":"2016-07-22T11:52:43","guid":{"rendered":"http:\/\/blogs.elnortedecastilla.es\/tierraparalimpica\/?p=173"},"modified":"2016-07-22T11:52:43","modified_gmt":"2016-07-22T11:52:43","slug":"rumbo-a-rio-2","status":"publish","type":"post","link":"https:\/\/blogs.elnortedecastilla.es\/tierraparalimpica\/2016\/07\/22\/rumbo-a-rio-2\/","title":{"rendered":"Pasaje para R\u00edo"},"content":{"rendered":"<p align=\"justify\"><img class=\"aligncenter\" style=\"border: 5px solid  #ff0000;\" src=\"\/tierraparalimpica\/wp-content\/uploads\/sites\/17\/2016\/07\/david-alonso-y-lia.jpg\" alt=\"\" width=\"580\" \/><\/p>\n<p>&nbsp;<\/p>\n<p align=\"justify\">\u25b6<span style=\"font-size: large; color: #000000;\"><strong> Lia Beel, el t\u00e1ndem ol\u00edmpico y Amaya Alonso representar\u00e1n a Castilla y Le\u00f3n en los Juegos Paral\u00edmpicos <\/strong><\/span><\/p>\n<p align=\"justify\">\u25b6<span style=\"font-size: large; color: #000000;\"><strong> El saltador leon\u00e9s Daniel P\u00e9rez se queda fuera por segundos Juegos consecutivos. &#8220;Da que pensar sobre c\u00f3mo se est\u00e1n haciendo las cosas en el atletismo adaptado en Espa\u00f1a&#8221; <\/strong><\/span><\/p>\n<hr align=\"center\" noshade=\"noshade\" size=\"15\" width=\"200\" \/>\n<p>&nbsp;<\/p>\n<p align=\"justify\"><span style=\"font-size: xx-large;\"><strong>Y<\/strong><\/span><span style=\"font-size: medium;\"> ya est\u00e1n aqu\u00ed los Juegos Paral\u00edmpicos. Aquellos con los que muchos comenzaron a so\u00f1ar en el mismo momento que <a href=\"https:\/\/blogs.elnortedecastilla.es\/tierraparalimpica\/2012\/09\/15\/destellos-de-londres\/\" target=\"_blank\">se apag\u00f3 la llama de Londres hace cuatro a\u00f1os<\/a>. Los deportistas con y sin discapacidad ya piensan en R\u00edo de Janeiro. Ansiosos por sentirse como aquellos antiguos griegos que en el 776 A. C. rend\u00edan tributo a Zeus en pro de mayor gloria para Grecia.<\/span><\/p>\n<p align=\"justify\"><span style=\"font-size: medium;\">En la actualidad, a aquellas carreras de cuadrigas, pugilatos o al pentatl\u00f3n, les sustituye pruebas como el triatl\u00f3n, disciplina que debuta en los Juegos Paral\u00edmpicos en R\u00edo, y que ser\u00e1 una de las m\u00e1s esperadas sin desmerecer a las siempre espectaculares modalidades de velocidad o las ajustadas series de nataci\u00f3n.<\/span><\/p>\n<p align=\"justify\"><!--more--><\/p>\n<div style=\"width: 357px\" class=\"wp-caption alignright\"><img class=\" \" style=\"margin: 10px; border: 5px solid #ff0000;\" title=\"Amaya Alonso, en su faceta de fisioterapeuta. \/TIERRA PARAL\u00cdMPICA\" src=\"\/tierraparalimpica\/wp-content\/uploads\/sites\/17\/2016\/07\/image1.jpg\" alt=\"Sarai Gasc\u00f3n, en el podio del Open de Berl\u00edn. \/DXT ADAPTADO\" width=\"347\" \/><p class=\"wp-caption-text\">Amaya Alonso, en su faceta de fisioterapeuta. \/TIERRA PARAL\u00cdMPICA<\/p><\/div>\n<p align=\"justify\"><span style=\"font-size: medium;\">Precisamente, Castilla y Le\u00f3n estar\u00e1 representada en la cita paral\u00edmpica por una de las mejores especialistas en los 100 y 200 metros en el tart\u00e1n. <a href=\"https:\/\/blogs.elnortedecastilla.es\/tierraparalimpica\/2015\/11\/13\/lia-beel-una-cuestion-de-distancia\/\" target=\"_blank\">Lia Beel (Burgos, 1995)<\/a>, quien acude a sus primeros Juegos con la vitola de la medalla de bronce mundial lograda en Doha el pasado a\u00f1o con el relevo 4&#215;100, ser\u00e1 una de las bazas del equipo paral\u00edmpico junto a sus compa\u00f1eras de selecci\u00f3n.<\/span><\/p>\n<p align=\"justify\"><span style=\"font-size: medium;\"><strong>\u201cEs una de las noticias de mi vida\u201d, explica la atleta con deficiencia visual<\/strong>, una de las deportistas de m\u00e1s proyecci\u00f3n de Castilla y Le\u00f3n.<\/span><\/p>\n<p align=\"justify\"><span style=\"font-size: medium;\">Junto a la burgalesa, tambi\u00e9n estar\u00e1n <strong>en la villa ol\u00edmpica del 7 al 18 de septiembre<\/strong>, el t\u00e1ndem ol\u00edmpico formado por <strong>el abulense Noel Infante y el vallisoletano Carlos Gonz\u00e1lez<\/strong>. Ambos participar\u00e1n en las pruebas de l\u00ednea, contrarreloj y persecuci\u00f3n con la selecci\u00f3n espa\u00f1ola despu\u00e9s de cuatro a\u00f1os \u201cde trabajo\u201d y \u00e9xitos, como el logrado con el Mundial de Ciclismo en Ruta logrado en Estados Unidos en 2014.<\/span><\/p>\n<p align=\"justify\"><span style=\"font-size: medium;\">Fue con esta medalla, el aliento del seleccionador F\u00e9lix Garc\u00eda Casas y el hecho de encabezar durante meses el ranking UCI de ciclismo en carretera, lo que dispar\u00f3 las esperanzas de un t\u00e1ndem, que sigue so\u00f1ando, esta vez con la gloria bajo la atenta mirada del Cristo Redentor.<\/span><\/p>\n<p align=\"justify\"><span style=\"font-size: medium;\">Tambi\u00e9n estar\u00e1 en el equipo paral\u00edmpico <strong>la vallisoletana Amaya Alonso<\/strong>. La nadadora <a href=\"https:\/\/blogs.elnortedecastilla.es\/tierraparalimpica\/2012\/09\/15\/destellos-de-londres\/\" target=\"_blank\">ha dejado atr\u00e1s su etapa en la piscina tras sus dos participaciones en los Juegos de Pek\u00edn y Londres<\/a>, y representar\u00e1 esta vez a Castilla y Le\u00f3n como fisioterapeuta. \u201cTom\u00e9 la decisi\u00f3n, y ahora es el momento de ayudar desde el otro lado\u201d, confiesa una de las deportistas m\u00e1s laureadas de la Comunidad.<\/span><\/p>\n<p>&nbsp;<\/p>\n<p align=\"center\"><iframe loading=\"lazy\" src=\"https:\/\/www.youtube.com\/embed\/jD0RXIu7aNE\" frameborder=\"0\" width=\"520\" height=\"385\"><\/iframe><\/p>\n<p>&nbsp;<\/p>\n<p align=\"justify\"><span style=\"font-size: x-large;\"><strong>\u201cEstoy bastante abatido\u201d<\/strong><\/span><\/p>\n<p align=\"justify\"><span style=\"font-size: medium;\">Las reacciones entre los deportistas paral\u00edmpicos castellanos y leoneses tampoco se han hecho esperar. <strong>El ciclista Noel Mart\u00edn<\/strong>, quien forma parte del t\u00e1ndem ciclista que representar\u00e1 a Castilla y Le\u00f3n en los Juegos Paral\u00edmpicos de R\u00edo junto a <strong>Carlos Gonz\u00e1lez<\/strong>, entiende la medida como \u201cmuy desafortunada\u201d.<\/span><\/p>\n<div style=\"width: 357px\" class=\"wp-caption alignright\"><img class=\" \" style=\"margin: 10px; border: 5px solid #ff0000;\" title=\"Daniel P\u00e9rez, en el Mundial de Doha \/TIERRA PARAL\u00cdMPICA\" src=\"\/tierraparalimpica\/wp-content\/uploads\/sites\/17\/2015\/11\/DaniP%C3%A9rezDoha.jpg\" alt=\"Daniel P\u00e9rez, en el Mundial de Doha \/TIERRA PARAL\u00cdMPICA\" width=\"347\" \/><p class=\"wp-caption-text\">Daniel P\u00e9rez, en el Mundial de Doha \/TIERRA PARAL\u00cdMPICA<\/p><\/div>\n<p align=\"justify\"><span style=\"font-size: medium;\">La otra cara de la convocatoria oficial del equipo espa\u00f1ol para los Juegos Paral\u00edmpicos es la de deportistas como Daniel P\u00e9rez. <a href=\"https:\/\/blogs.elnortedecastilla.es\/tierraparalimpica\/2015\/11\/09\/en-rio-nos-vamos-a-pegar-de-verdad\/\" target=\"_blank\">El saltador leon\u00e9s se queda por segunda vez fuera de la cita internacional, pese a ostentar la m\u00ednima \u2018B\u2019<\/a>. <\/span><\/p>\n<p align=\"justify\"><span style=\"font-size: medium;\">\u201cHace cuatro a\u00f1os me quede a las puertas de ir a Londres, <strong>llorando como una magdalena me autopromet\u00ed que trabajar\u00eda y dar\u00eda todo lo que tenia dentro para que no me volviese a pasar<\/strong>, y cuatro a\u00f1os despu\u00e9s vuelvo a estar fuera de mi sue\u00f1o&#8230; el list\u00f3n ha sido derribado una vez m\u00e1s\u201d, se lamenta el atleta leon\u00e9s, quien tambi\u00e9n lamenta la adjudicaci\u00f3n de plazas en el equipo de atletismo.<\/span><\/p>\n<p align=\"justify\"><span style=\"font-size: medium;\">\u201cNo ha sido suficiente nuestro trabajo. La falta de plazas ha hecho que hasta gente con m\u00ednima \u2018A\u2019 se quede en casa, lo que<strong> da mucho que pensar sobre c\u00f3mo se est\u00e1n haciendo las cosas dentro del atletismo adaptado en Espa\u00f1a&#8230;<\/strong>\u201d, denuncia el leon\u00e9s.<\/span><\/p>\n<p align=\"justify\"><span style=\"font-size: medium;\">Tampoco estar\u00e1n en R\u00edo de Janeiro <a href=\"https:\/\/blogs.elnortedecastilla.es\/tierraparalimpica\/2015\/11\/16\/la-novena-sinfonia\/\" target=\"_blank\">los preseleccionados a principios de 2016<\/a>: <strong>Ana Bego\u00f1a Garrido<\/strong> (esgrima); <strong>Jonatan Soria y Jos\u00e9 Luis Robles<\/strong> (baloncesto en silla de ruedas); el atleta <strong>Salvador Calvo<\/strong> y el arquero <strong>Jos\u00e9 Manuel Mar\u00edn<\/strong>.<\/span><\/p>\n<p style=\"text-align: right;\">\n","protected":false},"excerpt":{"rendered":"<p>&nbsp; \u25b6 Lia Beel, el t\u00e1ndem ol\u00edmpico y Amaya Alonso representar\u00e1n a Castilla y Le\u00f3n en los Juegos Paral\u00edmpicos \u25b6 El saltador leon\u00e9s Daniel P\u00e9rez se queda fuera por segundos Juegos consecutivos. &#8220;Da que pensar sobre c\u00f3mo se est\u00e1n haciendo las cosas en el atletismo adaptado en Espa\u00f1a&#8221; &nbsp; Y ya est\u00e1n aqu\u00ed los Juegos [&hellip;]<\/p>\n","protected":false},"author":29,"featured_media":0,"comment_status":"open","ping_status":"open","sticky":false,"template":"","format":"standard","meta":[],"categories":[3],"tags":[],"_links":{"self":[{"href":"https:\/\/blogs.elnortedecastilla.es\/tierraparalimpica\/wp-json\/wp\/v2\/posts\/173"}],"collection":[{"href":"https:\/\/blogs.elnortedecastilla.es\/tierraparalimpica\/wp-json\/wp\/v2\/posts"}],"about":[{"href":"https:\/\/blogs.elnortedecastilla.es\/tierraparalimpica\/wp-json\/wp\/v2\/types\/post"}],"author":[{"embeddable":true,"href":"https:\/\/blogs.elnortedecastilla.es\/tierraparalimpica\/wp-json\/wp\/v2\/users\/29"}],"replies":[{"embeddable":true,"href":"https:\/\/blogs.elnortedecastilla.es\/tierraparalimpica\/wp-json\/wp\/v2\/comments?post=173"}],"version-history":[{"count":0,"href":"https:\/\/blogs.elnortedecastilla.es\/tierraparalimpica\/wp-json\/wp\/v2\/posts\/173\/revisions"}],"wp:attachment":[{"href":"https:\/\/blogs.elnortedecastilla.es\/tierraparalimpica\/wp-json\/wp\/v2\/media?parent=173"}],"wp:term":[{"taxonomy":"category","embeddable":true,"href":"https:\/\/blogs.elnortedecastilla.es\/tierraparalimpica\/wp-json\/wp\/v2\/categories?post=173"},{"taxonomy":"post_tag","embeddable":true,"href":"https:\/\/blogs.elnortedecastilla.es\/tierraparalimpica\/wp-json\/wp\/v2\/tags?post=173"}],"curies":[{"name":"wp","href":"https:\/\/api.w.org\/{rel}","templated":true}]}}