{"id":176,"date":"2016-09-08T01:23:29","date_gmt":"2016-09-08T01:23:29","guid":{"rendered":"http:\/\/blogs.elnortedecastilla.es\/tierraparalimpica\/?p=176"},"modified":"2016-09-08T01:23:29","modified_gmt":"2016-09-08T01:23:29","slug":"dos-cowboys-hispanos-el-viaje-de-sir-philip-craven-y-la-alargada-sombra-de-rusia","status":"publish","type":"post","link":"https:\/\/blogs.elnortedecastilla.es\/tierraparalimpica\/2016\/09\/08\/dos-cowboys-hispanos-el-viaje-de-sir-philip-craven-y-la-alargada-sombra-de-rusia\/","title":{"rendered":"Dos cowboys hispanos, el viaje de Sir Philip Craven y la alargada sombra de Rusia"},"content":{"rendered":"<p align=\"justify\"><img class=\"aligncenter\" style=\"border: 5px solid  #ff0000;\" src=\"\/tierraparalimpica\/wp-content\/uploads\/sites\/17\/2016\/09\/CryvNmzXYAE4HZ6.jpg\" alt=\"\" width=\"580\" \/><\/p>\n<p>&nbsp;<\/p>\n<p align=\"justify\">\u25b6<span style=\"font-size: large; color: #000000;\"><strong> La ceremonia de apertura de los Juegos Paral\u00edmpicos de R\u00edo de Janeiro se convierte en tendencia mundial gracias a una gigantesca fiesta de colorido y samba <\/strong><\/span><\/p>\n<p align=\"justify\">\u25b6<span style=\"font-size: large; color: #000000;\"><strong> La ca\u00edda de la deportista Marcia Malsar con la antorcha y la posterior ovaci\u00f3n del p\u00fablico brasile\u00f1o, el momentazo de la\u00a0jornada <\/strong><\/span><\/p>\n<hr align=\"center\" noshade=\"noshade\" size=\"15\" width=\"200\" \/>\n<p>&nbsp;<\/p>\n<p align=\"justify\"><span style=\"font-size: xx-large;\"><strong>L<\/strong><\/span><span style=\"font-size: medium;\">a verdad es que <strong>Sir Philip Craven<\/strong> -el mandam\u00e1s en esto del deporte paral\u00edmpico, por la gracia de Su Majestad la Reina de Inglaterra, y por una dilatada trayectoria como atleta y sobre todo jugador de baloncesto en silla de ruedas- ten\u00eda ganas de llegar a R\u00edo de Janeiro.<\/span><\/p>\n<p align=\"justify\"><span style=\"font-size: medium;\">Craven, que durante el \u00faltimo mes ha tenido que aguantar todo tipo de presiones e improperios <strong>llegados desde el mism\u00edsimo Vladimir Putin<\/strong>, quer\u00eda que comenzaran de una vez los Juegos Paral\u00edmpicos de Brasil. Que si no hay presupuesto para los &#8216;paralympics&#8217;, que si no puedes dejar fuera a Rusia, que si la delincuencia, que si el Zika&#8230;<\/span><\/p>\n<p align=\"justify\"><!--more--><\/p>\n<div style=\"width: 357px\" class=\"wp-caption alignright\"><img class=\" \" style=\"margin: 10px; border: 5px solid #ff0000;\" title=\"Espect\u00e1culo acrob\u00e1tico en silla de ruedas. \/RICARDO MORAES-REUTERS\" src=\"\/tierraparalimpica\/wp-content\/uploads\/sites\/17\/2016\/09\/Cryrn6-VMAAjYjC.jpg\" alt=\"Espect\u00e1culo acrob\u00e1tico en silla de ruedas. \/RICARDO MORAES-REUTERS\" width=\"347\" \/><p class=\"wp-caption-text\">Espect\u00e1culo acrob\u00e1tico en silla de ruedas. \/RICARDO MORAES-REUTERS<\/p><\/div>\n<p align=\"justify\"><span style=\"font-size: medium;\">No es de extra\u00f1ar que se tomara con calma la llegada al estadio ol\u00edmpico brasile\u00f1o, como exhibi\u00f3 <strong>ese v\u00eddeo con el que se abri\u00f3 la Ceremonia de Apertura de los Juegos<\/strong>, en el que se brome\u00f3 con el viaje del presidente del Comit\u00e9 Paral\u00edmpico Internacional hasta la capital carioca o <strong>las prisas que le entraron a Sir Craven despu\u00e9s de contemplar el Cristo Redentor<\/strong>.<\/span><\/p>\n<p align=\"justify\"><span style=\"font-size: medium;\">Fue el pistoletazo de salida a una fiesta de luz y m\u00fasica, en la que como no pod\u00eda ser de otra forma, <strong>la samba fue protagonista antes, durante y hasta&#8230;<\/strong> Previsiblemente hasta el pr\u00f3ximo 18 de septiembre cuando la llama paral\u00edmpica dej\u00e9 R\u00edo con destino a Tokio -pero para eso a\u00fan queda mucho y ser\u00eda injusto hablar en clave nipona despu\u00e9s del esfuerzo brasile\u00f1o-.<\/span><\/p>\n<p align=\"justify\"><span style=\"font-size: medium;\">Y es que <strong>&#8220;los brasileiros no desisten nunca&#8221;, no se cans\u00f3 de repetir el presidente del Comit\u00e9 Paral\u00edmpico Brasile\u00f1o,<\/strong> en una clara referencia a los sacrificios que ha tenido que realizar el gigante sudamericano para acoge en pr\u00e1cticamente dos a\u00f1os el Mundial de F\u00fatbol, los Juegos Ol\u00edmpicos y, desde este mi\u00e9rcoles, los Juegos Paral\u00edmpicos. El pueblo carioca se encarg\u00f3 de record\u00e1rselo al Gobierno Federal con <strong>una sonada pitada que cambi\u00f3 el gesto de las autoridades presentes<\/strong>, incluido el de reciente presidente del pa\u00eds, Michel Tener, quien ni siquiera pudo intervenir.<\/span><\/p>\n<p align=\"justify\"><span style=\"font-size: medium;\">Todo lo contrari\u00f3 ocurri\u00f3 con la antepen\u00faltima deportista en portar la antorcha paral\u00edmpica. Con la lluvia ya presente en Maracan\u00e1, <strong>Marcia Malsar<\/strong> se dispuso a recorrer los escasos 50 metros que la ten\u00eda que llevar a su pr\u00f3ximo relevo, con <a href=\"https:\/\/youtu.be\/WCna7-9Lktk\" target=\"_blank\" rel=\"external nofollow\">la mala suerte de resbalarse y caer, dejando la antorcha por los suelos<\/a>. No hubo tiempo para el silencio, y <strong>el p\u00fablico carioca arrop\u00f3 a la relevista con una ensordecedora ovaci\u00f3n<\/strong> que la hizo terminar su posta y resumir en apenas unos segundos <strong>los valores del deporte paral\u00edmpico: caerse para volver a levantarse. As\u00ed, una y otra vez.<\/strong><\/span><\/p>\n<p>&nbsp;<\/p>\n<p align=\"center\"><iframe loading=\"lazy\" src=\"https:\/\/www.youtube.com\/embed\/WCna7-9Lktk\" frameborder=\"0\" width=\"520\" height=\"385\"><\/iframe><\/p>\n<p>&nbsp;<\/p>\n<p align=\"justify\"><span style=\"font-size: x-large;\"><strong>La fiesta, para los atletas<\/strong><\/span><\/p>\n<p align=\"justify\"><span style=\"font-size: medium;\">Al gui\u00f1o inicial hacia Philip Craven, quien incidi\u00f3 en la inclusi\u00f3n en su discurso y en los Juegos como fuente de inspiraci\u00f3n para toda la sociedad, le antecedi\u00f3 un desfile de dos horas de duraci\u00f3n en el que Espa\u00f1a ocup\u00f3 el quincuag\u00e9simo lugar. <\/span><\/p>\n<div style=\"width: 357px\" class=\"wp-caption alignright\"><img class=\" \" style=\"margin: 10px; border: 5px solid #ff0000;\" title=\"Deportistas espa\u00f1oles, en la Ceremonia de Apertura de los Juegos Paral\u00edmpicos de R\u00edo. \/TIERRA PARAL\u00cdMPICA\" src=\"\/tierraparalimpica\/wp-content\/uploads\/sites\/17\/2016\/09\/CryWdZIXEAE3jww.jpg\" alt=\"eportistas espa\u00f1oles, en la Ceremonia de Apertura de los Juegos Paral\u00edmpicos de R\u00edo. \/TIERRA PARAL\u00cdMPICA\" width=\"347\" \/><p class=\"wp-caption-text\">Deportistas espa\u00f1oles, en la Ceremonia de Apertura de los Juegos Paral\u00edmpicos de R\u00edo. \/TIERRA PARAL\u00cdMPICA<\/p><\/div>\n<p align=\"justify\"><span style=\"font-size: medium;\"><a href=\"https:\/\/youtu.be\/xstYpZY-NFk\" target=\"_blank\" rel=\"external nofollow\">El equipo del Comit\u00e9 Paral\u00edmpico Espa\u00f1ol<\/a>, elegantemente vestido con americana beige, pantal\u00f3n rojo y sombrero del mismo color -gentileza de la marca Luanvi <a href=\"https:\/\/blogs.elnortedecastilla.es\/tierraparalimpica\/2016\/07\/01\/si-eres-paralimpico-pagas\/\" target=\"_blank\">ante el desprop\u00f3sito de Joma<\/a>-, fue uno de los m\u00e1s dicharacheros, con protagonismo para <strong>Jos\u00e9 Manuel Ruiz como abanderado<\/strong>, pero tambi\u00e9n para los hermanos Zarzuela. <\/span><\/p>\n<p align=\"justify\"><span style=\"font-size: medium;\">Alejandro y Pablo, rezagados en el desfile -al igual que el resto de la selecci\u00f3n nacional de baloncesto en silla- concentraron buena parte de los flashes con sus llamativas gafas de sol, de montura amarilla, cual despedida de soltero en las postrimer\u00edas de la misma.<\/span><\/p>\n<p>&nbsp;<\/p>\n<p align=\"center\"><iframe loading=\"lazy\" src=\"https:\/\/www.youtube.com\/embed\/xstYpZY-NFk\" frameborder=\"0\" width=\"520\" height=\"385\"><\/iframe><\/p>\n<p>&nbsp;<\/p>\n<p align=\"justify\"><span style=\"font-size: medium;\">Bromas al margen, el desfile pasar\u00e1 a la historia por l<strong>a imagen del equipo independiente de refugiados<\/strong>, como ya sucediera en los Juegos Ol\u00edmpicos; al igual que los <strong>dos deportistas de Siria que desfilaron ante la ovaci\u00f3n del respetable brasile\u00f1o<\/strong>.<\/span><\/p>\n<p align=\"justify\"><span style=\"font-size: medium;\">Momentos a los que acompa\u00f1\u00f3 tambi\u00e9n <strong>el eterno &#8216;paseo&#8217; de la delegaci\u00f3n china<\/strong>, extensa e imponente, despu\u00e9s de hegemonizar el deporte paral\u00edmpico en los \u00faltimos doce a\u00f1os. <strong>En Londres, en 2012, &#8216;solo&#8217; logr\u00f3 231 medallas (95 de oro)&#8230;<\/strong><\/span><\/p>\n<p align=\"justify\"><span style=\"font-size: medium;\">Del toque moderno en la vestimenta de la delegaci\u00f3n espa\u00f1ola se pas\u00f3 al poco m\u00e1s que &#8216;taparrabos&#8217; de la ex\u00f3tica isla de Toga; o a <strong>la ibicenca moda de las letonas, quienes deslumbraron con tanta blancura<\/strong>.<\/span><\/p>\n<p align=\"justify\"><span style=\"font-size: medium;\"><strong>El rayado traje de Rep\u00fablica Checa o los acorbatados egipcios<\/strong> ocultaron el debate sobre la ausencia de Rusia, una decisi\u00f3n firme en el caso del Comit\u00e9 Paral\u00edmpico Internacional, en la que se desmarc\u00f3 de las medias tintas de su hom\u00f3logo ol\u00edmpico, pese a la contundencia de los informes de <strong>dopaje de estado en el gigante ruso<\/strong>.<\/span><\/p>\n<p align=\"justify\"><span style=\"font-size: medium;\">Al final, la propia llama paral\u00edmpica, la bandera o ese colorido coraz\u00f3n que representa a los &#8216;Jogos&#8217; hasta el 18 de septiembre eclipsaron todas esas previas catastrofistas que ojal\u00e1 solo se queden en la &#8216;amenaza&#8217; de Ronaldinho Gaucho de aparecer en la clausura <a href=\"https:\/\/www.youtube.com\/watch?v=SRApksa-3RQ\" target=\"_blank\" rel=\"external nofollow\">en su nueva faceta musical&#8230;<\/a><\/span><\/p>\n<p>&nbsp;<\/p>\n<p align=\"center\"><iframe loading=\"lazy\" src=\"https:\/\/www.youtube.com\/embed\/3H_4qYAaZRI\" frameborder=\"0\" width=\"520\" height=\"385\"><\/iframe><\/p>\n<p>&nbsp;<\/p>\n","protected":false},"excerpt":{"rendered":"<p>&nbsp; \u25b6 La ceremonia de apertura de los Juegos Paral\u00edmpicos de R\u00edo de Janeiro se convierte en tendencia mundial gracias a una gigantesca fiesta de colorido y samba \u25b6 La ca\u00edda de la deportista Marcia Malsar con la antorcha y la posterior ovaci\u00f3n del p\u00fablico brasile\u00f1o, el momentazo de la\u00a0jornada &nbsp; La verdad es que [&hellip;]<\/p>\n","protected":false},"author":29,"featured_media":0,"comment_status":"open","ping_status":"open","sticky":false,"template":"","format":"standard","meta":[],"categories":[5],"tags":[],"_links":{"self":[{"href":"https:\/\/blogs.elnortedecastilla.es\/tierraparalimpica\/wp-json\/wp\/v2\/posts\/176"}],"collection":[{"href":"https:\/\/blogs.elnortedecastilla.es\/tierraparalimpica\/wp-json\/wp\/v2\/posts"}],"about":[{"href":"https:\/\/blogs.elnortedecastilla.es\/tierraparalimpica\/wp-json\/wp\/v2\/types\/post"}],"author":[{"embeddable":true,"href":"https:\/\/blogs.elnortedecastilla.es\/tierraparalimpica\/wp-json\/wp\/v2\/users\/29"}],"replies":[{"embeddable":true,"href":"https:\/\/blogs.elnortedecastilla.es\/tierraparalimpica\/wp-json\/wp\/v2\/comments?post=176"}],"version-history":[{"count":0,"href":"https:\/\/blogs.elnortedecastilla.es\/tierraparalimpica\/wp-json\/wp\/v2\/posts\/176\/revisions"}],"wp:attachment":[{"href":"https:\/\/blogs.elnortedecastilla.es\/tierraparalimpica\/wp-json\/wp\/v2\/media?parent=176"}],"wp:term":[{"taxonomy":"category","embeddable":true,"href":"https:\/\/blogs.elnortedecastilla.es\/tierraparalimpica\/wp-json\/wp\/v2\/categories?post=176"},{"taxonomy":"post_tag","embeddable":true,"href":"https:\/\/blogs.elnortedecastilla.es\/tierraparalimpica\/wp-json\/wp\/v2\/tags?post=176"}],"curies":[{"name":"wp","href":"https:\/\/api.w.org\/{rel}","templated":true}]}}