{"id":183,"date":"2016-09-08T23:51:11","date_gmt":"2016-09-08T23:51:11","guid":{"rendered":"http:\/\/blogs.elnortedecastilla.es\/tierraparalimpica\/?p=183"},"modified":"2016-09-08T23:51:11","modified_gmt":"2016-09-08T23:51:11","slug":"diploma-en-el-velodromo-olimpico","status":"publish","type":"post","link":"https:\/\/blogs.elnortedecastilla.es\/tierraparalimpica\/2016\/09\/08\/diploma-en-el-velodromo-olimpico\/","title":{"rendered":"Diploma en el Vel\u00f3dromo Ol\u00edmpico"},"content":{"rendered":"<p align=\"justify\"><img class=\"aligncenter\" style=\"border: 5px solid  #ff0000;\" src=\"\/tierraparalimpica\/wp-content\/uploads\/sites\/17\/2016\/09\/IMG_6676.jpg\" alt=\"\" width=\"580\" \/><\/p>\n<p>&nbsp;<\/p>\n<p align=\"justify\">\u25b6<span style=\"font-size: large; color: #000000;\"><strong> El t\u00e1ndem ciclista formado por Carlos Gonz\u00e1lez y Noel Infante finalizan s\u00e9ptimos en la prueba de persecuci\u00f3n individual en R\u00edo <\/strong><\/span><\/p>\n<p align=\"justify\">\u25b6<span style=\"font-size: large; color: #000000;\"><strong> La velocista burgalesa Lia Beel, d\u00e9cimo sexta en los 100 metros en su debut en unos Juegos Paral\u00edmpicos <\/strong><\/span><\/p>\n<hr align=\"center\" noshade=\"noshade\" size=\"15\" width=\"200\" \/>\n<p>&nbsp;<\/p>\n<p align=\"justify\"><span style=\"font-size: xx-large;\"><strong>L<\/strong><\/span><span style=\"font-size: medium;\">a primera jornada de los Juegos Paral\u00edmpicos de R\u00edo de Janeiro fue la primera tambi\u00e9n para los deportistas castellanos y leoneses. Fue el d\u00eda de la ilusi\u00f3n para todos ellos. El de los cosquilleos y los problemas para relajarse antes de la gran cita, esa para la que se han preparado concienzudamente durante cuatro a\u00f1os.<\/span><\/p>\n<p align=\"justify\"><span style=\"font-size: medium;\">El <strong>t\u00e1ndem ciclista, formado por el vallisoletano Carlos Gonz\u00e1lez y el abulense Noel Infante<\/strong>, comenz\u00f3 su andadura en Brasil en la <strong>prueba de Persecuci\u00f3n Individual de 4.000 metros<\/strong>. &#8220;No es nuestra prueba, pero ven\u00edamos a hacerlo lo mejor posible&#8221;, indica el corredor abulense, quien gu\u00eda el t\u00e1ndem para su compa\u00f1ero con deficiencia visual.<\/span><\/p>\n<p align=\"justify\"><!--more--><\/p>\n<div style=\"width: 357px\" class=\"wp-caption alignright\"><img class=\" \" style=\"margin: 10px; border: 5px solid #ff0000;\" title=\"Los campeones paral\u00edmpicos en persecuci\u00f3n, los brit\u00e1nicos Steve Bate y Adam Duggleby. \/REUTERS\" src=\"\/tierraparalimpica\/wp-content\/uploads\/sites\/17\/2016\/09\/IMG_6679.jpg\" alt=\"Los campeones paral\u00edmpicos en persecuci\u00f3n, los brit\u00e1nicos Steve Bate y Adam Duggleby. \/REUTERS\" width=\"347\" \/><p class=\"wp-caption-text\">Los campeones paral\u00edmpicos en persecuci\u00f3n, los brit\u00e1nicos Steve Bate y Adam Duggleby. \/REUTERS<\/p><\/div>\n<p align=\"justify\"><span style=\"font-size: medium;\"><strong>El d\u00fao castellano y leon\u00e9s finaliz\u00f3 en s\u00e9ptima posici\u00f3n, con un tiempo de 4 minutos y 19 segundos<\/strong>, por los 4 minutos y ocho segundos de los ganadores, los brit\u00e1nicos Steve Bate y Adam Duggleby. &#8220;Calcul\u00e1bamos estar en esa posici\u00f3n, pero si pens\u00e1bamos hacer tres segundos menos&#8221;, afirma Infante.<\/span><\/p>\n<p align=\"justify\"><span style=\"font-size: medium;\">&#8220;Ahora nos quedan un par de entrenamientos intensos, descansar y <strong>hacerlo lo mejor posible en la contrarreloj, que es la prueba que m\u00e1s hemos preparado<\/strong>&#8220;, concluyen los ciclistas espa\u00f1oles, quienes se adjudicaron el diploma paral\u00edmpico en su primera participaci\u00f3n en una prueba de esta \u00edndole.<\/span><\/p>\n<p>&nbsp;<\/p>\n<p align=\"center\"><iframe loading=\"lazy\" src=\"https:\/\/www.youtube.com\/embed\/lfdb5w0eCAU\" frameborder=\"0\" width=\"520\" height=\"385\"><\/iframe><\/p>\n<p>&nbsp;<\/p>\n<p align=\"justify\"><span style=\"font-size: x-large;\"><strong>Lia Beel, la primera de muchas<\/strong><\/span><\/p>\n<p align=\"justify\"><span style=\"font-size: medium;\">La primera jornada de los Juegos tambi\u00e9n fue muy especial para <strong>la burgalesa Lia Beel<\/strong>. La velocista particip\u00f3 en <strong>la prueba de los 100 libres, en la categor\u00eda T11<\/strong>. La castellano y leonesa, afincada en Madrid donde realiza sus estudios, <strong>finaliz\u00f3 d\u00e9cimo sexta<\/strong>. <\/span><\/p>\n<div style=\"width: 357px\" class=\"wp-caption alignright\"><img class=\" \" style=\"margin: 10px; border: 5px solid #ff0000;\" title=\"Lia Beel, junto a su gu\u00eda David Alonso, y el t\u00e9cnico Javier Alonso \/TIERRA PARAL\u00cdMPICA\" src=\"\/tierraparalimpica\/wp-content\/uploads\/sites\/17\/2016\/09\/IMG_6680.jpg\" alt=\"Lia Beel, junto a su gu\u00eda David Alonso, y el t\u00e9cnico Javier Alonso \/TIERRA PARAL\u00cdMPICA\" width=\"347\" \/><p class=\"wp-caption-text\">Lia Beel, junto a su gu\u00eda David Alonso, y el t\u00e9cnico Javier Alonso \/TIERRA PARAL\u00cdMPICA<\/p><\/div>\n<p align=\"justify\"><span style=\"font-size: medium;\"><strong>Beel, junto a su gu\u00eda David Alonso, termin\u00f3 en cuarta posici\u00f3n en su serie, sin poder acceder a la final<\/strong>, con un tiempo de 13,99. A\u00fan as\u00ed, a L\u00eda nadie la quita la felicidad de haber debutado en la cita m\u00e1s importante del mundo del deporte. <\/span><\/p>\n<p align=\"justify\"><span style=\"font-size: medium;\">La burgalesa tratar\u00e1 de realizar un buen papel <strong>en los 200 metros, el pr\u00f3ximo lunes 12 de septiembre<\/strong>; aunque su objetivo est\u00e1 en el relevo 4&#215;100, donde tratar\u00e1 de pelear con las medallas junto al resto de sus compa\u00f1eras, <a href=\"https:\/\/blogs.elnortedecastilla.es\/tierraparalimpica\/2015\/11\/13\/lia-beel-una-cuestion-de-distancia\/\" target=\"_blank\">con las que logr\u00f3 la presea de bronce en el pasado Mundial de Doha<\/a>.<\/span><\/p>\n<p style=\"text-align: right;\">\n","protected":false},"excerpt":{"rendered":"<p>&nbsp; \u25b6 El t\u00e1ndem ciclista formado por Carlos Gonz\u00e1lez y Noel Infante finalizan s\u00e9ptimos en la prueba de persecuci\u00f3n individual en R\u00edo \u25b6 La velocista burgalesa Lia Beel, d\u00e9cimo sexta en los 100 metros en su debut en unos Juegos Paral\u00edmpicos &nbsp; La primera jornada de los Juegos Paral\u00edmpicos de R\u00edo de Janeiro fue la [&hellip;]<\/p>\n","protected":false},"author":29,"featured_media":0,"comment_status":"open","ping_status":"open","sticky":false,"template":"","format":"standard","meta":[],"categories":[5],"tags":[],"_links":{"self":[{"href":"https:\/\/blogs.elnortedecastilla.es\/tierraparalimpica\/wp-json\/wp\/v2\/posts\/183"}],"collection":[{"href":"https:\/\/blogs.elnortedecastilla.es\/tierraparalimpica\/wp-json\/wp\/v2\/posts"}],"about":[{"href":"https:\/\/blogs.elnortedecastilla.es\/tierraparalimpica\/wp-json\/wp\/v2\/types\/post"}],"author":[{"embeddable":true,"href":"https:\/\/blogs.elnortedecastilla.es\/tierraparalimpica\/wp-json\/wp\/v2\/users\/29"}],"replies":[{"embeddable":true,"href":"https:\/\/blogs.elnortedecastilla.es\/tierraparalimpica\/wp-json\/wp\/v2\/comments?post=183"}],"version-history":[{"count":0,"href":"https:\/\/blogs.elnortedecastilla.es\/tierraparalimpica\/wp-json\/wp\/v2\/posts\/183\/revisions"}],"wp:attachment":[{"href":"https:\/\/blogs.elnortedecastilla.es\/tierraparalimpica\/wp-json\/wp\/v2\/media?parent=183"}],"wp:term":[{"taxonomy":"category","embeddable":true,"href":"https:\/\/blogs.elnortedecastilla.es\/tierraparalimpica\/wp-json\/wp\/v2\/categories?post=183"},{"taxonomy":"post_tag","embeddable":true,"href":"https:\/\/blogs.elnortedecastilla.es\/tierraparalimpica\/wp-json\/wp\/v2\/tags?post=183"}],"curies":[{"name":"wp","href":"https:\/\/api.w.org\/{rel}","templated":true}]}}