{"id":188,"date":"2016-09-10T01:01:01","date_gmt":"2016-09-10T01:01:01","guid":{"rendered":"http:\/\/blogs.elnortedecastilla.es\/tierraparalimpica\/?p=188"},"modified":"2016-09-10T01:01:01","modified_gmt":"2016-09-10T01:01:01","slug":"nuria-marques-convierte-el-agua-en-oro","status":"publish","type":"post","link":"https:\/\/blogs.elnortedecastilla.es\/tierraparalimpica\/2016\/09\/10\/nuria-marques-convierte-el-agua-en-oro\/","title":{"rendered":"N\u00faria Marqu\u00e8s convierte el agua en oro"},"content":{"rendered":"<p align=\"justify\"><img class=\"aligncenter\" style=\"border: 5px solid  #ff0000;\" src=\"\/tierraparalimpica\/wp-content\/uploads\/sites\/17\/2016\/09\/27.jpg\" alt=\"\" width=\"580\" \/><\/p>\n<p>&nbsp;<\/p>\n<p align=\"justify\">\u25b6<span style=\"font-size: large; color: #000000;\"><strong> La nadadora catalana de tan solo 17 a\u00f1os consigue la medalla dorada en los 400 libres <\/strong><\/span><\/p>\n<p align=\"justify\">\u25b6<span style=\"font-size: large; color: #000000;\"><strong> Marqu\u00e8s emociona con unos \u00faltimos 50 metros de fuerza con los que super\u00f3 a la australiana Ellie Cole <\/strong><\/span><\/p>\n<hr align=\"center\" noshade=\"noshade\" size=\"15\" width=\"200\" \/>\n<p>&nbsp;<\/p>\n<p align=\"justify\"><span style=\"font-size: xx-large;\"><strong>E<\/strong><\/span><span style=\"font-size: medium;\">s el sue\u00f1o de mi vida&#8221;. Es la frase que podr\u00eda poner la r\u00fabrica a una dilatada trayectoria. El \u00faltimo cap\u00edtulo de una experiencia vital dedicada al deporte, a la piscina, a ese agua que le ha dado casi todo. <strong>Pero solo tiene 17 insultantes a\u00f1os<\/strong>. Una edad muy temprana como para relatar ep\u00edlogos o despedidas antes de tiempo.<\/span><\/p>\n<p align=\"justify\"><span style=\"font-size: medium;\">A <a href=\"http:\/\/www.paralimpicos.es\/web\/2016RIOPV\/participantes\/datosbiografia.asp?idatleta=48102947B\" target=\"_blank\" rel=\"external nofollow\">N\u00faria Marqu\u00e8s Soto (Barcelona, 1999)<\/a> le queda mucha piscina, pese a que desde este jueves ya puede presumir de haber sobrecogido a todo un pa\u00eds <a href=\"https:\/\/youtu.be\/-FoVA5voteo\" target=\"_blank\" rel=\"external nofollow\">con su medalla de oro en los 400 metros libres<\/a> en el Estadio Acu\u00e1tico de los Juegos Paral\u00edmpicos de R\u00edo de Janeiro<\/span><\/p>\n<p align=\"justify\"><!--more--><\/p>\n<div style=\"width: 357px\" class=\"wp-caption alignright\"><img class=\" \" style=\"margin: 10px; border: 5px solid #ff0000;\" title=\"N\u00faria Marqu\u00e8s posa con su medalla en el Estadio Acu\u00e1tico de R\u00edo. \/ CPE\" src=\"\/tierraparalimpica\/wp-content\/uploads\/sites\/17\/2016\/09\/14734683140488.jpg\" alt=\"N\u00faria Marqu\u00e8s posa con su medalla en el Estadio Acu\u00e1tico de R\u00edo. \/ CPE\" width=\"347\" \/><p class=\"wp-caption-text\">N\u00faria Marqu\u00e8s posa con su medalla en el Estadio Acu\u00e1tico de R\u00edo. \/ CPE<\/p><\/div>\n<p align=\"justify\"><span style=\"font-size: medium;\">&#8220;Es el sue\u00f1o de mi vida&#8221;. El punto y seguido a una carrera que comenz\u00f3 cuando <strong>la nadadora de Castellv\u00ed de Rosanes, en Barcelona<\/strong>, ingres\u00f3 en el <strong>Equipo AXA de Promesas Paral\u00edmpicas<\/strong>, proyecto del Comit\u00e9 Paral\u00edmpico Espa\u00f1ol que tiene sus miras en <strong>los Juegos de Tokio en 2020<\/strong>. N\u00faria se ha saltado unas cuantas brazas. Quiz\u00e1 fueron esas que utiliz\u00f3 en <strong>unos \u00faltimos 50 metros de infarto en la piscina brasile\u00f1a<\/strong> para sobrepasar a la australiana Ellie Cole y <strong>colgarse el dorado por tan solo dos cent\u00e9simas<\/strong>.<\/span><\/p>\n<p align=\"justify\"><span style=\"font-size: medium;\">\u00daltima brazada y <strong>un grito casi un\u00e1nime de sus compa\u00f1eros<\/strong>. De los biso\u00f1os o novatos como ella en estas lindes de aros y antorchas, pero tambi\u00e9n de los veteranos, como <strong>Teresa Perales, quien ya se\u00f1ala a una de sus sucesoras en la nataci\u00f3n paral\u00edmpica espa\u00f1ola<\/strong>.<\/span><\/p>\n<p>&nbsp;<\/p>\n<p align=\"center\"><iframe loading=\"lazy\" src=\"https:\/\/www.youtube.com\/embed\/-FoVA5voteo\" frameborder=\"0\" width=\"520\" height=\"385\"><\/iframe><\/p>\n<p>&nbsp;<\/p>\n<p align=\"justify\"><span style=\"font-size: x-large;\"><strong>Figura en el Campeonato de Espa\u00f1a de Clubes de Valladolid<\/strong><\/span><\/p>\n<p align=\"justify\"><span style=\"font-size: medium;\">La nadadora catalana, pese a su juventud, fue una de las figuras del Campeonato de Espa\u00f1a de Clubes del pasado mes de junio, <a href=\"http:\/\/www.fecledmi.org\/index.php\/comunica\/noticias\/899-el-ademi-tenerife-repite-triunfo-en-el-campeonato-de-espana-de-natacion-adaptada-de-vallacolid\" target=\"_blank\" rel=\"external nofollow\">que se celebr\u00f3 en la Piscina R\u00edo Esgueva de Valladolid<\/a>. La deportista del Club Nataci\u00f3n Martorell es uno de los ejemplos para las decenas de j\u00f3venes nadadores que inician o perfeccionan su vida en la piscina, como es <a href=\"https:\/\/blogs.elnortedecastilla.es\/tierraparalimpica\/2016\/02\/03\/luis-huerta-el-sol-naciente\/\" target=\"_blank\">el caso de su compa\u00f1ero en el Equipo AXA de Promesas Paral\u00edmpicas, el vallisoletano Luis Huerta<\/a>. <\/span><\/p>\n<div style=\"width: 357px\" class=\"wp-caption alignright\"><img class=\" \" style=\"margin: 10px; border: 5px solid #ff0000;\" title=\"N\u00faria Marqu\u00e8s, en el Campeonato de Espa\u00f1a de Valladolid. \/TIERRA PARAL\u00cdMPICA\" src=\"\/tierraparalimpica\/wp-content\/uploads\/sites\/17\/2016\/09\/marques.jpg\" alt=\"N\u00faria Marqu\u00e8s, en el Campeonato de Espa\u00f1a de Valladolid. \/TIERRA PARAL\u00cdMPICA\" width=\"347\" \/><p class=\"wp-caption-text\">N\u00faria Marqu\u00e8s, en el Campeonato de Espa\u00f1a de Valladolid. \/TIERRA PARAL\u00cdMPICA<\/p><\/div>\n<p align=\"justify\"><span style=\"font-size: medium;\">Marqu\u00e8s abre su medalla de oro a la plata lograda por Teresa Perales en la primera jornada, y ense\u00f1a el camino a una delegaci\u00f3n que a buen seguro que se colgar\u00e1 m\u00e1s metales, con la propia catalana en las pruebas de 50 y libres, los 200 estilos, la mariposa o la espalda; u <strong>otros valores seguros como Sarai Gasc\u00f3n, la tinerfe\u00f1a Michelle Alonso o la propia Teresa Perales<\/strong>. <\/span><\/p>\n<p align=\"justify\"><span style=\"font-size: medium;\">La delegaci\u00f3n espa\u00f1ola acumula cuatro medallas en su palmar\u00e9s, tras <strong>el bronce logrado este jueves por el ciclista Alfonso Cabello en ciclismo en pista<\/strong>.<\/span><\/p>\n<p>&nbsp;<\/p>\n<p align=\"center\"><iframe loading=\"lazy\" src=\"https:\/\/www.youtube.com\/embed\/ScVXpNw7Lb8\" frameborder=\"0\" width=\"520\" height=\"385\"><\/iframe><\/p>\n<p>&nbsp;<\/p>\n","protected":false},"excerpt":{"rendered":"<p>&nbsp; \u25b6 La nadadora catalana de tan solo 17 a\u00f1os consigue la medalla dorada en los 400 libres \u25b6 Marqu\u00e8s emociona con unos \u00faltimos 50 metros de fuerza con los que super\u00f3 a la australiana Ellie Cole &nbsp; Es el sue\u00f1o de mi vida&#8221;. Es la frase que podr\u00eda poner la r\u00fabrica a una dilatada [&hellip;]<\/p>\n","protected":false},"author":29,"featured_media":0,"comment_status":"open","ping_status":"open","sticky":false,"template":"","format":"standard","meta":[],"categories":[5],"tags":[],"_links":{"self":[{"href":"https:\/\/blogs.elnortedecastilla.es\/tierraparalimpica\/wp-json\/wp\/v2\/posts\/188"}],"collection":[{"href":"https:\/\/blogs.elnortedecastilla.es\/tierraparalimpica\/wp-json\/wp\/v2\/posts"}],"about":[{"href":"https:\/\/blogs.elnortedecastilla.es\/tierraparalimpica\/wp-json\/wp\/v2\/types\/post"}],"author":[{"embeddable":true,"href":"https:\/\/blogs.elnortedecastilla.es\/tierraparalimpica\/wp-json\/wp\/v2\/users\/29"}],"replies":[{"embeddable":true,"href":"https:\/\/blogs.elnortedecastilla.es\/tierraparalimpica\/wp-json\/wp\/v2\/comments?post=188"}],"version-history":[{"count":0,"href":"https:\/\/blogs.elnortedecastilla.es\/tierraparalimpica\/wp-json\/wp\/v2\/posts\/188\/revisions"}],"wp:attachment":[{"href":"https:\/\/blogs.elnortedecastilla.es\/tierraparalimpica\/wp-json\/wp\/v2\/media?parent=188"}],"wp:term":[{"taxonomy":"category","embeddable":true,"href":"https:\/\/blogs.elnortedecastilla.es\/tierraparalimpica\/wp-json\/wp\/v2\/categories?post=188"},{"taxonomy":"post_tag","embeddable":true,"href":"https:\/\/blogs.elnortedecastilla.es\/tierraparalimpica\/wp-json\/wp\/v2\/tags?post=188"}],"curies":[{"name":"wp","href":"https:\/\/api.w.org\/{rel}","templated":true}]}}