{"id":193,"date":"2016-09-11T23:27:38","date_gmt":"2016-09-11T23:27:38","guid":{"rendered":"http:\/\/blogs.elnortedecastilla.es\/tierraparalimpica\/?p=193"},"modified":"2016-09-11T23:27:38","modified_gmt":"2016-09-11T23:27:38","slug":"puente-de-plata-para-sarai-gascon-hacia-las-medallas","status":"publish","type":"post","link":"https:\/\/blogs.elnortedecastilla.es\/tierraparalimpica\/2016\/09\/11\/puente-de-plata-para-sarai-gascon-hacia-las-medallas\/","title":{"rendered":"Puente de plata para Sarai Gasc\u00f3n"},"content":{"rendered":"<p align=\"justify\"><img class=\"aligncenter\" style=\"border: 5px solid  #ff0000;\" src=\"\/tierraparalimpica\/wp-content\/uploads\/sites\/17\/2016\/09\/20160911-636092198556595875_20160911194703-kYsF@MundoDeportivo-Web.jpg\" alt=\"\" width=\"580\" \/><\/p>\n<p>&nbsp;<\/p>\n<p align=\"justify\">\u25b6<span style=\"font-size: large; color: #000000;\"><strong> La nadadora catalana inicia su camino en los Juegos de R\u00edo con un emocionante segundo puesto en los 200 estilos <\/strong><\/span><\/p>\n<p align=\"justify\">\u25b6<span style=\"font-size: large; color: #000000;\"><strong> La deportista de Terrassa es una de las favoritas para colgarse el oro en las tres pruebas que le quedan en Brasil: los 50 y 100 libres y los 100 mariposa <\/strong><\/span><\/p>\n<hr align=\"center\" noshade=\"noshade\" size=\"15\" width=\"200\" \/>\n<p>&nbsp;<\/p>\n<p align=\"justify\"><span style=\"font-size: xx-large;\"><strong>M<\/strong><\/span><span style=\"font-size: medium;\">iedo, nunca. Vertigo, quiz\u00e1 un poco&#8221;, <a href=\"http:\/\/www.fecledmi.org\/index.php\/comunica\/noticias\/899-el-ademi-tenerife-repite-triunfo-en-el-campeonato-de-espana-de-natacion-adaptada-de-vallacolid\" target=\"_blank\" rel=\"external nofollow\">reconoc\u00eda Sarai Gasc\u00f3n en Valladolid hace poco m\u00e1s de dos meses<\/a>. La <strong>nadadora paral\u00edmpica de 23 a\u00f1os<\/strong> y natural de Terrassa asum\u00eda con naturalidad ese halo de favorita, de estandarte y&#8230; por qu\u00e9 no, de figura del deporte espa\u00f1ol en los Juegos de R\u00edo.<\/span><\/p>\n<p align=\"justify\"><span style=\"font-size: medium;\">La catalana, una de las veteranas de la expedici\u00f3n del equipo nacional en Brasil -en su trayectoria ya est\u00e1n los Juegos de Pek\u00edn y Londres-, inici\u00f3 este domingo su camino en <strong>sus terceras Paralimpiadas con la medalla de plata en los 200 estilos<\/strong>. <\/span><\/p>\n<p align=\"justify\"><!--more--><\/p>\n<div style=\"width: 357px\" class=\"wp-caption alignright\"><img class=\" \" style=\"margin: 10px; border: 5px solid #ff0000;\" title=\"Sarai Gasc\u00f3n, durante la prueba de los 200 estilos en R\u00edo. \/ EFE\" src=\"\/tierraparalimpica\/wp-content\/uploads\/sites\/17\/2016\/09\/14736289398815.jpg\" alt=\"Sarai Gasc\u00f3n, durante la prueba de los 200 estilos en R\u00edo. \/ EFE\" width=\"347\" \/><p class=\"wp-caption-text\">Sarai Gasc\u00f3n, durante la prueba de los 200 estilos en R\u00edo. \/ EFE<\/p><\/div>\n<p align=\"justify\"><span style=\"font-size: medium;\">Gasc\u00f3n, sexta en esta misma prueba en 2012, vio el haz del oro, lo sinti\u00f3, porque lo dio &#8220;todo&#8221; en la \u00faltima posta. <strong>Fueron \u00faltimos 50 metros de infarto<\/strong>. De esos de &#8220;p\u00f3ngame la repetici\u00f3n, que no me canso de verla&#8221;. Sarai se lanz\u00f3 a por la medalla, <strong>por aquello de por qu\u00e9 esperar a lograr el sue\u00f1o del oro paral\u00edmpico<\/strong>, despu\u00e9s de la plata en los 100 braza de Pek\u00edn y la plata en los 100 mariposa y el bronce en los 100 libre de Londres.<\/span><\/p>\n<p align=\"justify\"><span style=\"font-size: medium;\">En la piscina, y tras superar esa espalda que la lastr\u00f3 en su debut en el Acu\u00e1tico de R\u00edo, <strong>solo se cruz\u00f3 la china Ping Li<\/strong>, quien asol\u00f3 al resto en 50 metros dif\u00edcilmente mejorables. Para ella fue el oro, pero solo por dos d\u00e9cimas (2:35.64), <strong>por los 2:35:84 de la nadadora del Club Nataci\u00f3 Terrassa<\/strong>. <\/span><\/p>\n<p>&nbsp;<\/p>\n<p align=\"center\"><iframe loading=\"lazy\" src=\"https:\/\/www.youtube.com\/embed\/z1_ddGqGrmA\" frameborder=\"0\" width=\"520\" height=\"385\"><\/iframe><\/p>\n<p>&nbsp;<\/p>\n<p align=\"justify\"><span style=\"font-size: x-large;\"><strong>Tres opciones de oro en R\u00edo<\/strong><\/span><\/p>\n<p align=\"justify\"><span style=\"font-size: medium;\">&#8220;Los Juegos son los m\u00e1ximo. Cada vez son m\u00e1s importantes. <strong>El deporte paral\u00edmpico ha avanzado mucho en los \u00faltimos a\u00f1os<\/strong>, pese a que a\u00fan haya gente que no se entera, <a href=\"https:\/\/blogs.elnortedecastilla.es\/tierraparalimpica\/2016\/07\/01\/si-eres-paralimpico-pagas\/\" target=\"_blank\">como sucedi\u00f3 con Joma<\/a>&#8220;, explica Gasc\u00f3n, una de las m\u00e1s cr\u00edticas con la decisi\u00f3n de la marca manchega de <strong>tratar de forma distinta a los ol\u00edmpicos y paral\u00edmpicos<\/strong>. <\/span><\/p>\n<div style=\"width: 357px\" class=\"wp-caption alignright\"><img class=\" \" style=\"margin: 10px; border: 5px solid #ff0000;\" title=\"Sarai  Gasc\u00f3n, en Valladolid, junto a Marqu\u00e8s e Isabel Yinghua. \/FECLEDMI\" src=\"\/tierraparalimpica\/wp-content\/uploads\/sites\/17\/2016\/09\/PODIOFEMENINO.jpg\" alt=\"Sarai  Gasc\u00f3n, en Valladolid, junto a Marqu\u00e8s e Isabel Yinghua. \/FECLEDMI\" width=\"347\" \/><p class=\"wp-caption-text\">Sarai Gasc\u00f3n, en Valladolid, junto a Marqu\u00e8s e Isabel Yinghua. \/FECLEDMI<\/p><\/div>\n<p align=\"justify\"><span style=\"font-size: medium;\">Una muestra m\u00e1s de la capacidad de liderazgo de una de las nadadoras m\u00e1s importantes del panorama internacional, y quien, junto a N\u00faria Marqu\u00e8s, <strong>est\u00e1 llamada a suceder a Teresa Perales<\/strong>.<\/span><\/p>\n<p align=\"justify\"><span style=\"font-size: medium;\">Sarai inici\u00f3 su trayectoria en R\u00edo con una plata, en la que no era su prueba, pero <strong>la catalana tendr\u00e1 tres ocasiones m\u00e1s de tratar de tocar ese dorado<\/strong> que este domingo sinti\u00f3 tan cerca. <strong>Tratar\u00e1 de colg\u00e1rselo en los 50 y 100 libres; o en los 100 mariposa<\/strong>.<\/span><\/p>\n<p align=\"justify\"><span style=\"font-size: medium;\">Los 200 estilos tambi\u00e9n contaron <a href=\"https:\/\/blogs.elnortedecastilla.es\/tierraparalimpica\/2016\/09\/10\/nuria-marques-convierte-el-agua-en-oro\/\" target=\"_blank\">con la ya campeona paral\u00edmpica N\u00faria Marqu\u00e8s<\/a>. La nadadora de Martorell <strong>fue quinta tras un gran inicio<\/strong>, que la llev\u00f3 a liderar la prueba durante muchos segundos.<\/span><\/p>\n<div style=\"width: 357px\" class=\"wp-caption alignright\"><img class=\" \" style=\"margin: 10px; border: 5px solid #ff0000;\" title=\"\u00c1lvaro Varela, en la final de tenis de mesa. \/REUTERS\" src=\"\/tierraparalimpica\/wp-content\/uploads\/sites\/17\/2016\/09\/valera-final-k4qG@abc.jpg\" alt=\"\u00c1lvaro Varela, en la final de tenis de mesa. \/REUTERS\" width=\"347\" \/><p class=\"wp-caption-text\">\u00c1lvaro Varela, en la final de tenis de mesa. \/REUTERS<\/p><\/div>\n<p align=\"justify\"><span style=\"font-size: medium;\">En lo que respecta al resto de la delegaci\u00f3n espa\u00f1ola, cabe destacar <strong>la medalla de plata lograda por \u00c1lvaro Varela en tenis de mesa<\/strong>. El sevillano no pudo con el dan\u00e9s Peter Rosenmeier (2-3). El andaluz se impuso en el primer set y en el tercero, pero el norteeuropeo se sobrepuso a un inicio titubeante para terminar sin dar opciones al espa\u00f1ol.<\/span><\/p>\n<p align=\"justify\"><span style=\"font-size: medium;\">Adem\u00e1s, <strong>Espa\u00f1a sum\u00f3 una nueva medalla -la novena- gracias al tr\u00edo ciclista formado por Amador Granados, Eduardo Santas y Alfonso Cabello<\/strong>, que obtuvo la medalla de bronce en la velocidad por equipos, lo que supone la primera medalla espa\u00f1ola en esta prueba en la historia de los Juegos Paral\u00edmpicos.<\/span><\/p>\n<p>&nbsp;<\/p>\n<p align=\"center\"><iframe loading=\"lazy\" src=\"https:\/\/www.youtube.com\/embed\/1z7qd1NBgOU\" frameborder=\"0\" width=\"520\" height=\"385\"><\/iframe><\/p>\n<p>&nbsp;<\/p>\n","protected":false},"excerpt":{"rendered":"<p>&nbsp; \u25b6 La nadadora catalana inicia su camino en los Juegos de R\u00edo con un emocionante segundo puesto en los 200 estilos \u25b6 La deportista de Terrassa es una de las favoritas para colgarse el oro en las tres pruebas que le quedan en Brasil: los 50 y 100 libres y los 100 mariposa &nbsp; [&hellip;]<\/p>\n","protected":false},"author":29,"featured_media":0,"comment_status":"open","ping_status":"open","sticky":false,"template":"","format":"standard","meta":[],"categories":[5],"tags":[],"_links":{"self":[{"href":"https:\/\/blogs.elnortedecastilla.es\/tierraparalimpica\/wp-json\/wp\/v2\/posts\/193"}],"collection":[{"href":"https:\/\/blogs.elnortedecastilla.es\/tierraparalimpica\/wp-json\/wp\/v2\/posts"}],"about":[{"href":"https:\/\/blogs.elnortedecastilla.es\/tierraparalimpica\/wp-json\/wp\/v2\/types\/post"}],"author":[{"embeddable":true,"href":"https:\/\/blogs.elnortedecastilla.es\/tierraparalimpica\/wp-json\/wp\/v2\/users\/29"}],"replies":[{"embeddable":true,"href":"https:\/\/blogs.elnortedecastilla.es\/tierraparalimpica\/wp-json\/wp\/v2\/comments?post=193"}],"version-history":[{"count":0,"href":"https:\/\/blogs.elnortedecastilla.es\/tierraparalimpica\/wp-json\/wp\/v2\/posts\/193\/revisions"}],"wp:attachment":[{"href":"https:\/\/blogs.elnortedecastilla.es\/tierraparalimpica\/wp-json\/wp\/v2\/media?parent=193"}],"wp:term":[{"taxonomy":"category","embeddable":true,"href":"https:\/\/blogs.elnortedecastilla.es\/tierraparalimpica\/wp-json\/wp\/v2\/categories?post=193"},{"taxonomy":"post_tag","embeddable":true,"href":"https:\/\/blogs.elnortedecastilla.es\/tierraparalimpica\/wp-json\/wp\/v2\/tags?post=193"}],"curies":[{"name":"wp","href":"https:\/\/api.w.org\/{rel}","templated":true}]}}