{"id":199,"date":"2016-09-13T01:08:46","date_gmt":"2016-09-13T01:08:46","guid":{"rendered":"http:\/\/blogs.elnortedecastilla.es\/tierraparalimpica\/?p=199"},"modified":"2016-09-13T01:08:46","modified_gmt":"2016-09-13T01:08:46","slug":"donde-esta-poseidon","status":"publish","type":"post","link":"https:\/\/blogs.elnortedecastilla.es\/tierraparalimpica\/2016\/09\/13\/donde-esta-poseidon\/","title":{"rendered":"\u00bfD\u00f3nde est\u00e1 Poseid\u00f3n?"},"content":{"rendered":"<p align=\"justify\"><img class=\"aligncenter\" style=\"border: 5px solid  #ff0000;\" src=\"\/tierraparalimpica\/wp-content\/uploads\/sites\/17\/2016\/09\/ariadnaedo.jpg\" alt=\"\" width=\"580\" \/><\/p>\n<p>&nbsp;<\/p>\n<p align=\"justify\">\u25b6<span style=\"font-size: large; color: #000000;\"><strong> Las nadadoras del equipo paral\u00edmpico espa\u00f1ol acaparan el protagonismo con las cinco medallas logradas en la piscina <\/strong><\/span><\/p>\n<p align=\"justify\">\u25b6<span style=\"font-size: large; color: #000000;\"><strong> Sarai Gasc\u00f3n y Ariadna Edo suman dos nuevos metales para Espa\u00f1a en una jornada marcada por los cuartos puestos de Isabel Yinghua, N\u00faria Marqu\u00e8s y Teresa Perales <\/strong><\/span><\/p>\n<hr align=\"center\" noshade=\"noshade\" size=\"15\" width=\"200\" \/>\n<p>&nbsp;<\/p>\n<p align=\"justify\"><span style=\"font-size: xx-large;\"><strong>D<\/strong><\/span><span style=\"font-size: medium;\">el dios del mar, apenas queda el tridente. No hay lugar para la mitolog\u00eda masculina en el equipo espa\u00f1ol paral\u00edmpico en la piscina. El agua es cosa de ellas. <strong>Sarai Gasc\u00f3n, Teresa Perales, N\u00faria Marqu\u00e8s, Ariadna Edo, Isabel Yingua o Michelle Alonso<\/strong> escenifican a la perfecci\u00f3n la corona de la deidad griega.<\/span><\/p>\n<p align=\"justify\"><span style=\"font-size: medium;\">Convertidas en las particulares musas -por su trabajo y sus resultados-, las nadadoras del equipo espa\u00f1ol siguen copando los metales en el Estadio Acu\u00e1tico de R\u00edo de Janeiro. Ellas, cuales sirenas cantarinas -solo que en vez de atraer a Ulises, tienen devoci\u00f3n por las medallas-, <strong>son las protagonistas con las cinco preseas logradas en la piscina brasile\u00f1a para el equipo espa\u00f1ol<\/strong>. <\/span><\/p>\n<p align=\"justify\"><!--more--><\/p>\n<div style=\"width: 357px\" class=\"wp-caption alignright\"><img class=\" \" style=\"margin: 10px; border: 5px solid #ff0000;\" title=\"Sarai Gasc\u00f3n posa con la plata de los 100 libres. \/ CPE\" src=\"\/tierraparalimpica\/wp-content\/uploads\/sites\/17\/2016\/09\/sarai1.jpg\" alt=\"Sarai Gasc\u00f3n posa con la plata de los 100 libres. \/ CPE\" width=\"347\" \/><p class=\"wp-caption-text\">Sarai Gasc\u00f3n posa con la plata de los 100 libres. \/ CPE<\/p><\/div>\n<p align=\"justify\"><span style=\"font-size: medium;\"><strong>Sarai Gasc\u00f3n lidera el bot\u00edn con dos platas<\/strong>, gracias al segundo puesto logrado este lunes en la prueba de 100 metros libres, <a href=\"https:\/\/blogs.elnortedecastilla.es\/tierraparalimpica\/2016\/09\/11\/puente-de-plata-para-sarai-gascon-hacia-las-medallas\/\" target=\"_blank\">que sum\u00f3 al conseguido el pasado domingo en los 200 estilos<\/a>. Precisamente, en los 100 se vivi\u00f3 uno de los momentazos de los Juegos para la delegaci\u00f3n espa\u00f1ola. <strong>Gasc\u00f3n comparti\u00f3 protagonismo con N\u00faria Marqu\u00e9s<\/strong>, en una &#8216;carrera&#8217; con posibilidades de podio para ambas. <\/span><\/p>\n<p align=\"justify\"><span style=\"font-size: medium;\">Fueron <strong>segunda y cuarta, con r\u00e9cord de Europa incluido para Sarai (1:02.81)<\/strong>, quien, a\u00fan as\u00ed, no ocult\u00f3 cierta frustraci\u00f3n por no lograr ese ansiado dorado. No ser\u00e1 su \u00faltima oportunidad, porque <strong>este mismo martes luchar\u00e1 por conseguirlo en los 50 libres<\/strong>, donde previsiblemente volver\u00e1 a tener a Marqu\u00e8s de compa\u00f1era y rival.<\/span><\/p>\n<p>&nbsp;<\/p>\n<p align=\"center\"><iframe loading=\"lazy\" src=\"https:\/\/www.youtube.com\/embed\/_c9lq7djsnU\" frameborder=\"0\" width=\"520\" height=\"385\"><\/iframe><\/p>\n<p>&nbsp;<\/p>\n<p align=\"justify\"><span style=\"font-size: x-large;\"><strong>Ariadna Edo irrumpe en la Odisea espa\u00f1ola<\/strong><\/span><\/p>\n<p align=\"justify\"><span style=\"font-size: medium;\">En el mar brasile\u00f1o, en el que aletean con \u00e9xito las sirenas espa\u00f1olas, tambi\u00e9n <strong>cabe destacar la actuaci\u00f3n de la debutante Ariadna Edo<\/strong>. &#8216;Ari&#8217;, alumna aventajada del Proyecto AXA Promesas Paral\u00edmpicas, se colg\u00f3 este lunes su primera medalla paral\u00edmpica. <strong>La castellonense logr\u00f3 el bronce en los 400 libres<\/strong> y <a href=\"https:\/\/blogs.elnortedecastilla.es\/tierraparalimpica\/2016\/09\/10\/nuria-marques-convierte-el-agua-en-oro\/\" target=\"_blank\">emul\u00f3 a N\u00faria Marqu\u00e9s, otra de las musas del Acu\u00e1tico de R\u00edo<\/a>, e igualmente hija del Equipo AXA. <\/span><\/p>\n<div style=\"width: 357px\" class=\"wp-caption alignright\"><img class=\" \" style=\"margin: 10px; border: 5px solid #ff0000;\" title=\"Ariadna Edo posa con su medalla de bronce. \/CPE\" src=\"\/tierraparalimpica\/wp-content\/uploads\/sites\/17\/2016\/09\/ARIEDO.jpg\" alt=\"Ariadna Edo posa con su medalla de bronce. \/CPE\" width=\"347\" \/><p class=\"wp-caption-text\">Ariadna Edo posa con su medalla de bronce. \/CPE<\/p><\/div>\n<p align=\"justify\"><span style=\"font-size: medium;\">Junto a Ariadna o a Sarai, tambi\u00e9n contribuyen al encantamiento que vive la piscina carioca <strong>Isabel Yingua o Teresa Perales<\/strong>. La primera, quien debut\u00f3 en R\u00edo este domingo, <strong>alcanz\u00f3 el cuarto puesto en los 100 mariposa, con r\u00e9cord de Espa\u00f1a incluido<\/strong>.<\/span><\/p>\n<p align=\"justify\"><span style=\"font-size: medium;\">Peor le supo la mal llamada medalla de chocolate a Perales. Acostumbrada a subirse al podio en todas sus participaciones paral\u00edmpicas hasta llegar a Brasil, <strong>la nadadora ma\u00f1a se qued\u00f3 con el cuarto puesto en los 50 libres<\/strong>, pese a pelear por el tercer caj\u00f3n hasta el final. A\u00fan as\u00ed, Teresa ya cuenta en su poder con la medalla en los 200 libres.<br \/>\n<\/span><\/p>\n<p align=\"justify\"><span style=\"font-size: medium;\"><strong>La canaria Judith Rolo, con su quinto puesto en los 50 mariposa<\/strong>, y con las medallas que se esperan de las &#8216;sirenas&#8217; o de otras que se sumen, como Michelle Alonso, no es de extra\u00f1ar que Homero podr\u00eda reescribir su obra magna, con un nuevo canto dedicado a todas ellas. <\/span><\/p>\n<p>&nbsp;<\/p>\n<p align=\"center\"><iframe loading=\"lazy\" src=\"https:\/\/www.youtube.com\/embed\/RCyoC2KUpTE\" frameborder=\"0\" width=\"520\" height=\"385\"><\/iframe><\/p>\n<p>&nbsp;<\/p>\n","protected":false},"excerpt":{"rendered":"<p>&nbsp; \u25b6 Las nadadoras del equipo paral\u00edmpico espa\u00f1ol acaparan el protagonismo con las cinco medallas logradas en la piscina \u25b6 Sarai Gasc\u00f3n y Ariadna Edo suman dos nuevos metales para Espa\u00f1a en una jornada marcada por los cuartos puestos de Isabel Yinghua, N\u00faria Marqu\u00e8s y Teresa Perales &nbsp; Del dios del mar, apenas queda el [&hellip;]<\/p>\n","protected":false},"author":29,"featured_media":0,"comment_status":"open","ping_status":"open","sticky":false,"template":"","format":"standard","meta":[],"categories":[5],"tags":[],"_links":{"self":[{"href":"https:\/\/blogs.elnortedecastilla.es\/tierraparalimpica\/wp-json\/wp\/v2\/posts\/199"}],"collection":[{"href":"https:\/\/blogs.elnortedecastilla.es\/tierraparalimpica\/wp-json\/wp\/v2\/posts"}],"about":[{"href":"https:\/\/blogs.elnortedecastilla.es\/tierraparalimpica\/wp-json\/wp\/v2\/types\/post"}],"author":[{"embeddable":true,"href":"https:\/\/blogs.elnortedecastilla.es\/tierraparalimpica\/wp-json\/wp\/v2\/users\/29"}],"replies":[{"embeddable":true,"href":"https:\/\/blogs.elnortedecastilla.es\/tierraparalimpica\/wp-json\/wp\/v2\/comments?post=199"}],"version-history":[{"count":0,"href":"https:\/\/blogs.elnortedecastilla.es\/tierraparalimpica\/wp-json\/wp\/v2\/posts\/199\/revisions"}],"wp:attachment":[{"href":"https:\/\/blogs.elnortedecastilla.es\/tierraparalimpica\/wp-json\/wp\/v2\/media?parent=199"}],"wp:term":[{"taxonomy":"category","embeddable":true,"href":"https:\/\/blogs.elnortedecastilla.es\/tierraparalimpica\/wp-json\/wp\/v2\/categories?post=199"},{"taxonomy":"post_tag","embeddable":true,"href":"https:\/\/blogs.elnortedecastilla.es\/tierraparalimpica\/wp-json\/wp\/v2\/tags?post=199"}],"curies":[{"name":"wp","href":"https:\/\/api.w.org\/{rel}","templated":true}]}}