{"id":205,"date":"2016-09-13T23:15:55","date_gmt":"2016-09-13T23:15:55","guid":{"rendered":"http:\/\/blogs.elnortedecastilla.es\/tierraparalimpica\/?p=205"},"modified":"2016-09-13T23:15:55","modified_gmt":"2016-09-13T23:15:55","slug":"en-rio-sales-a-la-pista-y-retumba-todo","status":"publish","type":"post","link":"https:\/\/blogs.elnortedecastilla.es\/tierraparalimpica\/2016\/09\/13\/en-rio-sales-a-la-pista-y-retumba-todo\/","title":{"rendered":"&#8220;En R\u00edo, sales a la pista y retumba todo&#8221;"},"content":{"rendered":"<p align=\"justify\"><img class=\"aligncenter\" style=\"border: 5px solid  #ff0000;\" src=\"\/tierraparalimpica\/wp-content\/uploads\/sites\/17\/2016\/09\/14184344_10207284264209221_4060262003806483945_n.jpg\" alt=\"\" width=\"580\" \/><\/p>\n<p>&nbsp;<\/p>\n<p align=\"justify\">\u25b6<span style=\"font-size: large; color: #000000;\"><strong> La burgalesa L\u00eda Beel busca la medalla este mi\u00e9rcoles con al equipo espa\u00f1ol del relevo 4&#215;100 (23:49 horas, Teledeporte) <\/strong><\/span><\/p>\n<p align=\"justify\">\u25b6<span style=\"font-size: large; color: #000000;\"><strong> El equipo nacional paral\u00edmpico competir\u00e1 contra Brasil, China y Colombia <\/strong><\/span><\/p>\n<hr align=\"center\" noshade=\"noshade\" size=\"15\" width=\"200\" \/>\n<p>&nbsp;<\/p>\n<p align=\"justify\"><span style=\"font-size: xx-large;\"><strong>A<\/strong><\/span><span style=\"font-size: medium;\"> <a href=\"https:\/\/blogs.elnortedecastilla.es\/tierraparalimpica\/2015\/11\/13\/lia-beel-una-cuestion-de-distancia\/\" target=\"_blank\">L\u00eda Beel (Burgos, 1995)<\/a> le ha llegado su momento en los Juegos Paral\u00edmpicos de R\u00edo de Janeiro. La velocista burgalesa, <strong>quien ya ha participado en los 100 y 200 metros lisos<\/strong> con unas marcas similares a las esperadas, competir\u00e1 <strong>este mi\u00e9rcoles en la final del relevo 4&#215;100 T11-T13<\/strong> (deficientes visuales) .<\/span><\/p>\n<p align=\"justify\"><span style=\"font-size: medium;\">&#8220;Es el momentazo, y el gran objetivo de R\u00edo&#8221;, explica tranquila, pese a la proximidad de la cita con el tart\u00e1n. &#8220;Comenc\u00e9 con malas sensaciones en el 100, pero en el 200 el pasado lunes ya estuve m\u00e1s a gusto&#8221;, analiza la joven burgalesa, quien <strong>finaliz\u00f3 d\u00e9cimo sexta y d\u00e9cimo quinta en las dos pruebas de velocidad<\/strong>. <\/span><\/p>\n<p align=\"justify\"><!--more--><\/p>\n<p align=\"justify\"><span style=\"font-size: medium;\">&#8220;Es mi primera experiencia en unos Juegos y me quiero quedar con todo. Sin duda, una de las principales diferencias es que pese a no ver, percibes el aliento de la gente. En R\u00edo son s\u00faper bulliciosos. <strong>A m\u00ed me ha tocado correr con brasile\u00f1as en las dos pruebas y sales a la pista y retumba todo<\/strong>&#8220;, se\u00f1ala Beel, quien siempre compite junto a su gu\u00eda David Alonso, sus ojos en el tart\u00e1n.<\/span><\/p>\n<p>&nbsp;<\/p>\n<p align=\"center\"><iframe loading=\"lazy\" src=\"https:\/\/www.youtube.com\/embed\/DxcGU2Q5v64\" frameborder=\"0\" width=\"520\" height=\"385\"><\/iframe><\/p>\n<p>&nbsp;<\/p>\n<p align=\"justify\"><span style=\"font-size: x-large;\"><strong>&#8220;El relevo es una prueba aleatoria&#8221;<\/strong><\/span><\/p>\n<div style=\"width: 357px\" class=\"wp-caption alignright\"><img class=\" \" style=\"margin: 10px; border: 5px solid #ff0000;\" title=\"L\u00eda Beel, en el relevo 4x100 del Mundial de Doha. \/TIERRA PARAL\u00cdMPICA\" src=\"\/tierraparalimpica\/wp-content\/uploads\/sites\/17\/2015\/11\/LiaBeel1.jpg\" alt=\"L\u00eda Beel, en el relevo 4x100 del Mundial de Doha. \/TIERRA PARAL\u00cdMPICA\" width=\"347\" \/><p class=\"wp-caption-text\">L\u00eda Beel, en el relevo 4x100 del Mundial de Doha. \/TIERRA PARAL\u00cdMPICA<\/p><\/div>\n<p align=\"justify\"><span style=\"font-size: medium;\">L\u00eda entiende que la medalla es posible. &#8220;Tenemos el tercer mejor tiempo, pero el relevo es una prueba aleatoria&#8221;, defiende con seriedad. &#8220;Solo hay que ver lo que le ha sucedido al equipo masculino. Tienen un equipazo y tanto en Londres como en Brasil no han conseguido terminar la prueba al no llegar el testigo&#8221;, afirma en relaci\u00f3n a la ca\u00edda de Enrique, uno de los gu\u00edas, y <strong>la posterior descalificaci\u00f3n que sufri\u00f3 el relevo 4&#215;100 masculino en el Estadio Ol\u00edmpico<\/strong>. <\/span><\/p>\n<p align=\"justify\"><span style=\"font-size: medium;\">&#8220;Hay que ser prudentes. <strong>Ganamos el bronce en el Mundial de Doha<\/strong>, pero China es un equipazo y Brasil corre en casa. La presi\u00f3n es para ellas. Luego estamos Colombia y nosotras&#8221;, agrega.<\/span><\/p>\n<p align=\"justify\"><span style=\"font-size: medium;\">El relevo espa\u00f1ol estar\u00e1 formado, junto a Lia y su gu\u00eda David, por <strong>la madrile\u00f1a Sara Mart\u00ednez, la sevillana Sara Fern\u00e1ndez y la catalana Melany Berg\u00e9s<\/strong>. Las cuatro corredoras lograron la presea de bronce en Doha el pasado a\u00f1o tras la descalificaci\u00f3n del equipo brasile\u00f1o, de ah\u00ed que las diferencias sean muy justas y la prueba pueda ser tan &#8220;aleatoria&#8221;.<\/span><\/p>\n<p align=\"justify\"><span style=\"font-size: medium;\">La final del relevo 4&#215;100 est\u00e1 fijada <strong>para las 23:49 horas -hora espa\u00f1ola-, con la se\u00f1al en directo de Teledeporte<\/strong>.<\/span><\/p>\n<p>&nbsp;<\/p>\n","protected":false},"excerpt":{"rendered":"<p>&nbsp; \u25b6 La burgalesa L\u00eda Beel busca la medalla este mi\u00e9rcoles con al equipo espa\u00f1ol del relevo 4&#215;100 (23:49 horas, Teledeporte) \u25b6 El equipo nacional paral\u00edmpico competir\u00e1 contra Brasil, China y Colombia &nbsp; A L\u00eda Beel (Burgos, 1995) le ha llegado su momento en los Juegos Paral\u00edmpicos de R\u00edo de Janeiro. La velocista burgalesa, quien [&hellip;]<\/p>\n","protected":false},"author":29,"featured_media":0,"comment_status":"open","ping_status":"open","sticky":false,"template":"","format":"standard","meta":[],"categories":[5],"tags":[],"_links":{"self":[{"href":"https:\/\/blogs.elnortedecastilla.es\/tierraparalimpica\/wp-json\/wp\/v2\/posts\/205"}],"collection":[{"href":"https:\/\/blogs.elnortedecastilla.es\/tierraparalimpica\/wp-json\/wp\/v2\/posts"}],"about":[{"href":"https:\/\/blogs.elnortedecastilla.es\/tierraparalimpica\/wp-json\/wp\/v2\/types\/post"}],"author":[{"embeddable":true,"href":"https:\/\/blogs.elnortedecastilla.es\/tierraparalimpica\/wp-json\/wp\/v2\/users\/29"}],"replies":[{"embeddable":true,"href":"https:\/\/blogs.elnortedecastilla.es\/tierraparalimpica\/wp-json\/wp\/v2\/comments?post=205"}],"version-history":[{"count":0,"href":"https:\/\/blogs.elnortedecastilla.es\/tierraparalimpica\/wp-json\/wp\/v2\/posts\/205\/revisions"}],"wp:attachment":[{"href":"https:\/\/blogs.elnortedecastilla.es\/tierraparalimpica\/wp-json\/wp\/v2\/media?parent=205"}],"wp:term":[{"taxonomy":"category","embeddable":true,"href":"https:\/\/blogs.elnortedecastilla.es\/tierraparalimpica\/wp-json\/wp\/v2\/categories?post=205"},{"taxonomy":"post_tag","embeddable":true,"href":"https:\/\/blogs.elnortedecastilla.es\/tierraparalimpica\/wp-json\/wp\/v2\/tags?post=205"}],"curies":[{"name":"wp","href":"https:\/\/api.w.org\/{rel}","templated":true}]}}