{"id":209,"date":"2016-09-14T11:20:22","date_gmt":"2016-09-14T11:20:22","guid":{"rendered":"http:\/\/blogs.elnortedecastilla.es\/tierraparalimpica\/?p=209"},"modified":"2016-09-14T11:20:22","modified_gmt":"2016-09-14T11:20:22","slug":"el-tandem-olimpico-contra-el-cronometro","status":"publish","type":"post","link":"https:\/\/blogs.elnortedecastilla.es\/tierraparalimpica\/2016\/09\/14\/el-tandem-olimpico-contra-el-cronometro\/","title":{"rendered":"El t\u00e1ndem ol\u00edmpico, contra el cron\u00f3metro"},"content":{"rendered":"<p align=\"justify\"><img class=\"aligncenter\" style=\"border: 5px solid  #ff0000;\" src=\"\/tierraparalimpica\/wp-content\/uploads\/sites\/17\/2016\/09\/14224722_1252064174860096_5260402501742051661_n.jpg\" alt=\"\" width=\"580\" \/><\/p>\n<p>&nbsp;<\/p>\n<p align=\"justify\">\u25b6<span style=\"font-size: large; color: #000000;\"><strong> El vallisoletano Carlos Gonz\u00e1lez y el abulense Noel Infante participan este mi\u00e9rcoles en la contrarreloj de los Juegos (18:51 horas, Teledeporte) <\/strong><\/span><\/p>\n<p align=\"justify\">\u25b6<span style=\"font-size: large; color: #000000;\"><strong> \u201cEstamos desando demostrar de lo que somos capaces y luchar por una medalla\u201d <\/strong><\/span><\/p>\n<hr align=\"center\" noshade=\"noshade\" size=\"15\" width=\"200\" \/>\n<p>&nbsp;<\/p>\n<p align=\"justify\"><span style=\"font-size: xx-large;\"><strong>E<\/strong><\/span><span style=\"font-size: medium;\">l t\u00e1ndem ol\u00edmpico, o lo que es lo mismo <strong>el vallisoletano Carlos Gonz\u00e1lez y el abulense Noel Infante<\/strong>, luchar\u00e1n este mi\u00e9rcoles por una medalla en la <strong>contrarreloj clase C5 en los Juegos Paral\u00edmpicos de R\u00edo de Janeiro<\/strong>.<\/span><\/p>\n<p align=\"justify\"><span style=\"font-size: medium;\">Carlos, con deficiencia visual, y su gu\u00eda y compa\u00f1ero infatigable, han apurado las \u00faltimas horas de entrenamientos, de puesta a punto, para llegar en las mejores condiciones a su prueba, porque ambos la tienen se\u00f1alada como \u201cla favorita\u201d. <strong>\u201cEstamos deseando demostrar de los que somos capaces y luchar por la medalla\u201d<\/strong>, defienden. <\/span><\/p>\n<p align=\"justify\"><!--more--><\/p>\n<p align=\"justify\"><span style=\"font-size: medium;\">El t\u00e1ndem, <strong>cuyo trabajo se ha fraguado durante m\u00e1s de tres a\u00f1os para momentos como este en la capital carioca<\/strong>, tratar\u00e1 de superar los problemas en el cambio de la bicicleta, que les han lastrado durante las \u00faltimas jornadas para \u201cestar los m\u00e1s adelante posible\u201d.<\/span><\/p>\n<p>&nbsp;<\/p>\n<p align=\"center\"><iframe loading=\"lazy\" src=\"https:\/\/www.youtube.com\/embed\/biCe9PiRACE\" frameborder=\"0\" width=\"520\" height=\"385\"><\/iframe><\/p>\n<p>&nbsp;<\/p>\n<div style=\"width: 357px\" class=\"wp-caption alignright\"><img class=\" \" style=\"margin: 10px; border: 5px solid #ff0000;\" title=\"Noel Infante y Carlos Gonz\u00e1lez, en R\u00edo. \/TIERRA PARAL\u00cdMPICA\" src=\"\/tierraparalimpica\/wp-content\/uploads\/sites\/17\/2016\/09\/14224863_2102079140017949_7075395174997035638_n.jpg\" alt=\"Noel Infante y Carlos Gonz\u00e1lez, en R\u00edo. \/TIERRA PARAL\u00cdMPICA\" width=\"347\" \/><p class=\"wp-caption-text\">Noel Infante y Carlos Gonz\u00e1lez, en R\u00edo. \/TIERRA PARAL\u00cdMPICA<\/p><\/div>\n<p align=\"justify\"><span style=\"font-size: medium;\">El d\u00fao espa\u00f1ol tiene fijada su participaci\u00f3n en la <strong>contrarreloj para las 18:51 horas \u2013hora espa\u00f1ola- y los aficionados podr\u00e1n seguirlo en directo por Teledeporte<\/strong>.<\/span><\/p>\n<p align=\"justify\"><span style=\"font-size: medium;\">\u201cTenemos muchas ganas de hacerlo muy bien y creemos que lo podemos hacer muy bien, as\u00ed que empezaremos a tope con todo lo que tenemos, m\u00fasculos, coraz\u00f3n, alma y toda la gente que nos apoya\u201d, se\u00f1ala Carlos, quien se encuentra motivad\u00edsimo para la lucha contra el crono. <strong>\u201cIntentaremos la victoria o en su defecto conseguir una medalla<\/strong>. Muchas gracias a todos por seguirnos y apoyarnos en las buenas y en las malas. Ojal\u00e1 os hagamos disfrutar como ya lo hemos hecho otras veces\u201d, concluye el ciclista vallisoletano.<\/span><\/p>\n<p align=\"justify\"><span style=\"font-size: medium;\">La contrarreloj ser\u00e1 la segunda prueba del t\u00e1ndem ol\u00edmpico, ya que la pareja castellano y leonesa<a href=\"https:\/\/blogs.elnortedecastilla.es\/tierraparalimpica\/2016\/09\/08\/diploma-en-el-velodromo-olimpico\/\" target=\"_blank\"> consigui\u00f3 el diploma paral\u00edmpico en la prueba de persecuci\u00f3n<\/a>, despu\u00e9s de finalizar s\u00e9ptimos el pasado jueves, en la jornada inaugural de los Juegos. Adem\u00e1s, <strong>Carlos y Noel disputar\u00e1n una prueba, la relativa a ruta, el domingo 18 de septiembre<\/strong>.<\/span><\/p>\n<p>&nbsp;<\/p>\n","protected":false},"excerpt":{"rendered":"<p>&nbsp; \u25b6 El vallisoletano Carlos Gonz\u00e1lez y el abulense Noel Infante participan este mi\u00e9rcoles en la contrarreloj de los Juegos (18:51 horas, Teledeporte) \u25b6 \u201cEstamos desando demostrar de lo que somos capaces y luchar por una medalla\u201d &nbsp; El t\u00e1ndem ol\u00edmpico, o lo que es lo mismo el vallisoletano Carlos Gonz\u00e1lez y el abulense Noel [&hellip;]<\/p>\n","protected":false},"author":29,"featured_media":0,"comment_status":"open","ping_status":"open","sticky":false,"template":"","format":"standard","meta":[],"categories":[5],"tags":[],"_links":{"self":[{"href":"https:\/\/blogs.elnortedecastilla.es\/tierraparalimpica\/wp-json\/wp\/v2\/posts\/209"}],"collection":[{"href":"https:\/\/blogs.elnortedecastilla.es\/tierraparalimpica\/wp-json\/wp\/v2\/posts"}],"about":[{"href":"https:\/\/blogs.elnortedecastilla.es\/tierraparalimpica\/wp-json\/wp\/v2\/types\/post"}],"author":[{"embeddable":true,"href":"https:\/\/blogs.elnortedecastilla.es\/tierraparalimpica\/wp-json\/wp\/v2\/users\/29"}],"replies":[{"embeddable":true,"href":"https:\/\/blogs.elnortedecastilla.es\/tierraparalimpica\/wp-json\/wp\/v2\/comments?post=209"}],"version-history":[{"count":0,"href":"https:\/\/blogs.elnortedecastilla.es\/tierraparalimpica\/wp-json\/wp\/v2\/posts\/209\/revisions"}],"wp:attachment":[{"href":"https:\/\/blogs.elnortedecastilla.es\/tierraparalimpica\/wp-json\/wp\/v2\/media?parent=209"}],"wp:term":[{"taxonomy":"category","embeddable":true,"href":"https:\/\/blogs.elnortedecastilla.es\/tierraparalimpica\/wp-json\/wp\/v2\/categories?post=209"},{"taxonomy":"post_tag","embeddable":true,"href":"https:\/\/blogs.elnortedecastilla.es\/tierraparalimpica\/wp-json\/wp\/v2\/tags?post=209"}],"curies":[{"name":"wp","href":"https:\/\/api.w.org\/{rel}","templated":true}]}}