{"id":21,"date":"2012-08-03T14:42:13","date_gmt":"2012-08-03T14:42:13","guid":{"rendered":"http:\/\/blogs.elnortedecastilla.es\/tierraparalimpica\/?p=21"},"modified":"2012-08-03T14:42:13","modified_gmt":"2012-08-03T14:42:13","slug":"pensar-en-la-ceremonia-de-inauguracion-me-pone-l","status":"publish","type":"post","link":"https:\/\/blogs.elnortedecastilla.es\/tierraparalimpica\/2012\/08\/03\/pensar-en-la-ceremonia-de-inauguracion-me-pone-l\/","title":{"rendered":"\u00abPensar en la ceremonia de inauguraci\u00f3n me pone los pelos de punta\u00bb"},"content":{"rendered":"<p>&nbsp;<\/p>\n<p><strong>\u00b7 El vallisoletano Daniel Rodr\u00edguez ser\u00e1 el representante castellano y leon\u00e9s de la selecci\u00f3n espa\u00f1ola de baloncesto en silla de ruedas <\/strong><\/p>\n<p><strong>\u00b7 El combinado nacional regresa a los Juegos afianzado por el reciente bronce europeo y despu\u00e9s de 16 a\u00f1os alejado de la \u00e9lite paral\u00edmpica<\/strong><\/p>\n<p>&nbsp;<\/p>\n<p><em>David F. Atienzar |<\/em><\/p>\n<p align=\"justify\"><img loading=\"lazy\" class=\"alignright\" style=\"margin-left: 10px; margin-right: 10px;\" src=\"\/\/www.cdfundosaonce.com\/img\/jugadores\/4-daniel-rodriguez.jpg\" alt=\"\" width=\"278\" height=\"416\" \/><a href=\"http:\/\/www.cdfundosaonce.com\/plantilla-daniel-rodriguez.html\" target=\"_blank\" rel=\"external nofollow\">Daniel Rodr\u00edguez<\/a> es ese deportista que <strong>todo entrenador quiere tener en su equipo<\/strong>. Trabajador, luchador, solidario\u2026, pero sobre todo, estandarte de lo colectivo. No escatima esfuerzos con tal de aportar su granito de arena al grupo. Deportista de toda la vida, sabe lo que la competici\u00f3n de alto nivel requiere, sobre todo por <strong>el esfuerzo f\u00edsico y personal que a \u00e9l le supone<\/strong>.<\/p>\n<p align=\"justify\"><strong>Jugador de rugby en su juventud<\/strong>, el baloncesto se top\u00f3 en su camino tras sufrir <strong>un accidente de moto en 2003<\/strong> y cuyas secuelas le dejaron una paraplejia de la que habla con absoluta naturalidad. Quiz\u00e1 fue ese h\u00e1bito deportivo el que le llev\u00f3 <strong>en tan solo dos a\u00f1os a convertirse en integrante de la selecci\u00f3n espa\u00f1ola de baloncesto en silla de ruedas<\/strong>. A partir de entonces, su vida deportiva fue ascendiendo mete\u00f3ricamente hasta llegar a lo que hoy es, y sabiendo que la cita paral\u00edmpica de Londres <strong>es la \u00faltima oportunidad para un veterano de 36 a\u00f1os<\/strong>.<\/p>\n<p align=\"justify\">A escasos d\u00edas del comienzo de los Juegos, <strong>el tapado de la selecci\u00f3n<\/strong> nos desgrana los detalles de la competici\u00f3n que <strong>comenzar\u00e1 el pr\u00f3ximo 30 de agosto<\/strong>. \u00abVa a ser una competici\u00f3n muy dura\u00bb, confiesa Rodr\u00edguez. \u00abCompetimos casi todos los d\u00edas, y la preparaci\u00f3n f\u00edsica va a ser un factor decisivo en el devenir de cada partido\u00bb, subraya el escolta vallisoletano.<\/p>\n<p align=\"justify\">Encuadrados en un grupo en el que <strong>Australia y Estados Unidos son favoritos<\/strong>, el objetivo es ganar a sus otros tres contrincantes, <strong>Sud\u00e1frica, Italia y Turqu\u00eda<\/strong>, con los que se ven m\u00e1s igualados. Los jugadores espa\u00f1oles quieren evitar a Canad\u00e1 en el siguiente cruce, otra de las candidatas a la medalla de oro a orillas del T\u00e1mesis. \u00abTurqu\u00eda tambi\u00e9n va a ser dura. Basan su juego en el contacto f\u00edsico y tenemos que estar a la altura para solventarlo&#8221;, aclara Daniel, quien a\u00fan as\u00ed avisa que \u00abcon <strong>la ilusi\u00f3n que tenemos nosotros, tras 16 a\u00f1os sin acudir a unas Paralimpiadas<\/strong>, creo que ning\u00fan rival deber\u00eda confiarse\u00bb.<\/p>\n<p>&nbsp;<\/p>\n<p><span style=\"font-size: medium;\"><strong>El camino hacia Londres<\/strong><\/span><\/p>\n<p align=\"justify\">La fase final de s<strong>u preparaci\u00f3n comenzar\u00e1 el pr\u00f3ximo viernes, 10 de agosto en Madrid<\/strong>. Desde all\u00ed, viajar\u00e1n <strong>el d\u00eda 17 a los Training Camps de Londres<\/strong>. En la capital londinense disputar\u00e1n varios partidos amistosos hasta que, una semana despu\u00e9s, entren en la Villa Ol\u00edmpica, ya a las puertas del esperado debut. Un debut que Daniel espera con especial emoci\u00f3n. \u00abSolo pensar en el desfile de la ceremonia de inauguraci\u00f3n me pone los pelos de punta. Representar a tu pa\u00eds en unas Olimpiadas es lo m\u00e1s grande que hay en el mundo del deporte\u00bb<\/p>\n<p align=\"justify\">Rodr\u00edguez no es ajeno al buen trabajo que se viene haciendo desde la Federaci\u00f3n Espa\u00f1ola de Deportes para Personas con Discapacidad F\u00edsica y que les ha llevado a meterse en los Juegos muchos a\u00f1os despu\u00e9s de los \u00faltimos de Atlanta, pero reclama m\u00e1s medios. \u00abCompatibilizar familia, trabajo y deporte es muy complicado. M\u00e1s a\u00fan cuando no tienes ning\u00fan reporte econ\u00f3mico como es el caso de la selecci\u00f3n nacional. Tengo compa\u00f1eros que se la juegan en sus trabajos, ya que estar 64 d\u00edas al a\u00f1o concentrado con la selecci\u00f3n es dif\u00edcil de justificar\u00bb, afirma.<\/p>\n<p align=\"justify\">Con medios o sin ellos, de lo que no cabe duda es que el vallisoletano Daniel Rodr\u00edguez se dejar\u00e1 la piel en cada partido y aprovechar\u00e1 cada minuto como si fuera el \u00faltimo en <strong>una selecci\u00f3n que auna veteran\u00eda y juventud para tratar de ser la sorpresa en los Juegos<\/strong>.<\/p>\n","protected":false},"excerpt":{"rendered":"<p>&nbsp; \u00b7 El vallisoletano Daniel Rodr\u00edguez ser\u00e1 el representante castellano y leon\u00e9s de la selecci\u00f3n espa\u00f1ola de baloncesto en silla de ruedas \u00b7 El combinado nacional regresa a los Juegos afianzado por el reciente bronce europeo y despu\u00e9s de 16 a\u00f1os alejado de la \u00e9lite paral\u00edmpica &nbsp; David F. Atienzar | Daniel Rodr\u00edguez es ese [&hellip;]<\/p>\n","protected":false},"author":27,"featured_media":0,"comment_status":"open","ping_status":"closed","sticky":false,"template":"","format":"standard","meta":[],"categories":[4],"tags":[],"_links":{"self":[{"href":"https:\/\/blogs.elnortedecastilla.es\/tierraparalimpica\/wp-json\/wp\/v2\/posts\/21"}],"collection":[{"href":"https:\/\/blogs.elnortedecastilla.es\/tierraparalimpica\/wp-json\/wp\/v2\/posts"}],"about":[{"href":"https:\/\/blogs.elnortedecastilla.es\/tierraparalimpica\/wp-json\/wp\/v2\/types\/post"}],"author":[{"embeddable":true,"href":"https:\/\/blogs.elnortedecastilla.es\/tierraparalimpica\/wp-json\/wp\/v2\/users\/27"}],"replies":[{"embeddable":true,"href":"https:\/\/blogs.elnortedecastilla.es\/tierraparalimpica\/wp-json\/wp\/v2\/comments?post=21"}],"version-history":[{"count":0,"href":"https:\/\/blogs.elnortedecastilla.es\/tierraparalimpica\/wp-json\/wp\/v2\/posts\/21\/revisions"}],"wp:attachment":[{"href":"https:\/\/blogs.elnortedecastilla.es\/tierraparalimpica\/wp-json\/wp\/v2\/media?parent=21"}],"wp:term":[{"taxonomy":"category","embeddable":true,"href":"https:\/\/blogs.elnortedecastilla.es\/tierraparalimpica\/wp-json\/wp\/v2\/categories?post=21"},{"taxonomy":"post_tag","embeddable":true,"href":"https:\/\/blogs.elnortedecastilla.es\/tierraparalimpica\/wp-json\/wp\/v2\/tags?post=21"}],"curies":[{"name":"wp","href":"https:\/\/api.w.org\/{rel}","templated":true}]}}