{"id":213,"date":"2016-09-15T00:42:28","date_gmt":"2016-09-15T00:42:28","guid":{"rendered":"http:\/\/blogs.elnortedecastilla.es\/tierraparalimpica\/?p=213"},"modified":"2016-09-15T00:42:28","modified_gmt":"2016-09-15T00:42:28","slug":"cruz-para-los-castellanos-y-leoneses-en-rio","status":"publish","type":"post","link":"https:\/\/blogs.elnortedecastilla.es\/tierraparalimpica\/2016\/09\/15\/cruz-para-los-castellanos-y-leoneses-en-rio\/","title":{"rendered":"Las medallas se alejan de Castilla y Le\u00f3n"},"content":{"rendered":"<p align=\"justify\"><img class=\"aligncenter\" style=\"border: 5px solid  #ff0000;\" src=\"\/tierraparalimpica\/wp-content\/uploads\/sites\/17\/2016\/09\/ciclismo.jpg\" alt=\"\" width=\"580\" \/><\/p>\n<p>&nbsp;<\/p>\n<p align=\"justify\">\u25b6<span style=\"font-size: large; color: #000000;\"><strong> La burgalesa L\u00eda Beel se despide de los Juegos Paral\u00edmpicos con el cuarto puesto en el relevo 4&#215;100 <\/strong><\/span><\/p>\n<p align=\"justify\">\u25b6<span style=\"font-size: large; color: #000000;\"><strong> El t\u00e1ndem ciclista del vallisoletano Carlos Gonz\u00e1lez y el abulense Noel Infante finaliza octavo en contrarreloj <\/strong><\/span><\/p>\n<hr align=\"center\" noshade=\"noshade\" size=\"15\" width=\"200\" \/>\n<p>&nbsp;<\/p>\n<p align=\"justify\"><span style=\"font-size: xx-large;\"><strong>L<\/strong><\/span><span style=\"font-size: medium;\">as opciones de medalla para los deportistas castellanos y leoneses se esfuman. En la jornada de este mi\u00e9rcoles, <strong>la atleta burgalesa L\u00eda Beel apuraba sus opciones de debutar con una presea<\/strong> en unos Juegos Paral\u00edmpicos, pero la velocista <a href=\"https:\/\/youtu.be\/oaWHEIlxPxo\" target=\"_blank\" rel=\"external nofollow\">no pudo subirse al podio con el equipo del relevo 4&#215;100 de la delegaci\u00f3n espa\u00f1ola<\/a>.<\/span><\/p>\n<p align=\"justify\"><span style=\"font-size: medium;\"><a href=\"https:\/\/blogs.elnortedecastilla.es\/tierraparalimpica\/2015\/11\/13\/lia-beel-una-cuestion-de-distancia\/\" target=\"_blank\">Beel, quien consigui\u00f3 el bronce con la selecci\u00f3n nacional en el pasado Mundial de Doha<\/a>, nunca tuvo opciones en la final del relevo para <strong>atletas con deficiencia visual, clases T11-T13<\/strong>. Ubicada en la salida junto a su gu\u00eda, David Alonso, acus\u00f3 la potencia de las velocistas china, brasile\u00f1a y colombiana, y lleg\u00f3 en \u00faltimo lugar a la entrega del testigo a su compa\u00f1era de equipo. <\/span><\/p>\n<p align=\"justify\"><!--more--><\/p>\n<p align=\"justify\"><span style=\"font-size: medium;\">Desde este momento, el relevo espa\u00f1ol poco pudo hacer por repetir el tercer puesto del Mundial, y <strong>termin\u00f3 \u00faltimo, eso s\u00ed, con marca personal (52:40),<\/strong> pese a estar muy lejos del <strong>nuevo r\u00e9cord del mundo, logrado por las chinas, con 47:18<\/strong>.<\/span><\/p>\n<p align=\"justify\"><span style=\"font-size: medium;\">Brasil fue segunda, con 47:57; y Colombia, con la que Espa\u00f1a se jugaba el bronce, sum\u00f3 el tercer metal, con un tiempo de 51:93.<\/span><\/p>\n<p>&nbsp;<\/p>\n<p align=\"center\"><iframe loading=\"lazy\" src=\"https:\/\/www.youtube.com\/embed\/oaWHEIlxPxo\" frameborder=\"0\" width=\"520\" height=\"385\"><\/iframe><\/p>\n<p>&nbsp;<\/p>\n<p align=\"justify\"><span style=\"font-size: x-large;\"><strong>El crono, muy lejos del podio<\/strong><\/span><\/p>\n<p align=\"justify\"><span style=\"font-size: medium;\">El t\u00e1ndem ol\u00edmpico, formado por <strong>el ciclista vallisoletano Carlos Gonz\u00e1lez y su gu\u00eda y compa\u00f1ero, el abulense Noel Infante<\/strong>, <a href=\"https:\/\/smsprio2016-a.akamaihd.net\/_odf-documents\/C\/R\/CRM141101_FinalResults_2016_09_14_81959773_de2b_4f1e_8fe8_adb11e389b85.pdf\" target=\"_blank\" rel=\"external nofollow\">no pudo pasar de la octava plaza en la contrarreloj, categor\u00eda B<\/a>. (t\u00e1ndem para corredores ciegos o con discapacidad visual). <\/span><\/p>\n<p align=\"justify\"><span style=\"font-size: medium;\">El d\u00fao castellano y leon\u00e9s <strong>complet\u00f3 los 30 kil\u00f3metros de la prueba en un tiempo de 36:35.43<\/strong>, rodando a poco m\u00e1s de 49 kil\u00f3metros por hora durante todo el recorrido en la zona oeste de R\u00edo de Janeiro y al borde de mar.<\/span><\/p>\n<p align=\"justify\"><span style=\"font-size: medium;\">Tanto Carlos como Noel <a href=\"https:\/\/blogs.elnortedecastilla.es\/tierraparalimpica\/2016\/09\/14\/el-tandem-olimpico-contra-el-cronometro\/\" target=\"_blank\">aspiraban a &#8220;estar muy adelante&#8221;<\/a>, incluso con posibilidades para las medallas, pero al final<strong> el t\u00e1ndem brit\u00e1nico formado por Steve Bate y Adam Duggleby se llev\u00f3 la medalla de oro<\/strong>, con dos minutos menos que los castellanos y leoneses (34:35:33), y por delante del t\u00e1ndem holand\u00e9s y australiano. A\u00fan as\u00ed, Carlos y Noel alcanza un nuevo diploma paral\u00edmpico, que suman al logrado en la prueba de persecuci\u00f3n en pista, donde finalizaron s\u00e9ptimos en la jornada inaugural de los Juegos de R\u00edo.<br \/>\n<\/span><\/p>\n<p align=\"justify\"><span style=\"font-size: medium;\">La \u00faltima opci\u00f3n de medalla para el t\u00e1ndem <strong>pasar\u00e1 por la modalidad de ruta del domingo 18 de septiembre<\/strong>.<br \/>\n<\/span><\/p>\n<p>&nbsp;<\/p>\n","protected":false},"excerpt":{"rendered":"<p>&nbsp; \u25b6 La burgalesa L\u00eda Beel se despide de los Juegos Paral\u00edmpicos con el cuarto puesto en el relevo 4&#215;100 \u25b6 El t\u00e1ndem ciclista del vallisoletano Carlos Gonz\u00e1lez y el abulense Noel Infante finaliza octavo en contrarreloj &nbsp; Las opciones de medalla para los deportistas castellanos y leoneses se esfuman. En la jornada de este [&hellip;]<\/p>\n","protected":false},"author":29,"featured_media":0,"comment_status":"open","ping_status":"open","sticky":false,"template":"","format":"standard","meta":[],"categories":[5],"tags":[],"_links":{"self":[{"href":"https:\/\/blogs.elnortedecastilla.es\/tierraparalimpica\/wp-json\/wp\/v2\/posts\/213"}],"collection":[{"href":"https:\/\/blogs.elnortedecastilla.es\/tierraparalimpica\/wp-json\/wp\/v2\/posts"}],"about":[{"href":"https:\/\/blogs.elnortedecastilla.es\/tierraparalimpica\/wp-json\/wp\/v2\/types\/post"}],"author":[{"embeddable":true,"href":"https:\/\/blogs.elnortedecastilla.es\/tierraparalimpica\/wp-json\/wp\/v2\/users\/29"}],"replies":[{"embeddable":true,"href":"https:\/\/blogs.elnortedecastilla.es\/tierraparalimpica\/wp-json\/wp\/v2\/comments?post=213"}],"version-history":[{"count":0,"href":"https:\/\/blogs.elnortedecastilla.es\/tierraparalimpica\/wp-json\/wp\/v2\/posts\/213\/revisions"}],"wp:attachment":[{"href":"https:\/\/blogs.elnortedecastilla.es\/tierraparalimpica\/wp-json\/wp\/v2\/media?parent=213"}],"wp:term":[{"taxonomy":"category","embeddable":true,"href":"https:\/\/blogs.elnortedecastilla.es\/tierraparalimpica\/wp-json\/wp\/v2\/categories?post=213"},{"taxonomy":"post_tag","embeddable":true,"href":"https:\/\/blogs.elnortedecastilla.es\/tierraparalimpica\/wp-json\/wp\/v2\/tags?post=213"}],"curies":[{"name":"wp","href":"https:\/\/api.w.org\/{rel}","templated":true}]}}