{"id":222,"date":"2016-09-18T00:35:59","date_gmt":"2016-09-18T00:35:59","guid":{"rendered":"http:\/\/blogs.elnortedecastilla.es\/tierraparalimpica\/?p=222"},"modified":"2017-04-07T07:54:05","modified_gmt":"2017-04-07T07:54:05","slug":"ha-faltado-companerismo-en-la-plata-de-font-y-avila","status":"publish","type":"post","link":"https:\/\/blogs.elnortedecastilla.es\/tierraparalimpica\/2016\/09\/18\/ha-faltado-companerismo-en-la-plata-de-font-y-avila\/","title":{"rendered":"&#8220;Ha faltado compa\u00f1erismo en la plata de Font y \u00c1vila&#8221;"},"content":{"rendered":"<p align=\"justify\"><img class=\"aligncenter\" style=\"border: 5px solid #ff0000;\" src=\"\/tierraparalimpica\/wp-content\/uploads\/sites\/17\/2016\/09\/Csl1dcLXEAAtqKH.jpg\" alt=\"\" width=\"580\" \/><\/p>\n<p>&nbsp;<\/p>\n<p align=\"justify\">\u25b6<span style=\"font-size: large; color: #000000;\"><strong> El t\u00e1ndem ol\u00edmpico, que a falta de quince kil\u00f3metros tocaba la medalla escapado junto a sus compa\u00f1eros espa\u00f1oles y el d\u00fao holand\u00e9s, tilda de &#8220;ego\u00edsta&#8221; a la pareja barcelonesa <\/strong><\/span><\/p>\n<p align=\"justify\">\u25b6<span style=\"font-size: large; color: #000000;\"><strong> &#8220;Ha sido como lo de Valverde y Purito en el Mundial. Hemos pasado de tener dos medallas, a dejar a Espa\u00f1a con una plata&#8221; <\/strong><\/span><\/p>\n<hr align=\"center\" noshade=\"noshade\" size=\"15\" width=\"200\" \/>\n<p>&nbsp;<\/p>\n<div style=\"width: 357px\" class=\"wp-caption alignright\"><img class=\" \" style=\"margin: 10px; border: 5px solid #ff0000;\" title=\"Noel Infante y Carlos Gonz\u00e1lez. \/ TIERRA PARAL\u00cdMPICA\" src=\"\/tierraparalimpica\/wp-content\/uploads\/sites\/17\/2016\/09\/Noel-Mart\u00edn-y-Carlos-Gonz\u00e1lez_15.jpg\" alt=\"Noel Infante y Carlos Gonz\u00e1lez. \/ TIERRA PARAL\u00cdMPICA\" width=\"347\" \/><p class=\"wp-caption-text\">Noel Infante y Carlos Gonz\u00e1lez. \/ TIERRA PARAL\u00cdMPICA<\/p><\/div>\n<p align=\"justify\"><span style=\"font-size: xx-large;\"><strong>&#8220;N<\/strong><\/span><span style=\"font-size: medium;\">os hab\u00edan dicho que ten\u00edamos que trabajar en equipo para conseguir medallas para Espa\u00f1a. Pensar en el equipo por encima de nosotros&#8230; pero no ha sido as\u00ed&#8221;, se lamenta Noel Infante, en relaci\u00f3n a la prueba de fondo en carretera con la que el t\u00e1ndem ol\u00edmpico ha cerrado su participaci\u00f3n en los Juegos de R\u00edo este s\u00e1bado.<\/span><\/p>\n<p align=\"justify\"><span style=\"font-size: medium;\">El abulense, piloto del d\u00fao ciclista que forma junto al vallisoletano Carlos Gonz\u00e1lez, no pod\u00eda creerse en la meta lo sucedido en la carrera de 99 kil\u00f3metros celebrada en Pontal, al oeste de la capital carioca. &#8220;Hemos pasado de poder ganar dos medallas a quedarnos con la plata. Ha sido como lo que pas\u00f3 con Valverde y Purito en el Mundial &#8220;, explica Infante, quien no pudo evitar las l\u00e1grimas en la llegada brasile\u00f1a. <\/span><\/p>\n<p align=\"justify\"><!--more--><\/p>\n<p align=\"justify\"><span style=\"font-size: medium;\">&#8220;Les damos la enhorabuena por su medalla, pero ha faltado compa\u00f1erismo en esa plata&#8221;, subrayan los dos ciclistas castellanos y leoneses, quienes finalizaron cuartos en la prueba de fondo, a apenas 32 segundos del t\u00e1ndem brit\u00e1nico que les arrebat\u00f3 finalmente el bronce.<\/span><\/p>\n<p>&nbsp;<\/p>\n<p align=\"justify\"><span style=\"font-size: x-large;\"><strong>La escapada buena<\/strong><\/span><\/p>\n<div style=\"width: 357px\" class=\"wp-caption alignright\"><img class=\" \" style=\"margin: 10px; border: 5px solid #ff0000;\" title=\"Podio de la prueba de fondo en R\u00edo 2016. \/CPE\" src=\"\/tierraparalimpica\/wp-content\/uploads\/sites\/17\" alt=\"Podio de la prueba de fondo en R\u00edo 2016. \/CPE\" width=\"347\" \/><p class=\"wp-caption-text\">Podio de la prueba de fondo en R\u00edo 2016. \/CPE<\/p><\/div>\n<p align=\"justify\"><span style=\"font-size: medium;\">Y es que el doble t\u00e1ndem espa\u00f1ol, el formado por los barceloneses Ignacio \u00c1vila y Joan Font y el compuesto por el vallisoletano y el abulense, logr\u00f3 colarse en la escapada buena, junto a los holandeses Vincent Ter Schure y Timo Fransen, y llegar a falta de quince kil\u00f3metros juntos y ya pensando en la lucha por las medallas.<\/span><\/p>\n<p align=\"justify\"><span style=\"font-size: medium;\">Entonces, el d\u00fao catal\u00e1n atac\u00f3 para tratar de asegurar la presea en los Juegos, una maniobra que no gust\u00f3 en el mismo momento a sus compa\u00f1eros de selecci\u00f3n, y que tuvo consecuencias funestas, a juicio de los castellanos y leoneses. &#8220;Si se ve por la tele, porque hab\u00eda c\u00e1maras, se entender\u00e1 a la perfecci\u00f3n. No ha sido una decisi\u00f3n l\u00f3gica&#8221;, se quejan Infante y Gonz\u00e1lez, quienes exculpan de la maniobra al seleccionador, F\u00e9lix Garc\u00eda Casas. &#8220;Ha sido una decisi\u00f3n tomada por ellos, no por el equipo, ni el cuerpo t\u00e9cnico&#8221;, aclaran.<\/span><\/p>\n<p align=\"justify\"><span style=\"font-size: medium;\">&#8220;Estamos machacados. Han sido muchos a\u00f1os de entrenamiento, y nos hemos quedado con la miel en los labios. Creo que si hubi\u00e9semos seguido juntos, Espa\u00f1a tendr\u00eda dos medallas. Ellos habr\u00edan logrado el oro, y nosotros el bronce. Cualquiera que sabe de ciclismo, sabe que hubiese sido lo m\u00e1s l\u00f3gico&#8221;, a\u00f1ade Noel Infante.<br \/>\n<\/span><\/p>\n<p align=\"justify\"><span style=\"font-size: medium;\">Al t\u00e1ndem ol\u00edmpico se le escaparon sus compa\u00f1eros de selecci\u00f3n y la pareja holandesa, que finalmente se impuso al sprint a Font y \u00c1vila, pero lo peor para los castellanos y leoneses estuvo en la llegada por detr\u00e1s del d\u00fao brit\u00e1nico, que finalmente tambi\u00e9n les sobrepas\u00f3, dej\u00e1ndoles sin bronce en la carrera.<br \/>\n<\/span><\/p>\n<p>&nbsp;<\/p>\n","protected":false},"excerpt":{"rendered":"<p>&nbsp; \u25b6 El t\u00e1ndem ol\u00edmpico, que a falta de quince kil\u00f3metros tocaba la medalla escapado junto a sus compa\u00f1eros espa\u00f1oles y el d\u00fao holand\u00e9s, tilda de &#8220;ego\u00edsta&#8221; a la pareja barcelonesa \u25b6 &#8220;Ha sido como lo de Valverde y Purito en el Mundial. Hemos pasado de tener dos medallas, a dejar a Espa\u00f1a con una [&hellip;]<\/p>\n","protected":false},"author":29,"featured_media":0,"comment_status":"open","ping_status":"open","sticky":false,"template":"","format":"standard","meta":[],"categories":[5],"tags":[],"_links":{"self":[{"href":"https:\/\/blogs.elnortedecastilla.es\/tierraparalimpica\/wp-json\/wp\/v2\/posts\/222"}],"collection":[{"href":"https:\/\/blogs.elnortedecastilla.es\/tierraparalimpica\/wp-json\/wp\/v2\/posts"}],"about":[{"href":"https:\/\/blogs.elnortedecastilla.es\/tierraparalimpica\/wp-json\/wp\/v2\/types\/post"}],"author":[{"embeddable":true,"href":"https:\/\/blogs.elnortedecastilla.es\/tierraparalimpica\/wp-json\/wp\/v2\/users\/29"}],"replies":[{"embeddable":true,"href":"https:\/\/blogs.elnortedecastilla.es\/tierraparalimpica\/wp-json\/wp\/v2\/comments?post=222"}],"version-history":[{"count":2,"href":"https:\/\/blogs.elnortedecastilla.es\/tierraparalimpica\/wp-json\/wp\/v2\/posts\/222\/revisions"}],"predecessor-version":[{"id":230,"href":"https:\/\/blogs.elnortedecastilla.es\/tierraparalimpica\/wp-json\/wp\/v2\/posts\/222\/revisions\/230"}],"wp:attachment":[{"href":"https:\/\/blogs.elnortedecastilla.es\/tierraparalimpica\/wp-json\/wp\/v2\/media?parent=222"}],"wp:term":[{"taxonomy":"category","embeddable":true,"href":"https:\/\/blogs.elnortedecastilla.es\/tierraparalimpica\/wp-json\/wp\/v2\/categories?post=222"},{"taxonomy":"post_tag","embeddable":true,"href":"https:\/\/blogs.elnortedecastilla.es\/tierraparalimpica\/wp-json\/wp\/v2\/tags?post=222"}],"curies":[{"name":"wp","href":"https:\/\/api.w.org\/{rel}","templated":true}]}}