{"id":24,"date":"2012-08-06T12:00:01","date_gmt":"2012-08-06T12:00:01","guid":{"rendered":"http:\/\/blogs.elnortedecastilla.es\/tierraparalimpica\/?p=24"},"modified":"2012-08-06T12:00:01","modified_gmt":"2012-08-06T12:00:01","slug":"marta-arce-una-apuesta-segura","status":"publish","type":"post","link":"https:\/\/blogs.elnortedecastilla.es\/tierraparalimpica\/2012\/08\/06\/marta-arce-una-apuesta-segura\/","title":{"rendered":"Marta Arce, una apuesta segura"},"content":{"rendered":"<p><strong>\u00b7 La judoca vallisoletana busca el oro en Londres, en los que presumiblemente ser\u00e1n sus \u00faltimos Juegos Paral\u00edmpicos<\/strong><\/p>\n<p><strong>\u00b7 La deportista con discapacidad visual acumula en su palmar\u00e9s dos medallas de plata logradas en Atenas 2004 y Pek\u00edn 2008 en la categor\u00eda de 63 kilogramos<br \/>\n<\/strong><\/p>\n<p><em>David F. Atienzar |<\/em><\/p>\n<p align=\"justify\">Si alguien le hubiese dicho a Marta Arce cuando comenz\u00f3 a competir que se convertir\u00eda en subcampeona paral\u00edmpica dos veces consecutivas, simplemente se hubiera re\u00eddo. Esta veterana de 35 a\u00f1os empez\u00f3 a practicar judo durante su etapa universitaria, ya con 19 a\u00f1os, una edad bastante tard\u00eda para iniciarse en el mundo del deporte. Sin embargo, pronto consigui\u00f3 su primera victoria. Fue en el <strong>Campeonato de Europa de 1997<\/strong>, donde se alz\u00f3 con un triunfo \u00abca\u00eddo del cielo\u00bb, como ella misma admite.<\/p>\n<p align=\"justify\">Despu\u00e9s, \u00e9xito tras \u00e9xito, la leyenda de la judoca vallisoletana fue creciendo hasta convertirse en <strong>la gran favorita para alzarse con la medalla de oro<\/strong> en los pr\u00f3ximos Juegos Paral\u00edmpicos de Londres. Una apuesta segura.<\/p>\n<p align=\"justify\"><img loading=\"lazy\" class=\"alignright\" style=\"vertical-align: text-top; margin: 10px;\" src=\"\/\/www.dxtadaptado.com\/wp-content\/uploads\/Marta-Arce-SERVIMEDIA.jpg\" alt=\"\" width=\"289\" height=\"410\" \/>El judo, una de las pocas disciplinas paral\u00edmpicas no espec\u00edficas en la que \u00fanicamente se disputa la modalidad de discapacidad visual, se divide en <strong>tres categor\u00edas: B1, B2 y B3<\/strong>. En esta \u00faltima competir\u00e1 la judoca cintur\u00f3n negro e intentar\u00e1 superar las sendas platas conseguidas en <strong>la categor\u00eda de 63 kilogramos<\/strong> de las dos anteriores citas paral\u00edmpicas. No en vano, mientras las contrincantes con las que se ha ido topando a lo largo de su historia deportiva van cambiando, ella se mantiene impert\u00e9rrita, competici\u00f3n tras competici\u00f3n. Hecho que la convierte en la principal candidata para conseguir el ansiado t\u00edtulo.<\/p>\n<p align=\"justify\">Pero Marta a\u00fan tiene m\u00e1s m\u00e9rito. <strong>Compagina sus entrenamientos diarios y su trabajo como fisioterapeuta<\/strong> en un centro de d\u00eda de Madrid <strong>con su papel de madre<\/strong>, un esfuerzo realmente digno de elogio. Adem\u00e1s, cuenta con el honor de inaugurar la disciplina de este deporte de contacto en unas Paralimpiadas en su vertiente femenina, ya que se incorpor\u00f3 en los Juegos de Atenas de 2004. Y no lo hizo nada mal, consigui\u00f3 subirse al segundo caj\u00f3n del podio. Puesto que repiti\u00f3 en Pek\u00edn en 2008, en una final en la que <strong>la venezolana Naomi Soazo la sorprendi\u00f3<\/strong> con un ippon que la dej\u00f3 fuera de combate en tan solo tres segundos.<\/p>\n<p align=\"justify\">Con esta <strong>espinita clavada<\/strong>, Marta Arce ha venido entrenando durante los \u00faltimos cuatro a\u00f1os para<strong> darle la vuelta a la historia y conseguir el oro que por justicia merece<\/strong>.<\/p>\n","protected":false},"excerpt":{"rendered":"<p>\u00b7 La judoca vallisoletana busca el oro en Londres, en los que presumiblemente ser\u00e1n sus \u00faltimos Juegos Paral\u00edmpicos \u00b7 La deportista con discapacidad visual acumula en su palmar\u00e9s dos medallas de plata logradas en Atenas 2004 y Pek\u00edn 2008 en la categor\u00eda de 63 kilogramos David F. Atienzar | Si alguien le hubiese dicho a [&hellip;]<\/p>\n","protected":false},"author":27,"featured_media":0,"comment_status":"open","ping_status":"closed","sticky":false,"template":"","format":"standard","meta":[],"categories":[4],"tags":[8,9,10,11],"_links":{"self":[{"href":"https:\/\/blogs.elnortedecastilla.es\/tierraparalimpica\/wp-json\/wp\/v2\/posts\/24"}],"collection":[{"href":"https:\/\/blogs.elnortedecastilla.es\/tierraparalimpica\/wp-json\/wp\/v2\/posts"}],"about":[{"href":"https:\/\/blogs.elnortedecastilla.es\/tierraparalimpica\/wp-json\/wp\/v2\/types\/post"}],"author":[{"embeddable":true,"href":"https:\/\/blogs.elnortedecastilla.es\/tierraparalimpica\/wp-json\/wp\/v2\/users\/27"}],"replies":[{"embeddable":true,"href":"https:\/\/blogs.elnortedecastilla.es\/tierraparalimpica\/wp-json\/wp\/v2\/comments?post=24"}],"version-history":[{"count":0,"href":"https:\/\/blogs.elnortedecastilla.es\/tierraparalimpica\/wp-json\/wp\/v2\/posts\/24\/revisions"}],"wp:attachment":[{"href":"https:\/\/blogs.elnortedecastilla.es\/tierraparalimpica\/wp-json\/wp\/v2\/media?parent=24"}],"wp:term":[{"taxonomy":"category","embeddable":true,"href":"https:\/\/blogs.elnortedecastilla.es\/tierraparalimpica\/wp-json\/wp\/v2\/categories?post=24"},{"taxonomy":"post_tag","embeddable":true,"href":"https:\/\/blogs.elnortedecastilla.es\/tierraparalimpica\/wp-json\/wp\/v2\/tags?post=24"}],"curies":[{"name":"wp","href":"https:\/\/api.w.org\/{rel}","templated":true}]}}