{"id":27,"date":"2012-08-10T12:00:03","date_gmt":"2012-08-10T12:00:03","guid":{"rendered":"http:\/\/blogs.elnortedecastilla.es\/tierraparalimpica\/?p=27"},"modified":"2012-08-10T12:00:03","modified_gmt":"2012-08-10T12:00:03","slug":"mi-objetivo-saber-que-lo-he-dado-todo","status":"publish","type":"post","link":"https:\/\/blogs.elnortedecastilla.es\/tierraparalimpica\/2012\/08\/10\/mi-objetivo-saber-que-lo-he-dado-todo\/","title":{"rendered":"\u00ab\u00bfMi objetivo? Saber que lo he dado todo\u00bb"},"content":{"rendered":"<p><strong>\u00b7 Alejandro S\u00e1nchez espera responder a la tard\u00eda llamada de la selecci\u00f3n de nataci\u00f3n paral\u00edmpica \u00abcon buenos resultados\u00bb<\/strong><\/p>\n<p><strong>\u00b7 El nadador salmantino, quien se colg\u00f3 el bronce en los 100 metros braza en Pek\u00edn, admite que no ha completado una buena temporada, pero no renuncia a dar la sorpresa<\/strong><\/p>\n<p>&nbsp;<\/p>\n<p><img loading=\"lazy\" class=\"aligncenter\" style=\"vertical-align: text-top; margin-left: 5px; margin-right: 5px;\" src=\"\/\/www.salamanca24horas.com\/images\/noticias\/mini1-1338369289.jpg\" alt=\"\" width=\"647\" height=\"374\" \/><br \/>\n<em>David F. Atienzar |<\/em><\/p>\n<p align=\"justify\">Ha sido el \u00faltimo en llegar. Contento, pero con el pesar de no haber conseguido la clasificaci\u00f3n directa, el<strong> nadador salmantino Alejandro S\u00e1nchez<\/strong> acude a Londres despu\u00e9s de hacerse con <strong>la \u00faltima plaza disponible de las 23 destinadas a los nadadores masculinos<\/strong>. Sabe que \u00abno ha sido una buena temporada\u00bb, pero ir\u00e1 a por todas e <strong>intentar\u00e1 rebajar sus marcas y, por qu\u00e9 no, colarse en alguna de las finales<\/strong>. \u00abEstoy muy contento\u00bb, declara S\u00e1nchez, quien a\u00fan as\u00ed es realista. \u00abS\u00e9 que he dado un paso atr\u00e1s en cuanto a rendimiento. Mi objetivo es terminar con la satisfacci\u00f3n de saber que lo he dado todo\u00bb, admite.<\/p>\n<p align=\"justify\">Alejandro comenz\u00f3 a nadar desde muy joven y, tras sufrir <strong>un accidente de moto en el que perdi\u00f3 la movilidad de un brazo<\/strong>, la nataci\u00f3n le ha servido para sobreponerse a este golpe que sufri\u00f3 siendo un adolescente. De esto hace ya ocho a\u00f1os y hoy, con la juventud que le dan <strong>sus 25 a\u00f1os<\/strong>, sabe que esta es una oportunidad que no puede desaprovechar.<\/p>\n<p align=\"justify\"><img loading=\"lazy\" class=\"alignright\" style=\"vertical-align: text-top; margin: 10px;\" src=\"\/\/javicasado.files.wordpress.com\/2010\/12\/sin-tc3adtulo.jpg?w=614\" alt=\"\" width=\"289\" height=\"410\" \/>Pese a su ilusi\u00f3n, es consciente que <strong>no est\u00e1 en su mejor momento de forma<\/strong>. Su punto m\u00e1s \u00e1lgido lo alcanz\u00f3 en los <strong>Juegos de Pek\u00edn de 2008, donde consigui\u00f3 alzarse con el bronce<\/strong> en los 100 metros braza, con un tiempo de 1:13,44. Un a\u00f1o despu\u00e9s, <strong>se proclam\u00f3 subcampe\u00f3n de Europa<\/strong> para cerrar un ciclo que espera volver a repetir. \u00abLas medallas est\u00e1n imposibles, pero quiz\u00e1 un buen resultado sea el aliciente para volver a retomar la senda de la victoria\u00bb, afirma S\u00e1nchez.<\/p>\n<p align=\"justify\">El nadador <strong>nacido en Salamanca y residente en Palma de Mallorca<\/strong>, donde entrena a las \u00f3rdenes de Toni Pomar, <strong>debutar\u00e1 el 1 de septiembre<\/strong> y competir\u00e1 en las pruebas de <strong>100 metros braza y 200 estilos<\/strong>. Y aunque, como \u00e9l reconoce, el nivel de los competidores cada vez es mayor, no hay que obviar que la convocatoria para los Juegos Paral\u00edmpicos es un premio para el que hay que estar a la altura.<\/p>\n<p align=\"justify\">No en vano, todo el mundo tiene derecho a una segunda oportunidad. Como la que le ha dado la nataci\u00f3n a Alejandro cuando todo parec\u00eda perdido.<\/p>\n","protected":false},"excerpt":{"rendered":"<p>\u00b7 Alejandro S\u00e1nchez espera responder a la tard\u00eda llamada de la selecci\u00f3n de nataci\u00f3n paral\u00edmpica \u00abcon buenos resultados\u00bb \u00b7 El nadador salmantino, quien se colg\u00f3 el bronce en los 100 metros braza en Pek\u00edn, admite que no ha completado una buena temporada, pero no renuncia a dar la sorpresa &nbsp; David F. Atienzar | Ha [&hellip;]<\/p>\n","protected":false},"author":27,"featured_media":0,"comment_status":"open","ping_status":"closed","sticky":false,"template":"","format":"standard","meta":[],"categories":[4],"tags":[],"_links":{"self":[{"href":"https:\/\/blogs.elnortedecastilla.es\/tierraparalimpica\/wp-json\/wp\/v2\/posts\/27"}],"collection":[{"href":"https:\/\/blogs.elnortedecastilla.es\/tierraparalimpica\/wp-json\/wp\/v2\/posts"}],"about":[{"href":"https:\/\/blogs.elnortedecastilla.es\/tierraparalimpica\/wp-json\/wp\/v2\/types\/post"}],"author":[{"embeddable":true,"href":"https:\/\/blogs.elnortedecastilla.es\/tierraparalimpica\/wp-json\/wp\/v2\/users\/27"}],"replies":[{"embeddable":true,"href":"https:\/\/blogs.elnortedecastilla.es\/tierraparalimpica\/wp-json\/wp\/v2\/comments?post=27"}],"version-history":[{"count":0,"href":"https:\/\/blogs.elnortedecastilla.es\/tierraparalimpica\/wp-json\/wp\/v2\/posts\/27\/revisions"}],"wp:attachment":[{"href":"https:\/\/blogs.elnortedecastilla.es\/tierraparalimpica\/wp-json\/wp\/v2\/media?parent=27"}],"wp:term":[{"taxonomy":"category","embeddable":true,"href":"https:\/\/blogs.elnortedecastilla.es\/tierraparalimpica\/wp-json\/wp\/v2\/categories?post=27"},{"taxonomy":"post_tag","embeddable":true,"href":"https:\/\/blogs.elnortedecastilla.es\/tierraparalimpica\/wp-json\/wp\/v2\/tags?post=27"}],"curies":[{"name":"wp","href":"https:\/\/api.w.org\/{rel}","templated":true}]}}