{"id":30,"date":"2012-08-17T12:06:11","date_gmt":"2012-08-17T12:06:11","guid":{"rendered":"http:\/\/blogs.elnortedecastilla.es\/tierraparalimpica\/?p=30"},"modified":"2012-08-17T12:06:11","modified_gmt":"2012-08-17T12:06:11","slug":"el-cre-de-leon-se-ha-convertido-en-un-impulso-para-chema-dueso","status":"publish","type":"post","link":"https:\/\/blogs.elnortedecastilla.es\/tierraparalimpica\/2012\/08\/17\/el-cre-de-leon-se-ha-convertido-en-un-impulso-para-chema-dueso\/","title":{"rendered":"\u00abEl CRE de Le\u00f3n se ha convertido en un impulso para Chema Dueso\u00bb"},"content":{"rendered":"<p><strong>\u00b7 La entrenadora del jugador de boccia, Mar\u00eda Rubiera, asegura que el Centro de Referencia Estatal de la Discapacidad y Dependencia de San Andr\u00e9s de Rabanedo ha potenciado la habilidad de un paral\u00edmpico que aspira a lograr el oro en Londres<\/strong><\/p>\n<p><strong>\u00b7 Dueso luchar\u00e1 por las medallas con la vitola de campe\u00f3n de Europa y con el respaldo del bronce conseguido en los Juegos de Pek\u00edn en 2008.<\/strong><\/p>\n<p>&nbsp;<\/p>\n<p><img loading=\"lazy\" id=\"il_fi\" class=\"aligncenter\" src=\"\/\/estaticos2.ileon.com\/resources\/files\/2012\/8\/22\/1345621433563paralimpicodn.jpg\" alt=\"\" width=\"475\" height=\"316\" \/><br \/>\n<em><\/em><\/p>\n<p><em>David F. Atienzar |<\/em><\/p>\n<p align=\"justify\">Ilusionada pero prudente, Mar\u00eda Rubiera afronta los Juegos Paral\u00edmpicos de Londres con la misma alegr\u00eda e inquietud del que va a desenvolver un regalo sorpresa. Esta licenciada en INEF de 29 a\u00f1os acude a la cita paral\u00edmpica agradecida a todos los que la acercaron al mundo del deporte y la discapacidad. Desde hace casi dos a\u00f1os, gracias al convenio entre el Comit\u00e9 Paral\u00edmpico Espa\u00f1ol y el Centro de Referencia Estatal de la Discapacidad y Dependencia de San Andr\u00e9s de Rabanedo (Le\u00f3n), Mar\u00eda entrena a Chema Dueso, reciente campe\u00f3n de Europa de Boccia y uno de los firmes candidatos a conseguir medalla en las Paralimpiadas de 2012. Charlamos con ella y nos cuenta sus sensaciones a unos d\u00edas del comienzo de la competici\u00f3n.<\/p>\n<p align=\"justify\"><strong>\u00bfC\u00f3mo llegas al mundo del deporte y la discapacidad?<\/strong><\/p>\n<p align=\"justify\">Ya en la Carrera curs\u00e9 varias asignaturas sobre actividad f\u00edsica en poblaciones especiales y realic\u00e9 pr\u00e1cticas con personas con discapacidad, lo cual me aportaba una gran satisfacci\u00f3n personal. Pero el paso definitivo lo di en noviembre de 2007 cuando comenc\u00e9 a trabajar en el Centro de Referencia Estatal de Discapacidad y Dependencia de San Andr\u00e9s del Rabanedo, en el que ejerzo de responsable del \u00e1rea de deporte adaptado. Bien es cierto que si no me hubiese cruzado en el camino con personas, como mi profesora Ana Alejandre, mi directora de centro Nuria Mendoza o mi compa\u00f1ero de Fecledmi Juan Carlos Alc\u00e1ntara, no tendr\u00eda la dedicaci\u00f3n que tengo ahora hacia este deporte y, por supuesto, gracias a ellos puedo decir que estoy hoy aqu\u00ed.<\/p>\n<p align=\"justify\"><strong>Llevas casi dos a\u00f1os trabajando con Chema Dueso, \u00bfcu\u00e1les fueron las circunstancias que hicieron confluir vuestros caminos?<\/strong><\/p>\n<p align=\"justify\">Gracias a un convenio con el Comit\u00e9 Paral\u00edmpico Espa\u00f1ol se comienza a dar la oportunidad a deportistas de alto nivel a alojarse en el CRE de Le\u00f3n y disfrutar de las oportunidades que este Centro ofrece a deportistas con grave discapacidad. En un primer momento, es Manuel \u00c1ngel Mart\u00edn, deportista de la modalidad de boccia, el que comienza a entrenar bajo mi supervisi\u00f3n. De esta manera se me ofrece la oportunidad de participar en los entrenamientos de la Selecci\u00f3n Espa\u00f1ola de Boccia y es ah\u00ed donde conozco a Chema. Empezamos a compartir impresiones sobre el trabajo y entrenamiento diario, y es al a\u00f1o siguiente cuando decide probar nuevas experiencias y comenzar esta etapa con nosotros.<\/p>\n<p align=\"justify\"><strong>Y a grandes rasgos, \u00bfen qu\u00e9 ha consistido el entrenamiento de Chema durante estos dos \u00faltimos a\u00f1os?<\/strong><\/p>\n<p>La idea general ha sido desarrollar un programa b\u00e1sico de entrenamiento deportivo, comenzando con gran volumen en la fase inicial y finalizando la temporada disminuyendo el volumen y aumentando la intensidad. Hemos introducido bastante trabajo de condici\u00f3n f\u00edsica y hemos intentado realizar un trabajo t\u00e9cnico y t\u00e1ctico que no fuera excesivamente mon\u00f3tono, ya que las temporadas son muy largas. Toda la parte t\u00e9cnica y t\u00e1ctica ha estado apoyada en todo momento por el seleccionador nacional Xavier D\u00edaz, persona de la que se puede aprender much\u00edsimo sobre el deporte de la boccia. Una de las partes fundamentales de nuestro entrenamiento durante estos dos a\u00f1os ha sido la parte psicol\u00f3gica, con el objetivo de lograr un nivel de activaci\u00f3n \u00f3ptimo en competici\u00f3n y durante el entrenamiento. Creo que el CRE se ha convertido en un impuslo para Chema Dueso.<\/p>\n<p align=\"justify\"><strong>\u00bfC\u00f3mo ves a Chema de cara a los Juegos?<\/strong><\/p>\n<p align=\"justify\">Tan solo un deportista sabe lo que es estar en una competici\u00f3n internacional, y m\u00e1s trat\u00e1ndose de unos Juegos Paral\u00edmpicos. Puedes tener claro que has trabajado correctamente y que conoces de d\u00f3nde parten tus rivales, pero esto son unas Paralimpiadas e implica controlar muchas variables que en la mayor\u00eda de los casos son psicol\u00f3gicas, por lo tanto, debemos mantener la mente en su estado \u00f3ptimo para que esto sea lo que marque la diferencia. No obstante, creemos que est\u00e1 bien preparado tanto t\u00e9cnica como t\u00e1cticamente, y adem\u00e1s est\u00e1 muy ilusionado por demostrarlo.<\/p>\n<p align=\"justify\"><strong>\u00bfCu\u00e1l es vuestro objetivo a nivel competitivo?<\/strong><\/p>\n<p align=\"justify\">Durante estos 2 a\u00f1os hemos aprendido a conocernos, a trabajar en equipo y pulir d\u00eda a d\u00eda esos mil\u00edmetros que separan a un deportista de otro. Nuestra filosof\u00eda se ha basado en avanzar \u201cpaso a paso\u201d y por lo tanto, seguimos manteni\u00e9ndolo durante los pocos d\u00edas que quedan. Ser\u00eda ideal decir que nuestro objetivo es conseguir una medalla, o incluso el oro, pero somos realistas y hay que mantener la mente fr\u00eda. Todo deportista compite para ganar y conseguir el mejor puesto y en nuestro caso no es diferente, pero la boccia no es un deporte en el que haya una marca, un tiempo que te ayude a valorar el punto de partida y final, por lo tanto nuestro objetivo es ganar posiciones bola a bola y partido a partido.<\/p>\n<p align=\"justify\"><strong>\u00bfQu\u00e9 momento crees que ser\u00e1 el m\u00e1s emocionante en Londres?<\/strong><\/p>\n<p align=\"justify\">(Suspira) Solo pensar en ir a Londres me emociona\u2026, as\u00ed que no sabr\u00eda decirte. La verdad es que, por un lado, me apetece poder disfrutar de todo, estar all\u00ed, pasear por la Villa, conocer a gente de otros pa\u00edses, ver deportes que nunca he visto en vivo\u2026, pero por otro lado tengo muy claro que vamos a trabajar, y para ello debemos estar centrados en las rutinas que tenemos establecidas, as\u00ed que no pienso demasiado en todo lo dem\u00e1s. Para m\u00ed son los primeros Juegos y solo la experiencia en s\u00ed ser\u00e1 inolvidable, as\u00ed que mejor me repites la pregunta cuando regresemos, (r\u00ede).<\/p>\n","protected":false},"excerpt":{"rendered":"<p>\u00b7 La entrenadora del jugador de boccia, Mar\u00eda Rubiera, asegura que el Centro de Referencia Estatal de la Discapacidad y Dependencia de San Andr\u00e9s de Rabanedo ha potenciado la habilidad de un paral\u00edmpico que aspira a lograr el oro en Londres \u00b7 Dueso luchar\u00e1 por las medallas con la vitola de campe\u00f3n de Europa y [&hellip;]<\/p>\n","protected":false},"author":27,"featured_media":0,"comment_status":"open","ping_status":"closed","sticky":false,"template":"","format":"standard","meta":[],"categories":[4],"tags":[],"_links":{"self":[{"href":"https:\/\/blogs.elnortedecastilla.es\/tierraparalimpica\/wp-json\/wp\/v2\/posts\/30"}],"collection":[{"href":"https:\/\/blogs.elnortedecastilla.es\/tierraparalimpica\/wp-json\/wp\/v2\/posts"}],"about":[{"href":"https:\/\/blogs.elnortedecastilla.es\/tierraparalimpica\/wp-json\/wp\/v2\/types\/post"}],"author":[{"embeddable":true,"href":"https:\/\/blogs.elnortedecastilla.es\/tierraparalimpica\/wp-json\/wp\/v2\/users\/27"}],"replies":[{"embeddable":true,"href":"https:\/\/blogs.elnortedecastilla.es\/tierraparalimpica\/wp-json\/wp\/v2\/comments?post=30"}],"version-history":[{"count":0,"href":"https:\/\/blogs.elnortedecastilla.es\/tierraparalimpica\/wp-json\/wp\/v2\/posts\/30\/revisions"}],"wp:attachment":[{"href":"https:\/\/blogs.elnortedecastilla.es\/tierraparalimpica\/wp-json\/wp\/v2\/media?parent=30"}],"wp:term":[{"taxonomy":"category","embeddable":true,"href":"https:\/\/blogs.elnortedecastilla.es\/tierraparalimpica\/wp-json\/wp\/v2\/categories?post=30"},{"taxonomy":"post_tag","embeddable":true,"href":"https:\/\/blogs.elnortedecastilla.es\/tierraparalimpica\/wp-json\/wp\/v2\/tags?post=30"}],"curies":[{"name":"wp","href":"https:\/\/api.w.org\/{rel}","templated":true}]}}