{"id":33,"date":"2012-08-20T13:06:54","date_gmt":"2012-08-20T13:06:54","guid":{"rendered":"http:\/\/blogs.elnortedecastilla.es\/tierraparalimpica\/?p=33"},"modified":"2012-08-20T13:06:54","modified_gmt":"2012-08-20T13:06:54","slug":"33","status":"publish","type":"post","link":"https:\/\/blogs.elnortedecastilla.es\/tierraparalimpica\/2012\/08\/20\/33\/","title":{"rendered":"Unidos por el grito de guerra"},"content":{"rendered":"<p style=\"text-align: right;\"><img loading=\"lazy\" class=\"alignright\" style=\"vertical-align: text-top; margin: 10px; border: 5px solid RED;\" src=\"\/tierraparalimpica\/wp-content\/uploads\/sites\/17\/2012\/08\/SILUETEAR-FIRMA-ESTER-COLOR1.jpg\" alt=\"\" width=\"84\" height=\"145\" \/><em><strong><span style=\"color: #000000;\">De PEK\u00cdN a LONDRES<\/span><\/strong><\/em><br \/>\n<span style=\"font-size: xx-small;\">ESTER RODR\u00cdGUEZ<\/span><\/p>\n<p>&nbsp;<\/p>\n<p>&nbsp;<\/p>\n<p>&nbsp;<\/p>\n<p>&nbsp;<\/p>\n<p align=\"justify\"><span style=\"font-size: xx-large;\"><strong>A<\/strong><\/span>ctualmente y hasta este mi\u00e9rcoles 22 de agosto, la <strong>seleccion paralimpica de nataci\u00f3n<\/strong> pone el toque final en las piscina de Sant Cugat. En el combinado nacional se encuentra <a href=\"https:\/\/blogs.elnortedecastilla.es\/tierraparalimpica\/2012\/07\/24\/la-alumna-aventajada\/\" target=\"_blank\">Amaya Alonso<\/a>, nuestra representante castellano y leonesa.<\/p>\n<p align=\"justify\">Amaya va participar, pese <strong>a la juventud de sus 23 a\u00f1os<\/strong>, en <strong>sus segundos Juegos<\/strong>, y los afronta con incluso m\u00e1s ilusi\u00f3n que sus primeros, ya que <strong>puede subirse al podio<\/strong> en alguna de las pruebas en las que participar\u00e1, con especial atenci\u00f3n al <strong>400 estilos<\/strong>.<\/p>\n<p align=\"justify\">En este \u00faltimo ciclo, no hay tanto volumen de metros en la preparaci\u00f3n, aunque se mantienen las dos sesiones -con su respectivo gimnasio-, a las que se suman <strong>jornadas de motivaci\u00f3n<\/strong>, incluso v\u00eddeos de los entrenamientos para dar las ultimas pinceladas a la t\u00e9cnica. En una cita como la paral\u00edmpica, no solo el cuerpo va a nadar, <strong>tener una buena cabeza va a ser fundamental<\/strong>.<\/p>\n<p align=\"justify\">Uno de los momentos m\u00e1s sentidos y m\u00e1s identificativos de esta selecci\u00f3n se produce cada ma\u00f1ana. Los nadadores <strong>al meterse en el agua hacen su grito de guerra<\/strong> y ven c\u00f3mo la cuenta atr\u00e1s empieza a ir m\u00e1s y m\u00e1s r\u00e1pido. Se esfuma la leyenda urbada de la dieta espartana, gracias al &#8216;set service&#8217; del comedor, al que le siguen las siestas, b\u00e1sicas para lograr un descanso adecuado.<\/p>\n<p align=\"justify\"><strong>El pr\u00f3ximo s\u00e1bado empieza su sue\u00f1o<\/strong>. Pondr\u00e1n rumbo a Londres, despu\u00e9s del <strong>recibimiento en La Moncloa<\/strong>. Ser\u00e1 el pre\u00e1mbulo de una ceremonia de inauguraci\u00f3n que esperan con anhelo. La ceremonia de los Juegos Ol\u00edmpicos fue motivo de reuni\u00f3n para todos los componentes del combinado paral\u00edmpico. <strong>La vieron todos reunidos sin perderse detalle en la concentraci\u00f3n de Sierra Nevada<\/strong>, donde entrenaron en altura 21 d\u00edas. Un esfuerzo para llegar a punto al <strong>Aquarium Center de Londres<\/strong>. \u00a1Ay qu\u00e9 recuerdos de aquel &#8216;cubo&#8217; de Pek\u00edn!<\/p>\n<p align=\"justify\">Desde la cita china y pese a la crisis econ\u00f3mica se ha producido <strong>un mayor apoyo de las empresas e instituciones<\/strong>. Adem\u00e1s, existe una mayor profesionalizacion deportiva y solo queda esperar un mayor apoyo medi\u00e1tico a nuestros representantes.<\/p>\n<p align=\"justify\">Londres es un buen destino. No habr\u00e1 rasto de &#8216;jet lag&#8217; -a nosotros nos marc\u00f3 en Pek\u00edn-. El idioma no va a ser un problema y el clima es similar al de Espa\u00f1a. La selecci\u00f3n y todos sus componentes tendr\u00e1n d\u00edas para poder ver los lugares emblematicos de la capital londinense y <strong>la contaminacion no ser\u00e1 ese problema que se evidenci\u00f3 en Beijing<\/strong>. Definitivamente, creo que s\u00ed, <strong>Londres ser\u00e1 una oportunidad para que disfruten y nos hagan disfruta<\/strong>r.<\/p>\n","protected":false},"excerpt":{"rendered":"<p>De PEK\u00cdN a LONDRES ESTER RODR\u00cdGUEZ &nbsp; &nbsp; &nbsp; &nbsp; Actualmente y hasta este mi\u00e9rcoles 22 de agosto, la seleccion paralimpica de nataci\u00f3n pone el toque final en las piscina de Sant Cugat. En el combinado nacional se encuentra Amaya Alonso, nuestra representante castellano y leonesa. Amaya va participar, pese a la juventud de sus [&hellip;]<\/p>\n","protected":false},"author":27,"featured_media":0,"comment_status":"open","ping_status":"closed","sticky":false,"template":"","format":"standard","meta":[],"categories":[4],"tags":[],"_links":{"self":[{"href":"https:\/\/blogs.elnortedecastilla.es\/tierraparalimpica\/wp-json\/wp\/v2\/posts\/33"}],"collection":[{"href":"https:\/\/blogs.elnortedecastilla.es\/tierraparalimpica\/wp-json\/wp\/v2\/posts"}],"about":[{"href":"https:\/\/blogs.elnortedecastilla.es\/tierraparalimpica\/wp-json\/wp\/v2\/types\/post"}],"author":[{"embeddable":true,"href":"https:\/\/blogs.elnortedecastilla.es\/tierraparalimpica\/wp-json\/wp\/v2\/users\/27"}],"replies":[{"embeddable":true,"href":"https:\/\/blogs.elnortedecastilla.es\/tierraparalimpica\/wp-json\/wp\/v2\/comments?post=33"}],"version-history":[{"count":0,"href":"https:\/\/blogs.elnortedecastilla.es\/tierraparalimpica\/wp-json\/wp\/v2\/posts\/33\/revisions"}],"wp:attachment":[{"href":"https:\/\/blogs.elnortedecastilla.es\/tierraparalimpica\/wp-json\/wp\/v2\/media?parent=33"}],"wp:term":[{"taxonomy":"category","embeddable":true,"href":"https:\/\/blogs.elnortedecastilla.es\/tierraparalimpica\/wp-json\/wp\/v2\/categories?post=33"},{"taxonomy":"post_tag","embeddable":true,"href":"https:\/\/blogs.elnortedecastilla.es\/tierraparalimpica\/wp-json\/wp\/v2\/tags?post=33"}],"curies":[{"name":"wp","href":"https:\/\/api.w.org\/{rel}","templated":true}]}}