{"id":38,"date":"2012-08-24T10:34:27","date_gmt":"2012-08-24T10:34:27","guid":{"rendered":"http:\/\/blogs.elnortedecastilla.es\/tierraparalimpica\/?p=38"},"modified":"2012-08-24T10:34:27","modified_gmt":"2012-08-24T10:34:27","slug":"ser-la-abandera-es-el-premio-a-la-lucha-de-todos-estos-anos","status":"publish","type":"post","link":"https:\/\/blogs.elnortedecastilla.es\/tierraparalimpica\/2012\/08\/24\/ser-la-abandera-es-el-premio-a-la-lucha-de-todos-estos-anos\/","title":{"rendered":"\u00abSer la abanderada es el premio a la lucha de todos estos a\u00f1os\u00bb"},"content":{"rendered":"<p><strong>\u00b7 La nadadora ma\u00f1a Teresa Perales ser\u00e1 la abanderada en el desfile de inauguraci\u00f3n de los Juegos Paral\u00edmpicos que comenzar\u00e1n el pr\u00f3ximo mi\u00e9rcoles 29 de agosto<br \/>\n<\/strong><\/p>\n<p><strong>\u00b7 La comitiva espa\u00f1ola acude con 127 deportistas y Castilla y Le\u00f3n estar\u00e1 representada por seis deportistas, todos con opci\u00f3n a conseguir alguna medalla<\/strong><\/p>\n<p>&nbsp;<\/p>\n<p><img loading=\"lazy\" class=\"aligncenter\" style=\"vertical-align: text-top; margin-left: 5px; margin-right: 5px;\" src=\"\/\/static.ellahoy.es\/625X0\/www\/ellahoy\/es\/img\/Maria-Teresa-Perales-sera-la-abanderada-espanola-en-los-Juegos-Paralimpicos-2012.jpg\" alt=\"\" width=\"647\" height=\"374\" \/><br \/>\n<em>David F. Atienzar |<\/em><\/p>\n<p align=\"justify\">Era de justicia.<strong> La nadadora paral\u00edmpica Teresa Perales ha sido la elegida para ser la abanderada<\/strong> de la delegaci\u00f3n espa\u00f1ola en la ceremonia de inauguraci\u00f3n de los Juegos Paral\u00edmpicos de Londres que comenzar\u00e1n el pr\u00f3ximo 29 de agosto.<\/p>\n<p align=\"justify\">La laureada deportista cuenta con la inigualable gesta de<strong> conseguir cinco medallas, tres de ellas de oro, dos r\u00e9cords del mundo y un r\u00e9cord paral\u00edmpico<\/strong> en los mismos Juegos, los de <strong>Pek\u00edn 2008<\/strong>. Este hito le acerc\u00f3 al r\u00e9cord de <strong>convertirse en la deportista paral\u00edmpica espa\u00f1ola con m\u00e1s medallas de la historia<\/strong>, ahora en manos de la burgalesa Purificaci\u00f3n Santamarta con 16, y que espera superar en Londres, ya que aspira a conseguir nada menos que seis preseas. La deportista aragonesa, adem\u00e1s, ha sido diputada en las Cortes de Arag\u00f3n, directora general de Atenci\u00f3n a la Dependencia en el Gobierno regional y asesora en el Ayuntamiento de Zaragoza.<\/p>\n<p align=\"justify\">Actualmente, es miembro del Consejo de Deportistas del Comit\u00e9 Paral\u00edmpico Internacional y <strong>representa los intereses de la candidatura de Madrid 2020<\/strong>. Con este impresionante curr\u00edculum, no era de extra\u00f1ar que Perales fuese quien encabezase al equipo espa\u00f1ol durante el desfile inaugural en el Estadio Ol\u00edmpico de Londres. &#8220;No pens\u00e9 que me emocionar\u00eda tanto ser abanderada. Significa mucho en lo deportivo, pero tambi\u00e9n en lo emocional porque es el premio a todo por lo que he luchado durante estos a\u00f1os\u201d, ha comentado Perales en unas declaraciones concedidas a Efe.<\/p>\n<p align=\"justify\">La nadadora zaragozana tambi\u00e9n conf\u00eda en el resto del equipo espa\u00f1ol. \u201cTenemos un equipo joven que apunta muy alto\u201d, indica Perales. Entre ellos, se encuentran <strong>dos nadadores de Castilla y Le\u00f3n: Amaya Alonso y Alejandro S\u00e1nchez.<\/strong> La vallisoletana se enfrenta a sus segundos Juegos Paral\u00edmpicos con la esperanza de subirse al p\u00f3dium en alguna de sus pruebas. El salmantino Alejandro S\u00e1nchez, por otro lado, espera mejorar sus marcas con la vista puesta en el bronce conseguido en los anteriores Juegos de Pek\u00edn. Algo que ser\u00e1 dif\u00edcil, pero para lo que no escatimar\u00e1n esfuerzo. <strong>La representaci\u00f3n castellano y leonesa la completan la judoca Marta Arce, el jugador de baloncesto en silla de ruedas Daniel Rodr\u00edguez, el ciclista Aitor Oroza y el jugador de boccia Chema Dueso,<\/strong> todos ellos con opciones de conseguir medalla en la cita londinense.<\/p>\n<p align=\"justify\">En total, la delegaci\u00f3n espa\u00f1ola contar\u00e1 con <strong>127 deportistas con discapacidad<\/strong>, en unos Juegos en los que participar\u00e1n 4000 deportistas de 164 pa\u00edses diferentes durante 12 d\u00edas de competici\u00f3n. Se disputar\u00e1n pruebas en las 20 modalidades oficiales del programa deportivo paral\u00edmpico de verano: atletismo, baloncesto en silla de ruedas, boccia, ciclismo, esgrima en silla de ruedas, f\u00fatbol 5, f\u00fatbol 7, goalball, judo, halterofilia, h\u00edpica, nataci\u00f3n, remo, tenis de mesa, tenis en silla de ruedas, tiro con arco, tiro ol\u00edmpico, rugby en silla de ruedas, vela y voleibol sentado.<\/p>\n<p align=\"justify\">En 15 de ellas participar\u00e1 la selecci\u00f3n espa\u00f1ola, que intentar\u00e1 <strong>superar las 58 medallas conseguidas en los Juegos de Pek\u00edn de 2008<\/strong> y que le sirvieron para auparse hasta el d\u00e9cimo puesto del r\u00e1nking general. La nataci\u00f3n y el ciclismo seguir\u00e1n siendo nuestros baluartes. No en vano, 42 de las medallas conseguidas en Pek\u00edn provinieron de estas modalidades. A nuestra abanderada, hay que a\u00f1adir los nombres propios de los nadadores Enhamed Enhamed y Richard Oribe, y de los ciclistas Juanjo M\u00e9ndez, Christian Venge y Raquel Acinas, todos ellos favoritos en sus modalidades. Aunque no ser\u00e1 una tarea f\u00e1cil. Enfrente tendr\u00e1n a combinados tan potentes como China, Reino Unido o Estados Unidos, los grandes favoritos de la cita de 2012.<\/p>\n","protected":false},"excerpt":{"rendered":"<p>\u00b7 La nadadora ma\u00f1a Teresa Perales ser\u00e1 la abanderada en el desfile de inauguraci\u00f3n de los Juegos Paral\u00edmpicos que comenzar\u00e1n el pr\u00f3ximo mi\u00e9rcoles 29 de agosto \u00b7 La comitiva espa\u00f1ola acude con 127 deportistas y Castilla y Le\u00f3n estar\u00e1 representada por seis deportistas, todos con opci\u00f3n a conseguir alguna medalla &nbsp; David F. Atienzar | [&hellip;]<\/p>\n","protected":false},"author":27,"featured_media":0,"comment_status":"open","ping_status":"closed","sticky":false,"template":"","format":"standard","meta":[],"categories":[4],"tags":[],"_links":{"self":[{"href":"https:\/\/blogs.elnortedecastilla.es\/tierraparalimpica\/wp-json\/wp\/v2\/posts\/38"}],"collection":[{"href":"https:\/\/blogs.elnortedecastilla.es\/tierraparalimpica\/wp-json\/wp\/v2\/posts"}],"about":[{"href":"https:\/\/blogs.elnortedecastilla.es\/tierraparalimpica\/wp-json\/wp\/v2\/types\/post"}],"author":[{"embeddable":true,"href":"https:\/\/blogs.elnortedecastilla.es\/tierraparalimpica\/wp-json\/wp\/v2\/users\/27"}],"replies":[{"embeddable":true,"href":"https:\/\/blogs.elnortedecastilla.es\/tierraparalimpica\/wp-json\/wp\/v2\/comments?post=38"}],"version-history":[{"count":0,"href":"https:\/\/blogs.elnortedecastilla.es\/tierraparalimpica\/wp-json\/wp\/v2\/posts\/38\/revisions"}],"wp:attachment":[{"href":"https:\/\/blogs.elnortedecastilla.es\/tierraparalimpica\/wp-json\/wp\/v2\/media?parent=38"}],"wp:term":[{"taxonomy":"category","embeddable":true,"href":"https:\/\/blogs.elnortedecastilla.es\/tierraparalimpica\/wp-json\/wp\/v2\/categories?post=38"},{"taxonomy":"post_tag","embeddable":true,"href":"https:\/\/blogs.elnortedecastilla.es\/tierraparalimpica\/wp-json\/wp\/v2\/tags?post=38"}],"curies":[{"name":"wp","href":"https:\/\/api.w.org\/{rel}","templated":true}]}}